{"id":3407,"date":"2024-06-28T12:01:16","date_gmt":"2024-06-28T10:01:16","guid":{"rendered":"https:\/\/cafeprensa.com.ar\/?p=3407"},"modified":"2024-06-28T12:01:16","modified_gmt":"2024-06-28T10:01:16","slug":"cisneros-apunto-contra-la-gestion-de-bullrich","status":"publish","type":"post","link":"https:\/\/cafeprensa.com.ar\/index.php\/2024\/06\/28\/cisneros-apunto-contra-la-gestion-de-bullrich\/","title":{"rendered":"Cisneros apunt\u00f3 contra la gesti\u00f3n de Bullrich"},"content":{"rendered":"<p class=\"title\">\u00abBukelismo de segunda que no llevar\u00e1 a buen puerto\u00bb<\/p>\n<p class=\"description separatorlines\">\u00abSe deber\u00eda citar a Bullrich a esta C\u00e1mara para que d\u00e9 explicaciones por las torpezas que viene cometiendo\u00bb, expres\u00f3 el diputado por Tucum\u00e1n.<\/p>\n<div class=\"at-vc\">\n<div id=\"vsmcontent\" class=\"content vsmcontent\">\n<p>El diputado nacional\u00a0<b>Carlos Cisneros<\/b>\u00a0lanz\u00f3 duras cr\u00edticas hacia la gesti\u00f3n de\u00a0<b>Patricia Bullrich<\/b>, ministra de Seguridad de la Naci\u00f3n: \u00abBukelismo de segunda\u00bb.<\/p>\n<p>Durante la sesi\u00f3n de tratamiento de la\u00a0<b>Ley Bases<\/b>, Cisneros utiliz\u00f3 su cuesti\u00f3n de privilegio para recordar la represi\u00f3n sufrida por legisladores durante una movilizaci\u00f3n frente al\u00a0<b>Congreso<\/b>, coincidiendo con el debate del proyecto en el Senado.<\/p>\n<p class=\"background-main-color-box\"><em><strong>Carlos Cisneros critica a Patricia Bullrich: \u00abBukelismo de segunda que no llevar\u00e1 a buen puerto\u00bb<\/strong><\/em><\/p>\n<p><b>Cisneros<\/b>, representante de UxP, tambi\u00e9n solicit\u00f3 la citaci\u00f3n de\u00a0<b>Bullrich<\/b>\u00a0a la C\u00e1mara para que explique las decisiones que considera err\u00f3neas: \u00abSe deber\u00eda citar a la ministra a esta C\u00e1mara para que d\u00e9 explicaciones por las torpezas que viene cometiendo. Este\u00a0<i>bukelismo<\/i>\u00a0de segunda calidad no nos llevar\u00e1 a buen puerto\u00bb, expres\u00f3 el legislador.<\/p>\n<figure class=\"vsmwidget widget-type-instagram\" contenteditable=\"false\"><iframe id=\"instagram-embed-0\" class=\"instagram-media instagram-media-rendered\" src=\"https:\/\/www.instagram.com\/reel\/C8utfuuuyqw\/embed\/captioned\/?cr=1&amp;v=14&amp;wp=540&amp;rd=https%3A%2F%2Fwww.enteratenoticias.com.ar&amp;rp=%2Fpolitica-3231%2Fcisneros-critico-la-gestion-de-bullrich-bukelismo-de-segunda-que-no-llevara-a-buen-puerto%2F#%7B%22ci%22%3A0%2C%22os%22%3A873.4000000953674%2C%22ls%22%3A465%2C%22le%22%3A866%7D\" height=\"1311\" frameborder=\"0\" scrolling=\"no\" allowfullscreen=\"allowfullscreen\" data-instgrm-payload-id=\"instagram-media-payload-0\" data-mce-fragment=\"1\"><\/iframe><\/figure>\n<\/div>\n<\/div>\n","protected":false},"excerpt":{"rendered":"<p>\u00abBukelismo de segunda que no llevar\u00e1 a buen puerto\u00bb \u00abSe deber\u00eda citar a Bullrich a esta C\u00e1mara para que d\u00e9 explicaciones por las torpezas que viene cometiendo\u00bb, expres\u00f3 el diputado por Tucum\u00e1n. El diputado nacional\u00a0Carlos Cisneros\u00a0lanz\u00f3 duras cr\u00edticas hacia la gesti\u00f3n de\u00a0Patricia Bullrich, ministra de Seguridad de la Naci\u00f3n: \u00abBukelismo de segunda\u00bb. Durante la sesi\u00f3n &hellip;<\/p>\n","protected":false},"author":2,"featured_media":3408,"comment_status":"open","ping_status":"open","sticky":false,"template":"","format":"standard","meta":{"footnotes":""},"categories":[54,33],"tags":[856,910,249],"class_list":["post-3407","post","type-post","status-publish","format-standard","has-post-thumbnail","hentry","category-interes-ganeral","category-nacionales","tag-bullrich","tag-cisneros","tag-diputados"],"_links":{"self":[{"href":"https:\/\/cafeprensa.com.ar\/index.php\/wp-json\/wp\/v2\/posts\/3407","targetHints":{"allow":["GET"]}}],"collection":[{"href":"https:\/\/cafeprensa.com.ar\/index.php\/wp-json\/wp\/v2\/posts"}],"about":[{"href":"https:\/\/cafeprensa.com.ar\/index.php\/wp-json\/wp\/v2\/types\/post"}],"author":[{"embeddable":true,"href":"https:\/\/cafeprensa.com.ar\/index.php\/wp-json\/wp\/v2\/users\/2"}],"replies":[{"embeddable":true,"href":"https:\/\/cafeprensa.com.ar\/index.php\/wp-json\/wp\/v2\/comments?post=3407"}],"version-history":[{"count":1,"href":"https:\/\/cafeprensa.com.ar\/index.php\/wp-json\/wp\/v2\/posts\/3407\/revisions"}],"predecessor-version":[{"id":3409,"href":"https:\/\/cafeprensa.com.ar\/index.php\/wp-json\/wp\/v2\/posts\/3407\/revisions\/3409"}],"wp:featuredmedia":[{"embeddable":true,"href":"https:\/\/cafeprensa.com.ar\/index.php\/wp-json\/wp\/v2\/media\/3408"}],"wp:attachment":[{"href":"https:\/\/cafeprensa.com.ar\/index.php\/wp-json\/wp\/v2\/media?parent=3407"}],"wp:term":[{"taxonomy":"category","embeddable":true,"href":"https:\/\/cafeprensa.com.ar\/index.php\/wp-json\/wp\/v2\/categories?post=3407"},{"taxonomy":"post_tag","embeddable":true,"href":"https:\/\/cafeprensa.com.ar\/index.php\/wp-json\/wp\/v2\/tags?post=3407"}],"curies":[{"name":"wp","href":"https:\/\/api.w.org\/{rel}","templated":true}]}}