{"id":3456,"date":"2024-06-29T16:59:31","date_gmt":"2024-06-29T14:59:31","guid":{"rendered":"https:\/\/cafeprensa.com.ar\/?p=3456"},"modified":"2024-06-29T17:50:33","modified_gmt":"2024-06-29T15:50:33","slug":"sandra-mendoza-adelanto-que-no-asistira-a-la-firma-del-pacto-de-mayo-no-sabes-si-milei-cumplira-con-el-acuerdo","status":"publish","type":"post","link":"https:\/\/cafeprensa.com.ar\/index.php\/2024\/06\/29\/sandra-mendoza-adelanto-que-no-asistira-a-la-firma-del-pacto-de-mayo-no-sabes-si-milei-cumplira-con-el-acuerdo\/","title":{"rendered":"Sandra Mendoza adelant\u00f3 que no asistir\u00e1 a la firma del Pacto de Mayo: \u00abNo sabes si Milei cumplir\u00e1 con el acuerdo\u00bb"},"content":{"rendered":"<p>La senadora nacional <strong>Sandra Mendoza<\/strong> en di\u00e1logo con Caf\u00e9 Prensa se refiri\u00f3 a su voto a la Ley de Bases en la C\u00e1mara Alta. La legisladora nacional detall\u00f3 el motivo de su decisi\u00f3n para votar en contra en general al proyecto y cu\u00e1les fueron los temas qu\u00e9 acompa\u00f1\u00f3 como los que rechaz\u00f3 en particular.<\/p>\n<p>Finalmente, analiz\u00f3 el contexto pol\u00edtico actual y se refiri\u00f3 a la gesti\u00f3n Javier Milei como a la del mandatario provincial, Osvaldo Jaldo y su relaci\u00f3n con el economista. Luego, se refiri\u00f3 a la situaci\u00f3n del PJ y su relaci\u00f3n con el senador Juan Manzur, con quien viaj\u00f3 recientemente a Estados Unidos. Como as\u00ed tambi\u00e9n, adelant\u00f3 que si bien, no mantuvo conversaciones \u00absobre invitaci\u00f3n al Pacto de Mayo, pero en lo personal considero que no es oportuno estar porque no sabes si Milei va a cumplir o no con el acuerdo\u00bb.<\/p>\n<p>Escucha la nota completa:<\/p>\n<audio class=\"wp-audio-shortcode\" id=\"audio-3456-1\" preload=\"none\" style=\"width: 100%;\" controls=\"controls\"><source type=\"audio\/mpeg\" src=\"https:\/\/cafeprensa.com.ar\/wp-content\/uploads\/2024\/06\/29-06-Sandra-Mendoza-Cafe-Prensa.mp3?_=1\" \/><a href=\"https:\/\/cafeprensa.com.ar\/wp-content\/uploads\/2024\/06\/29-06-Sandra-Mendoza-Cafe-Prensa.mp3\">https:\/\/cafeprensa.com.ar\/wp-content\/uploads\/2024\/06\/29-06-Sandra-Mendoza-Cafe-Prensa.mp3<\/a><\/audio>\n<p>&nbsp;<\/p>\n<p>&nbsp;<\/p>\n<p>&nbsp;<\/p>\n","protected":false},"excerpt":{"rendered":"<p>La senadora nacional Sandra Mendoza en di\u00e1logo con Caf\u00e9 Prensa se refiri\u00f3 a su voto a la Ley de Bases en la C\u00e1mara Alta. La legisladora nacional detall\u00f3 el motivo de su decisi\u00f3n para votar en contra en general al proyecto y cu\u00e1les fueron los temas qu\u00e9 acompa\u00f1\u00f3 como los que rechaz\u00f3 en particular. Finalmente, &hellip;<\/p>\n","protected":false},"author":2,"featured_media":3457,"comment_status":"open","ping_status":"open","sticky":false,"template":"","format":"standard","meta":{"footnotes":""},"categories":[34],"tags":[924,410,200,342,711,923,265,714,922,160,917],"class_list":["post-3456","post","type-post","status-publish","format-standard","has-post-thumbnail","hentry","category-locales","tag-camara-alta","tag-congreso-de-la-nacion","tag-javier-milei","tag-juan-manzur","tag-ley-de-bases","tag-moratoria","tag-osvaldo-jaldo","tag-sandra-mendoza","tag-senadora-nacional","tag-tucuman","tag-votacion"],"_links":{"self":[{"href":"https:\/\/cafeprensa.com.ar\/index.php\/wp-json\/wp\/v2\/posts\/3456","targetHints":{"allow":["GET"]}}],"collection":[{"href":"https:\/\/cafeprensa.com.ar\/index.php\/wp-json\/wp\/v2\/posts"}],"about":[{"href":"https:\/\/cafeprensa.com.ar\/index.php\/wp-json\/wp\/v2\/types\/post"}],"author":[{"embeddable":true,"href":"https:\/\/cafeprensa.com.ar\/index.php\/wp-json\/wp\/v2\/users\/2"}],"replies":[{"embeddable":true,"href":"https:\/\/cafeprensa.com.ar\/index.php\/wp-json\/wp\/v2\/comments?post=3456"}],"version-history":[{"count":4,"href":"https:\/\/cafeprensa.com.ar\/index.php\/wp-json\/wp\/v2\/posts\/3456\/revisions"}],"predecessor-version":[{"id":3462,"href":"https:\/\/cafeprensa.com.ar\/index.php\/wp-json\/wp\/v2\/posts\/3456\/revisions\/3462"}],"wp:featuredmedia":[{"embeddable":true,"href":"https:\/\/cafeprensa.com.ar\/index.php\/wp-json\/wp\/v2\/media\/3457"}],"wp:attachment":[{"href":"https:\/\/cafeprensa.com.ar\/index.php\/wp-json\/wp\/v2\/media?parent=3456"}],"wp:term":[{"taxonomy":"category","embeddable":true,"href":"https:\/\/cafeprensa.com.ar\/index.php\/wp-json\/wp\/v2\/categories?post=3456"},{"taxonomy":"post_tag","embeddable":true,"href":"https:\/\/cafeprensa.com.ar\/index.php\/wp-json\/wp\/v2\/tags?post=3456"}],"curies":[{"name":"wp","href":"https:\/\/api.w.org\/{rel}","templated":true}]}}