{"id":3506,"date":"2024-07-03T16:32:45","date_gmt":"2024-07-03T14:32:45","guid":{"rendered":"https:\/\/cafeprensa.com.ar\/?p=3506"},"modified":"2024-07-03T16:34:30","modified_gmt":"2024-07-03T14:34:30","slug":"rechazamos-el-nuevo-sistema-de-recaudacion-del-tem","status":"publish","type":"post","link":"https:\/\/cafeprensa.com.ar\/index.php\/2024\/07\/03\/rechazamos-el-nuevo-sistema-de-recaudacion-del-tem\/","title":{"rendered":"Gonzalez y Ale rechazan el nuevo sistema de recaudaci\u00f3n del Tributo Econ\u00f3mico Municipal (TEM)"},"content":{"rendered":"<p>Los concejales Ana Gonz\u00e1lez y Carlos Ale no descartan recurrir por v\u00eda judicial para objetar la disposici\u00f3n del municipio.<\/p>\n<p>Los concejales del alfarismo, <strong>Ana Gonz\u00e1lez\u00a0<\/strong>y\u00a0<strong>Carlos Ale<\/strong>, comunicaron su \u00abrotundo rechazo al nuevo sistema de recaudaci\u00f3n del Tributo Econ\u00f3mico Municipal (TEM)\u00bb implementado por la\u00a0<a href=\"https:\/\/www.lagaceta.com.ar\/tags\/673\/municipalidad-san-miguel-tucuman\" target=\"_blank\" rel=\"noopener noreferrer\" data-mrf-link=\"https:\/\/www.lagaceta.com.ar\/tags\/673\/municipalidad-san-miguel-tucuman\">Municipalidad de San Miguel de Tucum\u00e1n<\/a>. Seg\u00fan los ediles del bloque Compromiso Tucum\u00e1n, esta medida representa \u00abun golpe al comercio formal\u00bb y \u00abuna carga adicional que nos perjudica en un momento econ\u00f3mico ya dif\u00edcil, ya que como sabemos el aumento de impuestos y tasas se traslada a los precios que paga el ciudadano de a pie\u00bb.<\/p>\n<div class=\"col-xl-10\">\n<div class=\"articleBody\" data-mrf-recirculation=\"nota-link-embebed\">\n<p>Gonz\u00e1lez y Ale enumeraron las razones por las cuales est\u00e1n en contra de este r\u00e9gimen.<\/p>\n<p><img loading=\"lazy\" decoding=\"async\" class=\"alignnone size-medium wp-image-3508\" src=\"https:\/\/cafeprensa.com.ar\/wp-content\/uploads\/2024\/07\/WhatsApp-Image-2024-06-01-at-09.37.06-780x470-1-300x181.jpeg\" alt=\"\" width=\"300\" height=\"181\" srcset=\"https:\/\/cafeprensa.com.ar\/wp-content\/uploads\/2024\/07\/WhatsApp-Image-2024-06-01-at-09.37.06-780x470-1-300x181.jpeg 300w, https:\/\/cafeprensa.com.ar\/wp-content\/uploads\/2024\/07\/WhatsApp-Image-2024-06-01-at-09.37.06-780x470-1-768x463.jpeg 768w, https:\/\/cafeprensa.com.ar\/wp-content\/uploads\/2024\/07\/WhatsApp-Image-2024-06-01-at-09.37.06-780x470-1.jpeg 780w\" sizes=\"auto, (max-width: 300px) 100vw, 300px\" \/><\/p>\n<\/div>\n<\/div>\n<div class=\"col-xl-10\">\n<div class=\"articleBody\" data-mrf-recirculation=\"nota-link-embebed\">\n<p>Por un lado, dijeron que existe un crecimiento de la presi\u00f3n tributaria. \u00abEl nuevo sistema \u00a0implica un aumento efectivo (por percepciones bancarias) del impuesto del TEM del 1,25% al 2%, lo que representa un duro golpe para las finanzas del ya castigado sector privado\u00bb, se\u00f1alaron.<\/p>\n<\/div>\n<\/div>\n<div class=\"col-xl-10\">\n<div class=\"articleBody\" data-mrf-recirculation=\"nota-link-embebed\">\n<p>A\u00f1adieron el problema de la desigualdad frente al comercio legal. \u00abLa medida genera competencia desleal para quienes cumplen con sus obligaciones fiscales, desalentado adem\u00e1s, el uso de medios de pago modernos (QR, tarjetas de cr\u00e9dito, etc\u00e9tera)\u00bb, apuntaron.<\/p>\n<\/div>\n<\/div>\n<div class=\"col-xl-10\">\n<div class=\"articleBody\" data-mrf-recirculation=\"nota-link-embebed\">\n<p>Cuestionaron adem\u00e1s la falta de consenso. \u00abSe implement\u00f3 sin la consulta ni el acuerdo del sector empresarial, lo que demuestra un municipio de espaldas a quienes arriesgan por la actividad de nuestra ciudad\u00bb, expresaron Gonz\u00e1lez y Ale. Y advirtieron que esto \u00abes otra muestra de que el Ejecutivo municipal pretende gobernar sin el \u00f3rgano legislativo, al que anula cuando toma decisiones fiscales para las que resulta incompetente\u00bb.<\/p>\n<\/div>\n<\/div>\n<div class=\"col-xl-10\">\n<div class=\"articleBody\" data-mrf-recirculation=\"nota-link-embebed\">\n<p>Finalmente, advirtieron que est\u00e1n frente a una posible inconstitucionalidad de la disposici\u00f3n. \u00abJunto a los abogados del bloque analizamos la posibilidad de presentar planteos judiciales, ya que consideramos que el nuevo sistema es inconstitucional\u00bb, explicaron. Ante este escenario, Gonz\u00e1lez y Ale exigieron a la gesti\u00f3n de la intendenta <strong>Rossana Chahla\u00a0<\/strong>\u00abque reconsidere la medida y busque soluciones consensuadas con el sector empresarial, utilizando los mecanismos previstos y d\u00e1ndole a este Concejo la intervenci\u00f3n para la que resulta competente\u00bb.<\/p>\n<\/div>\n<\/div>\n<div class=\"col-xl-10\">\n<div class=\"articleBody\" data-mrf-recirculation=\"nota-link-embebed\">\n<p>\u00abEste nuevo sistema, lejos de facilitar el &#8216;cumplimiento de las obligaciones fiscales&#8217;, tiene como consecuencia un nuevo obst\u00e1culo para quienes pretenden trabajar y dar trabajo. Estamos convencidos que el camino es la reducci\u00f3n del gasto y nunca el aumento de la presi\u00f3n impositiva\u00bb, expresaron.<\/p>\n<\/div>\n<\/div>\n","protected":false},"excerpt":{"rendered":"<p>Los concejales Ana Gonz\u00e1lez y Carlos Ale no descartan recurrir por v\u00eda judicial para objetar la disposici\u00f3n del municipio. Los concejales del alfarismo, Ana Gonz\u00e1lez\u00a0y\u00a0Carlos Ale, comunicaron su \u00abrotundo rechazo al nuevo sistema de recaudaci\u00f3n del Tributo Econ\u00f3mico Municipal (TEM)\u00bb implementado por la\u00a0Municipalidad de San Miguel de Tucum\u00e1n. Seg\u00fan los ediles del bloque Compromiso Tucum\u00e1n, &hellip;<\/p>\n","protected":false},"author":2,"featured_media":3507,"comment_status":"open","ping_status":"open","sticky":false,"template":"","format":"standard","meta":{"footnotes":""},"categories":[54,34],"tags":[345,937,186],"class_list":["post-3506","post","type-post","status-publish","format-standard","has-post-thumbnail","hentry","category-interes-ganeral","category-locales","tag-ana-gonzalez","tag-carlos-ale","tag-rossana-chahla"],"_links":{"self":[{"href":"https:\/\/cafeprensa.com.ar\/index.php\/wp-json\/wp\/v2\/posts\/3506","targetHints":{"allow":["GET"]}}],"collection":[{"href":"https:\/\/cafeprensa.com.ar\/index.php\/wp-json\/wp\/v2\/posts"}],"about":[{"href":"https:\/\/cafeprensa.com.ar\/index.php\/wp-json\/wp\/v2\/types\/post"}],"author":[{"embeddable":true,"href":"https:\/\/cafeprensa.com.ar\/index.php\/wp-json\/wp\/v2\/users\/2"}],"replies":[{"embeddable":true,"href":"https:\/\/cafeprensa.com.ar\/index.php\/wp-json\/wp\/v2\/comments?post=3506"}],"version-history":[{"count":3,"href":"https:\/\/cafeprensa.com.ar\/index.php\/wp-json\/wp\/v2\/posts\/3506\/revisions"}],"predecessor-version":[{"id":3511,"href":"https:\/\/cafeprensa.com.ar\/index.php\/wp-json\/wp\/v2\/posts\/3506\/revisions\/3511"}],"wp:featuredmedia":[{"embeddable":true,"href":"https:\/\/cafeprensa.com.ar\/index.php\/wp-json\/wp\/v2\/media\/3507"}],"wp:attachment":[{"href":"https:\/\/cafeprensa.com.ar\/index.php\/wp-json\/wp\/v2\/media?parent=3506"}],"wp:term":[{"taxonomy":"category","embeddable":true,"href":"https:\/\/cafeprensa.com.ar\/index.php\/wp-json\/wp\/v2\/categories?post=3506"},{"taxonomy":"post_tag","embeddable":true,"href":"https:\/\/cafeprensa.com.ar\/index.php\/wp-json\/wp\/v2\/tags?post=3506"}],"curies":[{"name":"wp","href":"https:\/\/api.w.org\/{rel}","templated":true}]}}