{"id":3547,"date":"2024-07-06T02:28:13","date_gmt":"2024-07-06T00:28:13","guid":{"rendered":"https:\/\/cafeprensa.com.ar\/?p=3547"},"modified":"2024-07-06T02:28:13","modified_gmt":"2024-07-06T00:28:13","slug":"arnedo-reitero-su-apoyo-a-la-legalizacion-de-uber-y-demas-plataformas-electronicas-de-transporte","status":"publish","type":"post","link":"https:\/\/cafeprensa.com.ar\/index.php\/2024\/07\/06\/arnedo-reitero-su-apoyo-a-la-legalizacion-de-uber-y-demas-plataformas-electronicas-de-transporte\/","title":{"rendered":"Arnedo reiter\u00f3 su apoyo a la legalizaci\u00f3n de Uber y dem\u00e1s plataformas electr\u00f3nicas de transporte"},"content":{"rendered":"<div dir=\"auto\"><em><strong>\u00abDebemos garantizar la competencia leal, con reglas de juego claras e igualdad de condiciones para todos, pero respetando la decisi\u00f3n de los usuarios\u00bb,<\/strong><\/em> dijo el edil.<\/div>\n<div dir=\"auto\">El <em><strong>concejal capitalino Carlos Arnedo<\/strong><\/em> reafirm\u00f3 su postura a favor de la legalizaci\u00f3n de Uber y dem\u00e1s plataformas digitales que ofrecen servicios de transporte.\u00a0 <em><strong>\u00abTanto Uber como las dem\u00e1s plataformas digitales de transporte son fuentes genuinas de trabajo que hay que cuidar\u00bb, asegur\u00f3. Y afirm\u00f3 que \u00abEn otros pa\u00edses del mundo, como en distintas provincias del pa\u00eds, Uber funciona como un servicio m\u00e1s, y as\u00ed debe ser. La elecci\u00f3n debe ser siempre del usuario\u00bb.<\/strong><\/em><\/div>\n<div dir=\"auto\">En ese sentido, el edil destac\u00f3 \u00abla decisi\u00f3n pol\u00edtica del gobernador Osvaldo Jaldo y la intendenta Rossana Chahla de impulsar una actualizaci\u00f3n integral de la movilidad urbana en la ciudad y en la provincia\u00bb. <em><strong>\u00abTanto la Provincia como el Municipio est\u00e1n trabajando en la creaci\u00f3n de una Comisi\u00f3n Interpoderes para dar participaci\u00f3n a todos los actores intervinientes. Esto incluye a veh\u00edculos rurales, taxis, choferes de Uber y dem\u00e1s plataformas digitales\u00bb<\/strong><\/em>, explic\u00f3.<\/div>\n<div dir=\"auto\">Por otra parte, el edil, que en marzo de este a\u00f1o present\u00f3 un proyecto para la legalizaci\u00f3n y regularizaci\u00f3n de las plataformas electr\u00f3nicas de transporte en la capital, aclar\u00f3 que \u00abno es una cuesti\u00f3n de favoritismo por uno u otro sistema\u00bb. \u00abTanto los taxis como los dem\u00e1s servicios pueden coexistir libremente, prueba de ello son los taxis-Uber\u00bb, argument\u00f3. \u00abEl proyecto de ordenanza que present\u00e9 tiene por objetivo garantizar la competencia leal, con reglas de juego claras e igualdad de condiciones para todos, pero priorizando y respetando la decisi\u00f3n de los usuarios\u00bb, expres\u00f3.<\/div>\n<div dir=\"auto\">En ese marco, el concejal sostuvo que \u00abes el usuario quien debe tener el poder de elegir\u00bb. \u00abTomar un colectivo, un taxi, un Uber, o cualquier otra alternativa de transporte lo debe decidir el ciudadano seg\u00fan sus preferencias\u00bb, argument\u00f3.<\/div>\n<div dir=\"auto\">Finalmente, Arnedo sostuvo que tanto Uber como las dem\u00e1s plataformas brindan servicios que \u00aba pesar de las prohibiciones, contin\u00faan funcionando en la clandestinidad\u00bb. \u00abLos intentos por prohibir Uber fracasaron y fracasar\u00e1n siempre porque el usuario ya escogi\u00f3 ese servicio. Nuestro deber no es prohibir, sino reglamentar su uso en beneficio del usuario\u00bb, concluy\u00f3.<\/div>\n","protected":false},"excerpt":{"rendered":"<p>\u00abDebemos garantizar la competencia leal, con reglas de juego claras e igualdad de condiciones para todos, pero respetando la decisi\u00f3n de los usuarios\u00bb, dijo el edil. El concejal capitalino Carlos Arnedo reafirm\u00f3 su postura a favor de la legalizaci\u00f3n de Uber y dem\u00e1s plataformas digitales que ofrecen servicios de transporte.\u00a0 \u00abTanto Uber como las dem\u00e1s &hellip;<\/p>\n","protected":false},"author":2,"featured_media":3548,"comment_status":"open","ping_status":"open","sticky":false,"template":"","format":"standard","meta":{"footnotes":""},"categories":[54,34],"tags":[477,949,476,443,950,681,521],"class_list":["post-3547","post","type-post","status-publish","format-standard","has-post-thumbnail","hentry","category-interes-ganeral","category-locales","tag-arnedo","tag-capital-de-tucuman","tag-carlos","tag-concejo","tag-municipalidad-de-tcuman","tag-taxis","tag-uber"],"_links":{"self":[{"href":"https:\/\/cafeprensa.com.ar\/index.php\/wp-json\/wp\/v2\/posts\/3547","targetHints":{"allow":["GET"]}}],"collection":[{"href":"https:\/\/cafeprensa.com.ar\/index.php\/wp-json\/wp\/v2\/posts"}],"about":[{"href":"https:\/\/cafeprensa.com.ar\/index.php\/wp-json\/wp\/v2\/types\/post"}],"author":[{"embeddable":true,"href":"https:\/\/cafeprensa.com.ar\/index.php\/wp-json\/wp\/v2\/users\/2"}],"replies":[{"embeddable":true,"href":"https:\/\/cafeprensa.com.ar\/index.php\/wp-json\/wp\/v2\/comments?post=3547"}],"version-history":[{"count":1,"href":"https:\/\/cafeprensa.com.ar\/index.php\/wp-json\/wp\/v2\/posts\/3547\/revisions"}],"predecessor-version":[{"id":3549,"href":"https:\/\/cafeprensa.com.ar\/index.php\/wp-json\/wp\/v2\/posts\/3547\/revisions\/3549"}],"wp:featuredmedia":[{"embeddable":true,"href":"https:\/\/cafeprensa.com.ar\/index.php\/wp-json\/wp\/v2\/media\/3548"}],"wp:attachment":[{"href":"https:\/\/cafeprensa.com.ar\/index.php\/wp-json\/wp\/v2\/media?parent=3547"}],"wp:term":[{"taxonomy":"category","embeddable":true,"href":"https:\/\/cafeprensa.com.ar\/index.php\/wp-json\/wp\/v2\/categories?post=3547"},{"taxonomy":"post_tag","embeddable":true,"href":"https:\/\/cafeprensa.com.ar\/index.php\/wp-json\/wp\/v2\/tags?post=3547"}],"curies":[{"name":"wp","href":"https:\/\/api.w.org\/{rel}","templated":true}]}}