{"id":3550,"date":"2024-07-06T02:34:40","date_gmt":"2024-07-06T00:34:40","guid":{"rendered":"https:\/\/cafeprensa.com.ar\/?p=3550"},"modified":"2024-07-06T02:34:40","modified_gmt":"2024-07-06T00:34:40","slug":"duras-criticas-contra-el-diputado-nacional-roberto-sanchez","status":"publish","type":"post","link":"https:\/\/cafeprensa.com.ar\/index.php\/2024\/07\/06\/duras-criticas-contra-el-diputado-nacional-roberto-sanchez\/","title":{"rendered":"Duras cr\u00edticas contra el diputado nacional Roberto S\u00e1nchez,"},"content":{"rendered":"<p><em>El ex concejal de Yerba Buena puso en dudas la renovaci\u00f3n de la banca de diputado de S\u00e1nchez. <\/em>El dirigente peronista <em><strong>Alejandro Sangenis lanz\u00f3 duras cr\u00edticas contra el diputado nacional Roberto S\u00e1nchez,<\/strong> <\/em>acus\u00e1ndolo de inacci\u00f3n y desinter\u00e9s por la situaci\u00f3n econ\u00f3mica de las familias tucumanas. Seg\u00fan Sangenis, S\u00e1nchez ha estado en un \u00abextenso letargo\u00bb y ahora busca que el gobernador Osvaldo Jaldo, quien obtuvo la gobernaci\u00f3n con <em><strong>620.000 votos<\/strong><\/em>, le asigne alguna tarea para mantenerse ocupado.<\/p>\n<p>Sangenis subray\u00f3 que mientras S\u00e1nchez permanece en una <em><strong>\u00abpoltrona de privilegio\u00bb<\/strong> <\/em>sin trabajar ni pronunciarse sobre temas relevantes, el gobernador Jaldo est\u00e1 tomando medidas concretas para mejorar la situaci\u00f3n en la provincia. Estas acciones incluyen la obtenci\u00f3n de fondos para obras p\u00fablicas, inversiones en infraestructura y el cumplimiento de compromisos que benefician a la poblaci\u00f3n.<\/p>\n<p>Adem\u00e1s, Sangenis advirti\u00f3 a S\u00e1nchez que se prepare para el pr\u00f3ximo a\u00f1o, cuando deber\u00e1 renovar su puesto en el Congreso de la Naci\u00f3n, insinuando que su reelecci\u00f3n no est\u00e1 garantizada. <em><strong>Cuando hables, procura que tus palabras sean mejores que el silencio<\/strong><\/em>, le sugiri\u00f3 Sangenis al ex candidato a gobernador.<\/p>\n<p>Sangenis respondi\u00f3 de esta manera al documento firmador por la<em><strong> Uni\u00f3n C\u00edvica Radical, que lidera S\u00e1nchez,<\/strong><\/em> mediante el que solicitaba al gobernador a trabajar en pol\u00edticas de estado para la provincia, como la reforma pol\u00edtica, el acceso a la informaci\u00f3n como hab\u00eda prometido Jaldo durante la apertura de sesiones ordinarias.<\/p>\n","protected":false},"excerpt":{"rendered":"<p>El ex concejal de Yerba Buena puso en dudas la renovaci\u00f3n de la banca de diputado de S\u00e1nchez. El dirigente peronista Alejandro Sangenis lanz\u00f3 duras cr\u00edticas contra el diputado nacional Roberto S\u00e1nchez, acus\u00e1ndolo de inacci\u00f3n y desinter\u00e9s por la situaci\u00f3n econ\u00f3mica de las familias tucumanas. Seg\u00fan Sangenis, S\u00e1nchez ha estado en un \u00abextenso letargo\u00bb y &hellip;<\/p>\n","protected":false},"author":2,"featured_media":3551,"comment_status":"open","ping_status":"open","sticky":false,"template":"","format":"standard","meta":{"footnotes":""},"categories":[34,25],"tags":[951],"class_list":["post-3550","post","type-post","status-publish","format-standard","has-post-thumbnail","hentry","category-locales","category-politica","tag-alejandro-sangenis"],"_links":{"self":[{"href":"https:\/\/cafeprensa.com.ar\/index.php\/wp-json\/wp\/v2\/posts\/3550","targetHints":{"allow":["GET"]}}],"collection":[{"href":"https:\/\/cafeprensa.com.ar\/index.php\/wp-json\/wp\/v2\/posts"}],"about":[{"href":"https:\/\/cafeprensa.com.ar\/index.php\/wp-json\/wp\/v2\/types\/post"}],"author":[{"embeddable":true,"href":"https:\/\/cafeprensa.com.ar\/index.php\/wp-json\/wp\/v2\/users\/2"}],"replies":[{"embeddable":true,"href":"https:\/\/cafeprensa.com.ar\/index.php\/wp-json\/wp\/v2\/comments?post=3550"}],"version-history":[{"count":1,"href":"https:\/\/cafeprensa.com.ar\/index.php\/wp-json\/wp\/v2\/posts\/3550\/revisions"}],"predecessor-version":[{"id":3552,"href":"https:\/\/cafeprensa.com.ar\/index.php\/wp-json\/wp\/v2\/posts\/3550\/revisions\/3552"}],"wp:featuredmedia":[{"embeddable":true,"href":"https:\/\/cafeprensa.com.ar\/index.php\/wp-json\/wp\/v2\/media\/3551"}],"wp:attachment":[{"href":"https:\/\/cafeprensa.com.ar\/index.php\/wp-json\/wp\/v2\/media?parent=3550"}],"wp:term":[{"taxonomy":"category","embeddable":true,"href":"https:\/\/cafeprensa.com.ar\/index.php\/wp-json\/wp\/v2\/categories?post=3550"},{"taxonomy":"post_tag","embeddable":true,"href":"https:\/\/cafeprensa.com.ar\/index.php\/wp-json\/wp\/v2\/tags?post=3550"}],"curies":[{"name":"wp","href":"https:\/\/api.w.org\/{rel}","templated":true}]}}