{"id":3557,"date":"2024-07-06T03:36:53","date_gmt":"2024-07-06T01:36:53","guid":{"rendered":"https:\/\/cafeprensa.com.ar\/?p=3557"},"modified":"2024-07-06T03:36:53","modified_gmt":"2024-07-06T01:36:53","slug":"operativo-en-ruta-9","status":"publish","type":"post","link":"https:\/\/cafeprensa.com.ar\/index.php\/2024\/07\/06\/operativo-en-ruta-9\/","title":{"rendered":"Operativo en Ruta 9"},"content":{"rendered":"<p>Recuperan m\u00e1s de 400 neum\u00e1ticos y detienen a un grupo de personas.<br \/>\nLos ocupantes manifestaron que se dirig\u00edan de<em><strong> Tucum\u00e1n a C\u00f3rdoba<\/strong> <\/em>y que estaban hospedados en un Hotel con conocimiento del propietario.<\/p>\n<p><em><strong>Operativo en Ruta 9: recuperan m\u00e1s de 400 neum\u00e1ticos y detienen a un grupo de personas<\/strong><\/em><br \/>\n<em><strong>La Divisi\u00f3n Robo y Hurto del Departamento de Seguridad Ciudadana N\u00b09 de Loreto logr\u00f3 el secuestro de 448 neum\u00e1ticos y la detenci\u00f3n de varios individuos en un operativo en la Ruta Nacional N\u00b0 9<\/strong><\/em>. Los sospechosos se desplazaban en cinco veh\u00edculos y no pudieron presentar la documentaci\u00f3n correspondiente.<\/p>\n<p>En un operativo de la Divisi\u00f3n Robo y Hurto del Departamento de Seguridad Ciudadana N\u00b09 de Loreto, se logr\u00f3 el secuestro de 448 neum\u00e1ticos y la detenci\u00f3n de varios individuos. El hecho ocurri\u00f3 en la Ruta Nacional N\u00b09, entre calle Abs. Rojas y Av. J. B. Alberdi.<\/p>\n<p>Los efectivos policiales, durante un recorrido investigativo, observaron cinco veh\u00edculos desplaz\u00e1ndose de manera conjunta, con una actitud sospechosa de los ocupantes. Los veh\u00edculos ingresaron al estacionamiento de un hotel, donde los agentes se entrevistaron con el propietario, quien confirm\u00f3 que los ocupantes no estaban registrados como inquilinos y autoriz\u00f3 la intervenci\u00f3n policial.<\/p>\n<p><em><strong>Con la colaboraci\u00f3n de la Divisi\u00f3n de Prevenci\u00f3n, los oficiales identificaron a los ocupantes y sus veh\u00edculos: un hombre de 35 a\u00f1os, domiciliado en Tucum\u00e1n, conductor de un autom\u00f3vil marca Chevrolet modelo Cruze; un joven de 18 a\u00f1os, domiciliado en el Barrio Lomas Nuevas (Nueva Esperanza), conductor de una camioneta marca Toyota modelo Hilux; un masculino de 38 a\u00f1os de edad, domiciliado en Rio Piedras, quien conduc\u00eda una combi Sprinter, acompa\u00f1ado por un joven de 23 a\u00f1os, de Tucum\u00e1n; uno de 26 a\u00f1os, domiciliado en la Provincia de C\u00f3rdoba; y dos menores de 17 a\u00f1os de edad; un masculino de 38 a\u00f1os, domiciliado en Nueva Esperanza, quien conduc\u00eda una camioneta marca Peugeot partner patag\u00f3nica y un joven de 27 a\u00f1os, domiciliado en la Provincia de C\u00f3rdoba, conductor de un autom\u00f3vil marca Peugeot modelo partner.<\/strong><\/em><\/p>\n<p>En el procedimiento se secuestr\u00f3 la cantidad de 448 neum\u00e1ticos, que eran transportados en los diferentes veh\u00edculos. Los ocupantes manifestaron que se dirig\u00edan de Tucum\u00e1n a C\u00f3rdoba y que estaban hospedados en un Hotel con conocimiento del propietario.<\/p>\n<p>Tras notar el nerviosismo de los individuos y al solicitar la documentaci\u00f3n de los neum\u00e1ticos, estos no pudieron presentarla. Consultado el sistema SIFCOF, se descubri\u00f3 que uno de los ocupantes, ten\u00eda una causa pendiente por robo calificado en poblado y en banda, con prohibici\u00f3n de salir del pa\u00eds y de la provincia.<\/p>\n<p>La fiscal de turno, Dra. Fernanda Vittar, dispuso el secuestro de los neum\u00e1ticos y de los veh\u00edculos, as\u00ed como la aprehensi\u00f3n de los sospechosos. Los menores fueron entregados a su progenitora, esposa de uno de los detenidos. El procedimiento se realiz\u00f3 en presencia de testigos h\u00e1biles y se cont\u00f3 con la colaboraci\u00f3n de la Divisi\u00f3n de Prevenci\u00f3n. Los elementos secuestrados y los detenidos fueron trasladados a la sede policial.<\/p>\n<p><span style=\"font-size: 8pt;\"><em><strong>Fuente: El Liberal<\/strong><\/em><\/span><br \/>\n<span style=\"font-size: 8pt;\"><em><strong>https:\/\/www.elliberal.com.ar\/nota\/25287\/2024\/07\/operativo-en-ruta-9&#8211;recuperan-mas-de-400-neumaticos-y-detienen-a-un-grupo-de-personas<\/strong><\/em><\/span><\/p>\n","protected":false},"excerpt":{"rendered":"<p>Recuperan m\u00e1s de 400 neum\u00e1ticos y detienen a un grupo de personas. Los ocupantes manifestaron que se dirig\u00edan de Tucum\u00e1n a C\u00f3rdoba y que estaban hospedados en un Hotel con conocimiento del propietario. Operativo en Ruta 9: recuperan m\u00e1s de 400 neum\u00e1ticos y detienen a un grupo de personas La Divisi\u00f3n Robo y Hurto del &hellip;<\/p>\n","protected":false},"author":2,"featured_media":3558,"comment_status":"open","ping_status":"open","sticky":false,"template":"","format":"standard","meta":{"footnotes":""},"categories":[47,33],"tags":[954,511,955,953],"class_list":["post-3557","post","type-post","status-publish","format-standard","has-post-thumbnail","hentry","category-justicia","category-nacionales","tag-cubiertas","tag-gendarmeria-nacional","tag-operativo","tag-ruta-nueve"],"_links":{"self":[{"href":"https:\/\/cafeprensa.com.ar\/index.php\/wp-json\/wp\/v2\/posts\/3557","targetHints":{"allow":["GET"]}}],"collection":[{"href":"https:\/\/cafeprensa.com.ar\/index.php\/wp-json\/wp\/v2\/posts"}],"about":[{"href":"https:\/\/cafeprensa.com.ar\/index.php\/wp-json\/wp\/v2\/types\/post"}],"author":[{"embeddable":true,"href":"https:\/\/cafeprensa.com.ar\/index.php\/wp-json\/wp\/v2\/users\/2"}],"replies":[{"embeddable":true,"href":"https:\/\/cafeprensa.com.ar\/index.php\/wp-json\/wp\/v2\/comments?post=3557"}],"version-history":[{"count":1,"href":"https:\/\/cafeprensa.com.ar\/index.php\/wp-json\/wp\/v2\/posts\/3557\/revisions"}],"predecessor-version":[{"id":3559,"href":"https:\/\/cafeprensa.com.ar\/index.php\/wp-json\/wp\/v2\/posts\/3557\/revisions\/3559"}],"wp:featuredmedia":[{"embeddable":true,"href":"https:\/\/cafeprensa.com.ar\/index.php\/wp-json\/wp\/v2\/media\/3558"}],"wp:attachment":[{"href":"https:\/\/cafeprensa.com.ar\/index.php\/wp-json\/wp\/v2\/media?parent=3557"}],"wp:term":[{"taxonomy":"category","embeddable":true,"href":"https:\/\/cafeprensa.com.ar\/index.php\/wp-json\/wp\/v2\/categories?post=3557"},{"taxonomy":"post_tag","embeddable":true,"href":"https:\/\/cafeprensa.com.ar\/index.php\/wp-json\/wp\/v2\/tags?post=3557"}],"curies":[{"name":"wp","href":"https:\/\/api.w.org\/{rel}","templated":true}]}}