{"id":3560,"date":"2024-07-06T03:45:22","date_gmt":"2024-07-06T01:45:22","guid":{"rendered":"https:\/\/cafeprensa.com.ar\/?p=3560"},"modified":"2024-07-06T03:45:43","modified_gmt":"2024-07-06T01:45:43","slug":"la-comision-de-salud-de-diputados-en-la-legislatura-de-tucuman","status":"publish","type":"post","link":"https:\/\/cafeprensa.com.ar\/index.php\/2024\/07\/06\/la-comision-de-salud-de-diputados-en-la-legislatura-de-tucuman\/","title":{"rendered":"La comisi\u00f3n de Salud de Diputados en la Legislatura de Tucum\u00e1n"},"content":{"rendered":"<div class=\"post-content titinterna\">\n<div class=\"catagory cat-actualidad interna \">El vicegobernador Miguel Acevedo recibi\u00f3 a los diputados nacionales de distintas fuerzas pol\u00edticas que celebraron una sesi\u00f3n informativa federal en el parlamento tucumano para abordar la situaci\u00f3n actual del sistema de salud privado.<\/div>\n<div><img loading=\"lazy\" decoding=\"async\" class=\"alignnone size-medium wp-image-3563\" src=\"https:\/\/cafeprensa.com.ar\/wp-content\/uploads\/2024\/07\/GRvXaepWkAAHyav-300x194.jpeg\" alt=\"\" width=\"300\" height=\"194\" srcset=\"https:\/\/cafeprensa.com.ar\/wp-content\/uploads\/2024\/07\/GRvXaepWkAAHyav-300x194.jpeg 300w, https:\/\/cafeprensa.com.ar\/wp-content\/uploads\/2024\/07\/GRvXaepWkAAHyav-1024x663.jpeg 1024w, https:\/\/cafeprensa.com.ar\/wp-content\/uploads\/2024\/07\/GRvXaepWkAAHyav-768x497.jpeg 768w, https:\/\/cafeprensa.com.ar\/wp-content\/uploads\/2024\/07\/GRvXaepWkAAHyav-1536x994.jpeg 1536w, https:\/\/cafeprensa.com.ar\/wp-content\/uploads\/2024\/07\/GRvXaepWkAAHyav.jpeg 2048w\" sizes=\"auto, (max-width: 300px) 100vw, 300px\" \/><\/div>\n<\/div>\n<div class=\"entry-header\">\n<div class=\"entry-thumbnail ftoint\"><\/div>\n<\/div>\n<div class=\"post-content contgral\">\n<div class=\"entry-content continterna\">\n<p>Este viernes en la <strong>Legislatura de Tucum\u00e1n<\/strong>\u00a0se llev\u00f3 a cabo la\u00a0<strong>sesi\u00f3n informativa federal de la Comisi\u00f3n de Salud y Acci\u00f3n Social de la C\u00e1mara de Diputados de la Naci\u00f3n<\/strong>, en el marco de la Semana de la Declaraci\u00f3n de la Independencia. El encuentro fue presidido por el vicegobernador\u00a0<strong>Miguel Acevedo<\/strong>, qui\u00e9n recibi\u00f3 a los diputados nacionales de todas las fuerzas pol\u00edticas que integran la misma para abordar la situaci\u00f3n actual del sistema de salud privado.<\/p>\n<p>Estuvieron presentes el presidente de la comisi\u00f3n, el diputado tucumano\u00a0<strong>Pablo Yedlin<\/strong>; el vicepresidente de la Comisi\u00f3n,\u00a0<strong>Manuel Quintar<\/strong>\u00a0(LLA, Jujuy), la vicepresidenta\u00a0<strong>Mar\u00eda Luisa Montoto<\/strong>\u00a0(UXP, Santiago del Estero),\u00a0<strong>Germ\u00e1n Mart\u00ednez<\/strong>\u00a0(vocal y presidente del bloque UxP),\u00a0<strong>Daniel Goll\u00e1n<\/strong>\u00a0(UxP Buenos Aires),\u00a0<strong>Andrea Freites<\/strong>\u00a0(UxP, Tierra del Fuego),\u00a0<strong>Estela Mary Neder<\/strong>\u00a0(UXP, Santiago del Estero),\u00a0<strong>Roc\u00edo Bonacci<\/strong>\u00a0(LLA, Santa Fe),\u00a0<strong>Mar\u00eda Cecilia Ib\u00e1\u00f1ez<\/strong>\u00a0(MID, C\u00f3rdoba) y el secretario parlamentario de la C\u00e1mara Baja,\u00a0<strong>Tom\u00e1s Figueroa<\/strong>. Por parte de Tucum\u00e1n, tambi\u00e9n se cont\u00f3 con la presencia del Ministro de Salud de la provincia,\u00a0<strong>Luis Medina Ruiz<\/strong>, el diputado radical\u00a0<strong>Roberto S\u00e1nchez<\/strong>, y los legisladores\u00a0<strong>Gabriel Yedlin<\/strong>\u00a0(Presidente de la Comisi\u00f3n de Salud),\u00a0<strong>Marcelo Herrera<\/strong>,\u00a0<strong>Alejandro Figueroa<\/strong>,\u00a0<strong>Maia Mart\u00ednez<\/strong>\u00a0y\u00a0<strong>Jos\u00e9 Cano<\/strong>.<\/p>\n<p><img loading=\"lazy\" decoding=\"async\" class=\"alignnone size-medium wp-image-3562\" src=\"https:\/\/cafeprensa.com.ar\/wp-content\/uploads\/2024\/07\/GRvXaeoXkAE_F0n-300x200.jpeg\" alt=\"\" width=\"300\" height=\"200\" srcset=\"https:\/\/cafeprensa.com.ar\/wp-content\/uploads\/2024\/07\/GRvXaeoXkAE_F0n-300x200.jpeg 300w, https:\/\/cafeprensa.com.ar\/wp-content\/uploads\/2024\/07\/GRvXaeoXkAE_F0n-1024x683.jpeg 1024w, https:\/\/cafeprensa.com.ar\/wp-content\/uploads\/2024\/07\/GRvXaeoXkAE_F0n-768x512.jpeg 768w, https:\/\/cafeprensa.com.ar\/wp-content\/uploads\/2024\/07\/GRvXaeoXkAE_F0n-1536x1024.jpeg 1536w, https:\/\/cafeprensa.com.ar\/wp-content\/uploads\/2024\/07\/GRvXaeoXkAE_F0n.jpeg 1600w\" sizes=\"auto, (max-width: 300px) 100vw, 300px\" \/><\/p>\n<p>Adem\u00e1s, asistieron empresarios y representantes del sector de la salud, incluyendo a\u00a0<strong>Hugo Magonza<\/strong>, presidente de la Uni\u00f3n Argentina de Salud (UAS), quien recientemente reemplaz\u00f3 a\u00a0<strong>Claudio Belocopitt<\/strong>; el presidente de la Asociaci\u00f3n de Cl\u00ednicas y Sanatorios de Tucum\u00e1n,\u00a0<strong>Eduardo Vega Olgu\u00edn<\/strong>;\u00a0<strong>Mariano Abdo<\/strong>\u00a0de Cl\u00ednicas Salta; y\u00a0<strong>Silvia Jalil<\/strong> de Salud Federal.<\/p>\n<p>El vicegobernador Acevedo destac\u00f3 la importancia de fortalecer la relaci\u00f3n con el sector de la salud privada y proporcionarle las herramientas necesarias para superar los desaf\u00edos actuales: \u00ab<strong>Sin salud no hay vida, es lo primero que tenemos que priorizar. Es fundamental generar una ley que favorezca a todos los argentinos y argentinas en esa \u00e1rea<\/strong>\u201d. \u00a0El objetivo principal de la sesi\u00f3n fue discutir medidas para abordar la situaci\u00f3n actual del sistema de salud privado.<\/p>\n<p>Tras el encuentro, el diputado<strong>\u00a0Pablo Yedlin<\/strong>\u00a0expres\u00f3: <em><strong>\u201cLa C\u00e1mara de Diputados permite que las comisiones se re\u00fanan, si lo autoriza as\u00ed la presidencia, en distintos lugares del pa\u00eds. En este caso ese beneficio se ha implementado muy pocas veces en la historia del Congreso y estamos contentos que Tucum\u00e1n se haya sumado a esa lista\u201d.<\/strong><\/em><\/p>\n<p>\u201cEsta vez hemos tratado un tema que hace a la importancia que tiene el sistema privado de salud en la Argentina. Este sector vive una problem\u00e1tica muy particular dado que su principal cliente son las obras sociales y est\u00e1n exentas de IVA. Esto le genera un cr\u00e9dito fiscal a las cl\u00ednicas y sanatorios. Estamos proponiendo, a trav\u00e9s de una ley que pueda ser de libre disponibilidad, que puedan usar ese cr\u00e9dito fiscal para el pago de otros impuestos\u201d, enfatiz\u00f3.<\/p>\n<p>Adem\u00e1s, el diputado por Tucum\u00e1n detall\u00f3 \u00a0los pasos a seguir tras este encuentro en nuestra provincia: <em><strong>\u201cDarle dictamen al proyecto que est\u00e1 presentado. Luego debe ir a la Comisi\u00f3n de Presupuesto y despu\u00e9s tiene que ir al recinto para ser votado por la mayor\u00eda de los diputados. Despu\u00e9s, al Senado, sufrir un proceso similar: comisiones, dictamen, recinto y una vez de esto promulgado por el Presidente.\u201d<\/strong><\/em><\/p>\n<p><img loading=\"lazy\" decoding=\"async\" class=\"alignnone size-medium wp-image-3561\" src=\"https:\/\/cafeprensa.com.ar\/wp-content\/uploads\/2024\/07\/comision-de-salud-diputados-en-legislatura-de-tucuman-300x200.webp\" alt=\"\" width=\"300\" height=\"200\" srcset=\"https:\/\/cafeprensa.com.ar\/wp-content\/uploads\/2024\/07\/comision-de-salud-diputados-en-legislatura-de-tucuman-300x200.webp 300w, https:\/\/cafeprensa.com.ar\/wp-content\/uploads\/2024\/07\/comision-de-salud-diputados-en-legislatura-de-tucuman.webp 750w\" sizes=\"auto, (max-width: 300px) 100vw, 300px\" \/><\/p>\n<p>El Dr. Eduardo Vega Olguin, Presidente de la Asociaci\u00f3n de Cl\u00ednicas y Sanatorios de Tucum\u00e1n asent\u00f3 que su balance es \u201cpositivo porque en nuestra actividad todos los cr\u00e9ditos del IVA no los pod\u00edamos utilizar, \u00a0esto va a ser un beneficio\u201d.<\/p>\n<p>El Diputado Manuel Quintar afirm\u00f3: \u201cEs un placer llevar la C\u00e1mara de Diputados al interior del pa\u00eds, donde se escuchan otras realidades. Nos sirve a nosotros para mostrar, en la Capital Federal y en la Provincia de Buenos Aires, lo que pasa en el interior del pa\u00eds. Es importante volver a charlar, a refrescar la problem\u00e1tica del sector y, por encima de todo, visibilizar los problemas y comenzar a trabajar en soluciones concretas\u201d.<\/p>\n<p>Finalmente, el Dr. Medina Ruiz sentenci\u00f3: <em><strong>\u201cAc\u00e1 se han tocado temas como evitar la defragmentaci\u00f3n del sistema de salud, trabajar en pos de una mejor salud y preservarla. Hemos podido presenciar como el sector privado, los representantes de los prestadores de salud y los diputados de distintos partidos pol\u00edticos, todos coincidimos en eso, que no hay nada m\u00e1s importante que la salud y en que nos tenemos que poner a trabajar para que eso se d\u00e9 en la pr\u00e1ctica\u201d.<\/strong><\/em><\/p>\n<div class=\"twitter-tweet twitter-tweet-rendered\"><iframe id=\"twitter-widget-0\" class=\"\" title=\"X Post\" src=\"https:\/\/platform.twitter.com\/embed\/Tweet.html?creatorScreenName=eltucumano&amp;dnt=false&amp;embedId=twitter-widget-0&amp;features=eyJ0ZndfdGltZWxpbmVfbGlzdCI6eyJidWNrZXQiOltdLCJ2ZXJzaW9uIjpudWxsfSwidGZ3X2ZvbGxvd2VyX2NvdW50X3N1bnNldCI6eyJidWNrZXQiOnRydWUsInZlcnNpb24iOm51bGx9LCJ0ZndfdHdlZXRfZWRpdF9iYWNrZW5kIjp7ImJ1Y2tldCI6Im9uIiwidmVyc2lvbiI6bnVsbH0sInRmd19yZWZzcmNfc2Vzc2lvbiI6eyJidWNrZXQiOiJvbiIsInZlcnNpb24iOm51bGx9LCJ0ZndfZm9zbnJfc29mdF9pbnRlcnZlbnRpb25zX2VuYWJsZWQiOnsiYnVja2V0Ijoib24iLCJ2ZXJzaW9uIjpudWxsfSwidGZ3X21peGVkX21lZGlhXzE1ODk3Ijp7ImJ1Y2tldCI6InRyZWF0bWVudCIsInZlcnNpb24iOm51bGx9LCJ0ZndfZXhwZXJpbWVudHNfY29va2llX2V4cGlyYXRpb24iOnsiYnVja2V0IjoxMjA5NjAwLCJ2ZXJzaW9uIjpudWxsfSwidGZ3X3Nob3dfYmlyZHdhdGNoX3Bpdm90c19lbmFibGVkIjp7ImJ1Y2tldCI6Im9uIiwidmVyc2lvbiI6bnVsbH0sInRmd19kdXBsaWNhdGVfc2NyaWJlc190b19zZXR0aW5ncyI6eyJidWNrZXQiOiJvbiIsInZlcnNpb24iOm51bGx9LCJ0ZndfdXNlX3Byb2ZpbGVfaW1hZ2Vfc2hhcGVfZW5hYmxlZCI6eyJidWNrZXQiOiJvbiIsInZlcnNpb24iOm51bGx9LCJ0ZndfdmlkZW9faGxzX2R5bmFtaWNfbWFuaWZlc3RzXzE1MDgyIjp7ImJ1Y2tldCI6InRydWVfYml0cmF0ZSIsInZlcnNpb24iOm51bGx9LCJ0ZndfbGVnYWN5X3RpbWVsaW5lX3N1bnNldCI6eyJidWNrZXQiOnRydWUsInZlcnNpb24iOm51bGx9LCJ0ZndfdHdlZXRfZWRpdF9mcm9udGVuZCI6eyJidWNrZXQiOiJvbiIsInZlcnNpb24iOm51bGx9fQ%3D%3D&amp;frame=false&amp;hideCard=false&amp;hideThread=false&amp;id=1809276539214745901&amp;lang=es&amp;origin=https%3A%2F%2Fwww.eltucumano.com%2Fnoticia%2Factualidad%2F301778%2Fla-comision-de-salud-de-diputados-se-reunio-en-la-legislatura-de-tucuman&amp;sessionId=305fb52210644e23c6b0480d9c2765557fe86d86&amp;siteScreenName=eltucumano&amp;siteUserId=791380268338806784&amp;theme=light&amp;widgetsVersion=2615f7e52b7e0%3A1702314776716&amp;width=550px\" frameborder=\"0\" scrolling=\"no\" allowfullscreen=\"allowfullscreen\" data-tweet-id=\"1809276539214745901\" data-mce-fragment=\"1\"><\/iframe><\/div>\n<div class=\"twitter-tweet twitter-tweet-rendered\"><iframe id=\"twitter-widget-1\" class=\"\" title=\"X Post\" src=\"https:\/\/platform.twitter.com\/embed\/Tweet.html?creatorScreenName=eltucumano&amp;dnt=false&amp;embedId=twitter-widget-1&amp;features=eyJ0ZndfdGltZWxpbmVfbGlzdCI6eyJidWNrZXQiOltdLCJ2ZXJzaW9uIjpudWxsfSwidGZ3X2ZvbGxvd2VyX2NvdW50X3N1bnNldCI6eyJidWNrZXQiOnRydWUsInZlcnNpb24iOm51bGx9LCJ0ZndfdHdlZXRfZWRpdF9iYWNrZW5kIjp7ImJ1Y2tldCI6Im9uIiwidmVyc2lvbiI6bnVsbH0sInRmd19yZWZzcmNfc2Vzc2lvbiI6eyJidWNrZXQiOiJvbiIsInZlcnNpb24iOm51bGx9LCJ0ZndfZm9zbnJfc29mdF9pbnRlcnZlbnRpb25zX2VuYWJsZWQiOnsiYnVja2V0Ijoib24iLCJ2ZXJzaW9uIjpudWxsfSwidGZ3X21peGVkX21lZGlhXzE1ODk3Ijp7ImJ1Y2tldCI6InRyZWF0bWVudCIsInZlcnNpb24iOm51bGx9LCJ0ZndfZXhwZXJpbWVudHNfY29va2llX2V4cGlyYXRpb24iOnsiYnVja2V0IjoxMjA5NjAwLCJ2ZXJzaW9uIjpudWxsfSwidGZ3X3Nob3dfYmlyZHdhdGNoX3Bpdm90c19lbmFibGVkIjp7ImJ1Y2tldCI6Im9uIiwidmVyc2lvbiI6bnVsbH0sInRmd19kdXBsaWNhdGVfc2NyaWJlc190b19zZXR0aW5ncyI6eyJidWNrZXQiOiJvbiIsInZlcnNpb24iOm51bGx9LCJ0ZndfdXNlX3Byb2ZpbGVfaW1hZ2Vfc2hhcGVfZW5hYmxlZCI6eyJidWNrZXQiOiJvbiIsInZlcnNpb24iOm51bGx9LCJ0ZndfdmlkZW9faGxzX2R5bmFtaWNfbWFuaWZlc3RzXzE1MDgyIjp7ImJ1Y2tldCI6InRydWVfYml0cmF0ZSIsInZlcnNpb24iOm51bGx9LCJ0ZndfbGVnYWN5X3RpbWVsaW5lX3N1bnNldCI6eyJidWNrZXQiOnRydWUsInZlcnNpb24iOm51bGx9LCJ0ZndfdHdlZXRfZWRpdF9mcm9udGVuZCI6eyJidWNrZXQiOiJvbiIsInZlcnNpb24iOm51bGx9fQ%3D%3D&amp;frame=false&amp;hideCard=false&amp;hideThread=false&amp;id=1809276594424336745&amp;lang=es&amp;origin=https%3A%2F%2Fwww.eltucumano.com%2Fnoticia%2Factualidad%2F301778%2Fla-comision-de-salud-de-diputados-se-reunio-en-la-legislatura-de-tucuman&amp;sessionId=305fb52210644e23c6b0480d9c2765557fe86d86&amp;siteScreenName=eltucumano&amp;siteUserId=791380268338806784&amp;theme=light&amp;widgetsVersion=2615f7e52b7e0%3A1702314776716&amp;width=550px\" frameborder=\"0\" scrolling=\"no\" allowfullscreen=\"allowfullscreen\" data-tweet-id=\"1809276594424336745\" data-mce-fragment=\"1\"><\/iframe><\/div>\n<\/div>\n<\/div>\n","protected":false},"excerpt":{"rendered":"<p>El vicegobernador Miguel Acevedo recibi\u00f3 a los diputados nacionales de distintas fuerzas pol\u00edticas que celebraron una sesi\u00f3n informativa federal en el parlamento tucumano para abordar la situaci\u00f3n actual del sistema de salud privado. Este viernes en la Legislatura de Tucum\u00e1n\u00a0se llev\u00f3 a cabo la\u00a0sesi\u00f3n informativa federal de la Comisi\u00f3n de Salud y Acci\u00f3n Social de &hellip;<\/p>\n","protected":false},"author":2,"featured_media":3561,"comment_status":"open","ping_status":"open","sticky":false,"template":"","format":"standard","meta":{"footnotes":""},"categories":[34,36],"tags":[956],"class_list":["post-3560","post","type-post","status-publish","format-standard","has-post-thumbnail","hentry","category-locales","category-salud","tag-comision-de-salud-de-diputados"],"_links":{"self":[{"href":"https:\/\/cafeprensa.com.ar\/index.php\/wp-json\/wp\/v2\/posts\/3560","targetHints":{"allow":["GET"]}}],"collection":[{"href":"https:\/\/cafeprensa.com.ar\/index.php\/wp-json\/wp\/v2\/posts"}],"about":[{"href":"https:\/\/cafeprensa.com.ar\/index.php\/wp-json\/wp\/v2\/types\/post"}],"author":[{"embeddable":true,"href":"https:\/\/cafeprensa.com.ar\/index.php\/wp-json\/wp\/v2\/users\/2"}],"replies":[{"embeddable":true,"href":"https:\/\/cafeprensa.com.ar\/index.php\/wp-json\/wp\/v2\/comments?post=3560"}],"version-history":[{"count":1,"href":"https:\/\/cafeprensa.com.ar\/index.php\/wp-json\/wp\/v2\/posts\/3560\/revisions"}],"predecessor-version":[{"id":3564,"href":"https:\/\/cafeprensa.com.ar\/index.php\/wp-json\/wp\/v2\/posts\/3560\/revisions\/3564"}],"wp:featuredmedia":[{"embeddable":true,"href":"https:\/\/cafeprensa.com.ar\/index.php\/wp-json\/wp\/v2\/media\/3561"}],"wp:attachment":[{"href":"https:\/\/cafeprensa.com.ar\/index.php\/wp-json\/wp\/v2\/media?parent=3560"}],"wp:term":[{"taxonomy":"category","embeddable":true,"href":"https:\/\/cafeprensa.com.ar\/index.php\/wp-json\/wp\/v2\/categories?post=3560"},{"taxonomy":"post_tag","embeddable":true,"href":"https:\/\/cafeprensa.com.ar\/index.php\/wp-json\/wp\/v2\/tags?post=3560"}],"curies":[{"name":"wp","href":"https:\/\/api.w.org\/{rel}","templated":true}]}}