{"id":3666,"date":"2024-07-19T14:37:26","date_gmt":"2024-07-19T12:37:26","guid":{"rendered":"https:\/\/cafeprensa.com.ar\/?p=3666"},"modified":"2024-07-19T14:37:26","modified_gmt":"2024-07-19T12:37:26","slug":"30-anos-del-atentado-a-la-amia-el-papa-francisco-compartio-una-emotiva-carta","status":"publish","type":"post","link":"https:\/\/cafeprensa.com.ar\/index.php\/2024\/07\/19\/30-anos-del-atentado-a-la-amia-el-papa-francisco-compartio-una-emotiva-carta\/","title":{"rendered":"30 a\u00f1os del atentado a la AMIA: el Papa Francisco comparti\u00f3 una emotiva carta"},"content":{"rendered":"<div class=\"the-post-header s-head-modern s-head-modern-a has-share-meta-right\">\n<div class=\"post-meta post-meta-a post-meta-left post-meta-single has-below\">\n<div class=\"meta-below-has-right\">\n<div class=\"post-share post-share-b spc-social-colors  post-share-b3 post-share-b-circles post-share-b3-circles\"><em>El Sumo Pont\u00edfice pidi\u00f3 justicia, \u00abAnte la tragedia, elegimos el silencio\u201d, expres\u00f3.<\/em><\/div>\n<\/div>\n<\/div>\n<\/div>\n<div class=\"the-post s-post-modern\">\n<article id=\"post-65982\" class=\"post-65982 post type-post status-publish format-standard has-post-thumbnail category-internacionales category-z4-destacada tag-30-anos-del-atentado-a-la-amia tag-amia tag-carta-del-papa-francisco tag-ciudad-del-vaticano tag-papa-francisco\">\n<div class=\"post-content-wrap has-share-float\">\n<div class=\"post-content cf entry-content content-spacious\">\n<div class=\"wp-block-image\">\n<figure class=\"aligncenter size-large is-resized\"><a href=\"https:\/\/elfederalnoticias.com.ar\/wp-content\/uploads\/2024\/07\/image-90.png\"><img loading=\"lazy\" decoding=\"async\" class=\"wp-image-65983\" src=\"https:\/\/elfederalnoticias.com.ar\/wp-content\/uploads\/2024\/07\/image-90-1024x683.png\" sizes=\"auto, (max-width: 1024px) 100vw, 1024px\" srcset=\"https:\/\/elfederalnoticias.com.ar\/wp-content\/uploads\/2024\/07\/image-90-1024x683.png 1024w, https:\/\/elfederalnoticias.com.ar\/wp-content\/uploads\/2024\/07\/image-90-300x200.png 300w, https:\/\/elfederalnoticias.com.ar\/wp-content\/uploads\/2024\/07\/image-90-768x512.png 768w, https:\/\/elfederalnoticias.com.ar\/wp-content\/uploads\/2024\/07\/image-90-150x100.png 150w, https:\/\/elfederalnoticias.com.ar\/wp-content\/uploads\/2024\/07\/image-90-450x300.png 450w, https:\/\/elfederalnoticias.com.ar\/wp-content\/uploads\/2024\/07\/image-90.png 1200w\" alt=\"\" width=\"1024\" height=\"683\" \/><\/a><figcaption class=\"wp-element-caption\">Carta del Papa Francisco.<\/figcaption><\/figure>\n<\/div>\n<p>CIUDAD DEL VATICANO.- Este jueves a primera hora, el\u00a0<strong>Papa Francisco<\/strong>\u00a0comparti\u00f3 una carta con motivo del 30\u00ba aniversario del atentado a la\u00a0<strong>AMIA<\/strong>, calific\u00e1ndolo como\u00a0<strong>\u201cuna tragedia oscura\u201d\u00a0<\/strong>y solicitando justicia para las v\u00edctimas.<\/p>\n<p class=\"has-large-font-size\"><mark class=\"has-inline-color has-vivid-red-color\">En la misiva el Sumo Pont\u00edfice inst\u00f3 a conmemorar el\u00a0<strong>ataque\u00a0terrorista<\/strong>\u00a0<strong>\u201cen un esp\u00edritu de recuerdo y reflexi\u00f3n\u201d\u00a0<\/strong>y afirm\u00f3:\u00a0<strong>\u201cLa memoria de aquellos que murieron en esa tragedia oscura sigue viva en nuestras oraciones y en nuestro compromiso continuo con la justicia\u201d<\/strong>.<\/mark><\/p>\n<p>El Papa destac\u00f3 la importancia de la memoria como una herramienta para aprender del pasado y proyectar esperanza hacia un futuro sin violencia.\u00a0<strong>\u201cLa memoria nos ense\u00f1a que recordar no es solo mirar hacia atr\u00e1s, sino tambi\u00e9n proyectarnos en esperanza hacia un futuro donde actos tan repudiables de violencia no se repitan. La memoria nos impulsa a tener presentes a los 85 hermanos de aquel 18 de julio de 1994\u201d<\/strong>.<\/p>\n<h3 class=\"wp-block-heading\">Carta completa del Papa Francisco:<\/h3>\n<p><em><strong>Al conmemorar el 30\u00ba aniversario del atentado a la AMIA, lo hacemos en un esp\u00edritu de recuerdo y reflexi\u00f3n. La memoria de aquellos que murieron en esa tragedia oscura sigue viva en nuestras oraciones y en nuestro compromiso continua con la justicia.<\/strong><\/em><\/p>\n<p><strong><em>Para rendir homenaje, ante la tragedia elegimos el silencio. La dimensi\u00f3n del silencio, poderosa y reveladora se presenta ante nosotros no como un vac\u00edo, sino como una presencia palpable de aquellos que ya no est\u00e1n. En el silencio escuchamos el eco de las vidas truncadas y sentimos el peso de la ausencia. Pero en el tambien encontramos la fuerza para enfrentar la realidad del mal y la resiliencia para seguir adelante. A veces el silencio puede expresar un dolor indecible ante la desgracia y, en este d\u00eda, nos unimos en un silencio que es tanto duelo como esperanza.<\/em><\/strong><\/p>\n<p><em><strong>La memoria puede ser nuestra gu\u00eda. Nos ensena que recordar no es solo mirar hacia atr\u00e1s, sino tambi\u00e9n proyectarnos en esperanza hacia un futuro donde actos tan repudiables de violencia no se repitan. La memoria nos impulsa a tener presentes a los 85 hermanos de aquel 18 de julio de 1994.<\/strong><\/em><\/p>\n<p><strong><em>Hoy, juntas, reafirmamos que no bajamos los brazos ante la b\u00fasqueda de justicia. Una justicia que no busca venganza, revanchismo, sino verdad y reparaci\u00f3n. Una justicia que es esencial no solo para las familias afectadas, sino para la cohesi\u00f3n del tejido social de la naci\u00f3n. El respeto a toda vida humana ya la dignidad que conlleva debe prevalecer sobre el odio y la divisi\u00f3n. Esta es la base sobre la cual edificamos el bien com\u00fan, no solo para honrar a los que hemos perdido, sino para proteger a las generaciones futuras.<\/em><\/strong><\/p>\n<p><strong><em>Invito a todas las personas de fe a todas las personas de buena voluntad a unirse en oraci\u00f3n y acci\u00f3n, a trabajar incansablemente por un mundo mas fraterno, donde la justicia y la paz se abracen, ya que sin justicia no habr\u00e1 paz duradera ni efectiva.<\/em><\/strong><\/p>\n<p><em><strong>Que el Dios de la paz nos bendiga con la esperanza y la audacia para llevar a cabo esta misi\u00f3n. Que el consuelo divino alcance a todas las familias que aun lloran a sus seres queridos y les otorgue fortaleza a todos los sobrevivientes que llevan heridas en sus cuerpos y en sus almas.<\/strong><\/em><\/p>\n<p class=\"has-text-align-right\"><strong><em>Rezo por Ustedes. Fraternalmente, Francisco.<\/em><\/strong><\/p>\n<\/div>\n<\/div>\n<\/article>\n<\/div>\n","protected":false},"excerpt":{"rendered":"<p>El Sumo Pont\u00edfice pidi\u00f3 justicia, \u00abAnte la tragedia, elegimos el silencio\u201d, expres\u00f3. Carta del Papa Francisco. CIUDAD DEL VATICANO.- Este jueves a primera hora, el\u00a0Papa Francisco\u00a0comparti\u00f3 una carta con motivo del 30\u00ba aniversario del atentado a la\u00a0AMIA, calific\u00e1ndolo como\u00a0\u201cuna tragedia oscura\u201d\u00a0y solicitando justicia para las v\u00edctimas. En la misiva el Sumo Pont\u00edfice inst\u00f3 a conmemorar &hellip;<\/p>\n","protected":false},"author":2,"featured_media":3667,"comment_status":"open","ping_status":"open","sticky":false,"template":"","format":"standard","meta":{"footnotes":""},"categories":[54,35],"tags":[518],"class_list":["post-3666","post","type-post","status-publish","format-standard","has-post-thumbnail","hentry","category-interes-ganeral","category-internacionales","tag-papa-francisco"],"_links":{"self":[{"href":"https:\/\/cafeprensa.com.ar\/index.php\/wp-json\/wp\/v2\/posts\/3666","targetHints":{"allow":["GET"]}}],"collection":[{"href":"https:\/\/cafeprensa.com.ar\/index.php\/wp-json\/wp\/v2\/posts"}],"about":[{"href":"https:\/\/cafeprensa.com.ar\/index.php\/wp-json\/wp\/v2\/types\/post"}],"author":[{"embeddable":true,"href":"https:\/\/cafeprensa.com.ar\/index.php\/wp-json\/wp\/v2\/users\/2"}],"replies":[{"embeddable":true,"href":"https:\/\/cafeprensa.com.ar\/index.php\/wp-json\/wp\/v2\/comments?post=3666"}],"version-history":[{"count":1,"href":"https:\/\/cafeprensa.com.ar\/index.php\/wp-json\/wp\/v2\/posts\/3666\/revisions"}],"predecessor-version":[{"id":3668,"href":"https:\/\/cafeprensa.com.ar\/index.php\/wp-json\/wp\/v2\/posts\/3666\/revisions\/3668"}],"wp:featuredmedia":[{"embeddable":true,"href":"https:\/\/cafeprensa.com.ar\/index.php\/wp-json\/wp\/v2\/media\/3667"}],"wp:attachment":[{"href":"https:\/\/cafeprensa.com.ar\/index.php\/wp-json\/wp\/v2\/media?parent=3666"}],"wp:term":[{"taxonomy":"category","embeddable":true,"href":"https:\/\/cafeprensa.com.ar\/index.php\/wp-json\/wp\/v2\/categories?post=3666"},{"taxonomy":"post_tag","embeddable":true,"href":"https:\/\/cafeprensa.com.ar\/index.php\/wp-json\/wp\/v2\/tags?post=3666"}],"curies":[{"name":"wp","href":"https:\/\/api.w.org\/{rel}","templated":true}]}}