{"id":3669,"date":"2024-07-21T18:44:08","date_gmt":"2024-07-21T16:44:08","guid":{"rendered":"https:\/\/cafeprensa.com.ar\/?p=3669"},"modified":"2024-07-21T18:44:08","modified_gmt":"2024-07-21T16:44:08","slug":"el-gobierno-investiga-el-pago-de-us-23-millones-por-la-construccion-de-12-buques-que-nunca-se-entregaron","status":"publish","type":"post","link":"https:\/\/cafeprensa.com.ar\/index.php\/2024\/07\/21\/el-gobierno-investiga-el-pago-de-us-23-millones-por-la-construccion-de-12-buques-que-nunca-se-entregaron\/","title":{"rendered":"El Gobierno investiga el pago de U$S 23 millones por la construcci\u00f3n de 12 buques que nunca se entregaron"},"content":{"rendered":"<div class=\"the-post-header s-head-modern s-head-modern-a has-share-meta-right\">\n<div class=\"post-meta post-meta-a post-meta-left post-meta-single has-below\">\n<div class=\"meta-below-has-right\">\n<div class=\"post-share post-share-b spc-social-colors  post-share-b3 post-share-b-circles post-share-b3-circles\"><em>El gobierno de Alberto Fern\u00e1ndez firm\u00f3 el contrato con el astillero Tandanor, en septiembre de 2021.<\/em><\/div>\n<\/div>\n<\/div>\n<\/div>\n<div class=\"the-post s-post-modern\">\n<article id=\"post-66033\" class=\"post-66033 post type-post status-publish format-standard has-post-thumbnail category-nacionales category-destacada-1 tag-fuerza-armada-argentina tag-jorge-taiana tag-ministerio-de-defensa-de-la-nacion tag-ministro-luis-petri tag-tandanor\">\n<div class=\"post-content-wrap has-share-float\">\n<div class=\"post-content cf entry-content content-spacious\">\n<div class=\"wp-block-image\">\n<figure class=\"aligncenter size-large\"><a href=\"https:\/\/elfederalnoticias.com.ar\/wp-content\/uploads\/2024\/07\/image-96.png\"><img loading=\"lazy\" decoding=\"async\" class=\"wp-image-66034\" src=\"https:\/\/elfederalnoticias.com.ar\/wp-content\/uploads\/2024\/07\/image-96-1024x576.png\" sizes=\"auto, (max-width: 1024px) 100vw, 1024px\" srcset=\"https:\/\/elfederalnoticias.com.ar\/wp-content\/uploads\/2024\/07\/image-96-1024x576.png 1024w, https:\/\/elfederalnoticias.com.ar\/wp-content\/uploads\/2024\/07\/image-96-300x169.png 300w, https:\/\/elfederalnoticias.com.ar\/wp-content\/uploads\/2024\/07\/image-96-768x432.png 768w, https:\/\/elfederalnoticias.com.ar\/wp-content\/uploads\/2024\/07\/image-96-150x84.png 150w, https:\/\/elfederalnoticias.com.ar\/wp-content\/uploads\/2024\/07\/image-96-450x253.png 450w, https:\/\/elfederalnoticias.com.ar\/wp-content\/uploads\/2024\/07\/image-96-1200x675.png 1200w, https:\/\/elfederalnoticias.com.ar\/wp-content\/uploads\/2024\/07\/image-96.png 1440w\" alt=\"\" width=\"1024\" height=\"576\" \/><\/a><figcaption class=\"wp-element-caption\"><span style=\"font-size: 8pt;\"><em><strong>Sede del astillero en el Rio de la Plata.<\/strong><\/em><\/span><\/figcaption><\/figure>\n<\/div>\n<p>BUENOS AIRES.- El gobierno de\u00a0<strong>Javier Milei<\/strong>, est\u00e1 auditando un\u00a0contrato\u00a0con el astillero estatal\u00a0<strong>Tandanor,\u00a0<\/strong>debido a la falta de entrega de remolcadores a la\u00a0<strong>Armada Argentina<\/strong>. Ya se abonaron m\u00e1s de\u00a0<strong>U$S 23\u00a0millones<\/strong>.<\/p>\n<p class=\"has-large-font-size\"><mark class=\"has-inline-color has-vivid-red-color\">El acuerdo, firmado durante la gesti\u00f3n del ex-presidente\u00a0<strong>Alberto Fern\u00e1ndez<\/strong>,\u00a0establec\u00eda la\u00a0<strong>construcci\u00f3n de 12 remolcadores<\/strong>, el primero de los cuales debi\u00f3 entregarse en\u00a0<strong>julio de 2023<\/strong>.<\/mark><\/p>\n<p>En septiembre de 2021, el entonces ministro de Defensa,\u00a0<strong>Jorge Taiana<\/strong>, lider\u00f3 la ceremonia de inicio de construcci\u00f3n del primero de estos remolcadores. El proyecto ten\u00eda como objetivo recuperar la capacidad de remolque propia de la Armada y dejar de contratar servicios privados. Sin embargo, seg\u00fan datos oficiales,\u00a0<strong>ninguno de los remolcadores ha sido entregado<\/strong>, y solo tres est\u00e1n en construcci\u00f3n.<\/p>\n<p>El Ministerio de Defensa, conducido por\u00a0<strong>Luis Petri<\/strong>, est\u00e1 investigando el cumplimiento del contrato. Creen que los pagos realizados hasta ahora deber\u00edan haber permitido la entrega de al menos tres remolcadores. Una fuente del ministerio coment\u00f3:\u00a0<strong>\u201cPara terminar el primero falta un mill\u00f3n y medio de d\u00f3lares<\/strong>, por lo que hoy no hay fecha cierta de entrega\u201d.<\/p>\n<div class=\"wp-block-image\">\n<figure class=\"aligncenter size-full\"><a href=\"https:\/\/elfederalnoticias.com.ar\/wp-content\/uploads\/2024\/07\/image-97.png\"><img loading=\"lazy\" decoding=\"async\" class=\"wp-image-66035\" src=\"https:\/\/elfederalnoticias.com.ar\/wp-content\/uploads\/2024\/07\/image-97.png\" sizes=\"auto, (max-width: 720px) 100vw, 720px\" srcset=\"https:\/\/elfederalnoticias.com.ar\/wp-content\/uploads\/2024\/07\/image-97.png 720w, https:\/\/elfederalnoticias.com.ar\/wp-content\/uploads\/2024\/07\/image-97-300x168.png 300w, https:\/\/elfederalnoticias.com.ar\/wp-content\/uploads\/2024\/07\/image-97-150x84.png 150w, https:\/\/elfederalnoticias.com.ar\/wp-content\/uploads\/2024\/07\/image-97-450x253.png 450w\" alt=\"\" width=\"720\" height=\"404\" \/><\/a><figcaption class=\"wp-element-caption\"><span style=\"font-size: 8pt;\"><em><strong>El ex-ministro Jorge Taiana.<\/strong><\/em><\/span><\/figcaption><\/figure>\n<\/div>\n<p>El contrato fue firmado por el ex-presidente de Tandanor,\u00a0<strong>Miguel Tudino<\/strong>, y el Almirante\u00a0<strong>Horacio Guardia<\/strong>. Tudino defendi\u00f3 el cumplimiento del contrato, se\u00f1alando que\u00a0<strong>hubo demoras debido a dificultades en la importaci\u00f3n de materiales<\/strong>\u00a0y que Tandanor tuvo que realizar una inversi\u00f3n significativa en bienes de capital.<\/p>\n<p>A pesar de los problemas,\u00a0<strong>las autoridades de Defensa contin\u00faan analizando el convenio<\/strong>\u00a0para determinar posibles responsabilidades penales de los ex-directivos de Tandanor. El entorno del ex-ministro de Defensa, Jorge Taiana, se\u00f1al\u00f3 que Tandanor y la Armada son las entidades responsables de dar respuestas por el contrato.<\/p>\n<\/div>\n<\/div>\n<\/article>\n<\/div>\n","protected":false},"excerpt":{"rendered":"<p>El gobierno de Alberto Fern\u00e1ndez firm\u00f3 el contrato con el astillero Tandanor, en septiembre de 2021. Sede del astillero en el Rio de la Plata. BUENOS AIRES.- El gobierno de\u00a0Javier Milei, est\u00e1 auditando un\u00a0contrato\u00a0con el astillero estatal\u00a0Tandanor,\u00a0debido a la falta de entrega de remolcadores a la\u00a0Armada Argentina. Ya se abonaron m\u00e1s de\u00a0U$S 23\u00a0millones. El acuerdo, &hellip;<\/p>\n","protected":false},"author":2,"featured_media":3670,"comment_status":"open","ping_status":"open","sticky":false,"template":"","format":"standard","meta":{"footnotes":""},"categories":[54,47],"tags":[81,989,445],"class_list":["post-3669","post","type-post","status-publish","format-standard","has-post-thumbnail","hentry","category-interes-ganeral","category-justicia","tag-alberto-fernandez","tag-buques","tag-pagos"],"_links":{"self":[{"href":"https:\/\/cafeprensa.com.ar\/index.php\/wp-json\/wp\/v2\/posts\/3669","targetHints":{"allow":["GET"]}}],"collection":[{"href":"https:\/\/cafeprensa.com.ar\/index.php\/wp-json\/wp\/v2\/posts"}],"about":[{"href":"https:\/\/cafeprensa.com.ar\/index.php\/wp-json\/wp\/v2\/types\/post"}],"author":[{"embeddable":true,"href":"https:\/\/cafeprensa.com.ar\/index.php\/wp-json\/wp\/v2\/users\/2"}],"replies":[{"embeddable":true,"href":"https:\/\/cafeprensa.com.ar\/index.php\/wp-json\/wp\/v2\/comments?post=3669"}],"version-history":[{"count":1,"href":"https:\/\/cafeprensa.com.ar\/index.php\/wp-json\/wp\/v2\/posts\/3669\/revisions"}],"predecessor-version":[{"id":3671,"href":"https:\/\/cafeprensa.com.ar\/index.php\/wp-json\/wp\/v2\/posts\/3669\/revisions\/3671"}],"wp:featuredmedia":[{"embeddable":true,"href":"https:\/\/cafeprensa.com.ar\/index.php\/wp-json\/wp\/v2\/media\/3670"}],"wp:attachment":[{"href":"https:\/\/cafeprensa.com.ar\/index.php\/wp-json\/wp\/v2\/media?parent=3669"}],"wp:term":[{"taxonomy":"category","embeddable":true,"href":"https:\/\/cafeprensa.com.ar\/index.php\/wp-json\/wp\/v2\/categories?post=3669"},{"taxonomy":"post_tag","embeddable":true,"href":"https:\/\/cafeprensa.com.ar\/index.php\/wp-json\/wp\/v2\/tags?post=3669"}],"curies":[{"name":"wp","href":"https:\/\/api.w.org\/{rel}","templated":true}]}}