{"id":3686,"date":"2024-07-22T14:03:26","date_gmt":"2024-07-22T12:03:26","guid":{"rendered":"https:\/\/cafeprensa.com.ar\/?p=3686"},"modified":"2024-07-22T14:03:26","modified_gmt":"2024-07-22T12:03:26","slug":"retiro-de-acreditaciones-a-periodistas-en-casa-rosada","status":"publish","type":"post","link":"https:\/\/cafeprensa.com.ar\/index.php\/2024\/07\/22\/retiro-de-acreditaciones-a-periodistas-en-casa-rosada\/","title":{"rendered":"Retiro de acreditaciones a periodistas en Casa Rosada"},"content":{"rendered":"<div class=\"post-content\">\n<p><strong>Consideran que la medida constituye \u201cun grave atentado contra la libertad de prensa y el derecho a la informaci\u00f3n\u201d.<\/strong><\/p>\n<\/div>\n<div class=\"box-img\"><img loading=\"lazy\" decoding=\"async\" class=\"attachment-post-thumbnail size-post-thumbnail wp-post-image\" src=\"https:\/\/www.parlamentario.com\/wp-content\/uploads\/2024\/07\/Sala-de-periodistas-Casa-Rosada.webp\" sizes=\"auto, (max-width: 750px) 100vw, 750px\" srcset=\"https:\/\/www.parlamentario.com\/wp-content\/uploads\/2024\/07\/Sala-de-periodistas-Casa-Rosada.webp 750w, https:\/\/www.parlamentario.com\/wp-content\/uploads\/2024\/07\/Sala-de-periodistas-Casa-Rosada-300x200.webp 300w\" alt=\"\" width=\"750\" height=\"500\" \/><\/div>\n<p class=\"epigrafo\">\n<div class=\"opinion\"><\/div>\n<div class=\"contenido-post\">\n<div class=\"ns-buttons ns-inline ns-no-print\">\n<div class=\"ns-buttons-wrapper\"><\/div>\n<\/div>\n<p>El bloque de diputados provinciales de la UCR GEN expres\u00f3 su en\u00e9rgico repudio ante la reciente decisi\u00f3n del Gobierno nacional de retirar las acreditaciones permanentes de Casa Rosada a 50 periodistas, as\u00ed como su avance en una pol\u00e9mica resoluci\u00f3n destinada a limitar el acceso a la sala de prensa \u00fanicamente a aquellos que \u201cpuedan demostrar que merecen estar cerca del presidente\u201d.<\/p>\n<p>\u201cEsta medida constituye un grave atentado contra la libertad de prensa y el derecho a la informaci\u00f3n, principios fundamentales de nuestra democracia. La prensa libre y plural es un pilar esencial para el control ciudadano sobre los actos de gobierno, y cualquier intento de restringir su acceso y trabajo debe ser repudiado en\u00e9rgicamente\u201d, expresaron los legisladores.<\/p>\n<p>Para ellos,<em><strong> \u201cning\u00fan contexto justifica\u00a0 esta decisi\u00f3n del Ejecutivo Nacional que no s\u00f3lo limita el ejercicio period\u00edstico, sino que tambi\u00e9n env\u00eda un mensaje de intolerancia y censura que atenta contra la transparencia y el pluralismo informativo. En una democracia, el rol del periodista es fundamental para el equilibrio de poderes y la rendici\u00f3n de cuentas\u201d.<\/strong><\/em><\/p>\n<p>Consideran los diputados provinciales de UCR-GEN que \u201cel derecho a informar y a ser informado est\u00e1 consagrado en nuestra Constituci\u00f3n y en tratados internacionales de derechos humanos. La eliminaci\u00f3n arbitraria de acreditaciones, bajo el pretexto de seleccionar qui\u00e9nes \u2018merecen\u2019 estar cerca del Presidente, establece un peligroso precedente de control y censura gubernamental.<\/p>\n<p>Los diputados provinciales del Acuerdo C\u00edvico UCR-GEN\u00a0<strong>Claudio Frangul, Mat\u00edas Civale, Viviana Dirolli, Natalia Dziakowski, Nazarena Mesias\u00a0<\/strong>y\u00a0<strong>Julio Pasqualin\u00a0<\/strong>se solidarizaron con los trabajadores de prensa y esperan que \u201clas autoridades recapaciten y se produzca la inmediata restituci\u00f3n de las acreditaciones retiradas y el cese de cualquier tipo de medida que atente contra la libertad de prensa. Es imperativo que el Gobierno Nacional garantice el acceso libre y sin restricciones de todos los periodistas a la Casa Rosada, respetando as\u00ed el derecho del pueblo argentino a estar informado de manera completa, veraz y oportuna\u201d.<\/p>\n<\/div>\n","protected":false},"excerpt":{"rendered":"<p>Consideran que la medida constituye \u201cun grave atentado contra la libertad de prensa y el derecho a la informaci\u00f3n\u201d. El bloque de diputados provinciales de la UCR GEN expres\u00f3 su en\u00e9rgico repudio ante la reciente decisi\u00f3n del Gobierno nacional de retirar las acreditaciones permanentes de Casa Rosada a 50 periodistas, as\u00ed como su avance en &hellip;<\/p>\n","protected":false},"author":2,"featured_media":3687,"comment_status":"open","ping_status":"open","sticky":false,"template":"","format":"standard","meta":{"footnotes":""},"categories":[54,33],"tags":[993,994,996,997,995],"class_list":["post-3686","post","type-post","status-publish","format-standard","has-post-thumbnail","hentry","category-interes-ganeral","category-nacionales","tag-claudio-frangul","tag-matias-civale","tag-natalia-dziakowski","tag-nazarena-mesias-y-julio-pasqualin","tag-viviana-dirolli"],"_links":{"self":[{"href":"https:\/\/cafeprensa.com.ar\/index.php\/wp-json\/wp\/v2\/posts\/3686","targetHints":{"allow":["GET"]}}],"collection":[{"href":"https:\/\/cafeprensa.com.ar\/index.php\/wp-json\/wp\/v2\/posts"}],"about":[{"href":"https:\/\/cafeprensa.com.ar\/index.php\/wp-json\/wp\/v2\/types\/post"}],"author":[{"embeddable":true,"href":"https:\/\/cafeprensa.com.ar\/index.php\/wp-json\/wp\/v2\/users\/2"}],"replies":[{"embeddable":true,"href":"https:\/\/cafeprensa.com.ar\/index.php\/wp-json\/wp\/v2\/comments?post=3686"}],"version-history":[{"count":1,"href":"https:\/\/cafeprensa.com.ar\/index.php\/wp-json\/wp\/v2\/posts\/3686\/revisions"}],"predecessor-version":[{"id":3688,"href":"https:\/\/cafeprensa.com.ar\/index.php\/wp-json\/wp\/v2\/posts\/3686\/revisions\/3688"}],"wp:featuredmedia":[{"embeddable":true,"href":"https:\/\/cafeprensa.com.ar\/index.php\/wp-json\/wp\/v2\/media\/3687"}],"wp:attachment":[{"href":"https:\/\/cafeprensa.com.ar\/index.php\/wp-json\/wp\/v2\/media?parent=3686"}],"wp:term":[{"taxonomy":"category","embeddable":true,"href":"https:\/\/cafeprensa.com.ar\/index.php\/wp-json\/wp\/v2\/categories?post=3686"},{"taxonomy":"post_tag","embeddable":true,"href":"https:\/\/cafeprensa.com.ar\/index.php\/wp-json\/wp\/v2\/tags?post=3686"}],"curies":[{"name":"wp","href":"https:\/\/api.w.org\/{rel}","templated":true}]}}