{"id":3751,"date":"2024-07-25T02:13:56","date_gmt":"2024-07-25T00:13:56","guid":{"rendered":"https:\/\/cafeprensa.com.ar\/?p=3751"},"modified":"2024-07-25T02:13:56","modified_gmt":"2024-07-25T00:13:56","slug":"ojos-en-alerta","status":"publish","type":"post","link":"https:\/\/cafeprensa.com.ar\/index.php\/2024\/07\/25\/ojos-en-alerta\/","title":{"rendered":"Ojos en Alerta"},"content":{"rendered":"<div class=\"the-post-header s-head-modern s-head-modern-a has-share-meta-right\">\n<div class=\"post-meta post-meta-a post-meta-left post-meta-single has-below\">\n<p class=\"is-title post-title\">Macome celebr\u00f3 la llegada del programa en Yerba Buena. <em>El legislador de LLA hab\u00eda presentado una iniciativa el mandato anterior, cuando se desempe\u00f1aba como concejal en la ciudad jard\u00edn.<\/em><\/p>\n<\/div>\n<\/div>\n<div class=\"the-post s-post-modern\">\n<article id=\"post-66144\" class=\"post-66144 post type-post status-publish format-standard has-post-thumbnail category-tucuman category-z4-destacada\">\n<div class=\"post-content-wrap has-share-float\">\n<div class=\"post-content cf entry-content content-spacious\">\n<p>El <strong>legislador Jos\u00e9 Macome (La Libertad Avanza)<\/strong> celebr\u00f3 la llegada del programa de Protecci\u00f3n Ciudadana Ojos en Alerta a Yerba Buena, que hab\u00eda incentivado durante su mandato como concejal de la ciudad jard\u00edn.<\/p>\n<p>Macome se\u00f1al\u00f3 que este sistema significa la colaboraci\u00f3n entre el ciudadano, el centro de monitoreo y la Polic\u00eda para mejorar la vigilancia y la seguridad en la comunidad.<\/p>\n<p>Un programa de seguridad innovador<br \/>\n<strong>\u00abOjos en Alerta\u00bb<\/strong> es un programa de seguridad ciudadana que se basa en la participaci\u00f3n activa de los vecinos para reportar situaciones sospechosas y emergencias a trav\u00e9s de Whatsapp. Este sistema permite una respuesta r\u00e1pida y coordinada de las fuerzas de seguridad, mejorando la capacidad de prevenci\u00f3n y reacci\u00f3n ante posibles delitos.<\/p>\n<p>Macome mostr\u00f3 su satisfacci\u00f3n por la implementaci\u00f3n de este programa. \u00abQuiero agradecer a la Municipalidad de Yerba Buena por haber adoptado \u2018Ojos en Alerta\u2019. Esta es una herramienta que propuse cuando era concejal y ver que ahora se ha materializado es un gran logro para nuestra comunidad\u00bb, afirm\u00f3 Macome.<\/p>\n<p>El legislador subray\u00f3 la importancia de contar con herramientas tecnol\u00f3gicas y la colaboraci\u00f3n de los ciudadanos para combatir la inseguridad. \u00ab<strong>La seguridad es una prioridad y debemos utilizar todos los recursos a nuestro alcance para proteger a nuestros vecinos. \u2018Ojos en Alerta\u2019 es un ejemplo de c\u00f3mo la tecnolog\u00eda puede ser una aliada en esta lucha\u00bb,<\/strong> concluy\u00f3.<\/p>\n<\/div>\n<\/div>\n<\/article>\n<\/div>\n","protected":false},"excerpt":{"rendered":"<p>Macome celebr\u00f3 la llegada del programa en Yerba Buena. El legislador de LLA hab\u00eda presentado una iniciativa el mandato anterior, cuando se desempe\u00f1aba como concejal en la ciudad jard\u00edn. El legislador Jos\u00e9 Macome (La Libertad Avanza) celebr\u00f3 la llegada del programa de Protecci\u00f3n Ciudadana Ojos en Alerta a Yerba Buena, que hab\u00eda incentivado durante su &hellip;<\/p>\n","protected":false},"author":2,"featured_media":3752,"comment_status":"open","ping_status":"open","sticky":false,"template":"","format":"standard","meta":{"footnotes":""},"categories":[34,26],"tags":[1018],"class_list":["post-3751","post","type-post","status-publish","format-standard","has-post-thumbnail","hentry","category-locales","category-policiales","tag-legislador-jose-macome-la-libertad-avanza"],"_links":{"self":[{"href":"https:\/\/cafeprensa.com.ar\/index.php\/wp-json\/wp\/v2\/posts\/3751","targetHints":{"allow":["GET"]}}],"collection":[{"href":"https:\/\/cafeprensa.com.ar\/index.php\/wp-json\/wp\/v2\/posts"}],"about":[{"href":"https:\/\/cafeprensa.com.ar\/index.php\/wp-json\/wp\/v2\/types\/post"}],"author":[{"embeddable":true,"href":"https:\/\/cafeprensa.com.ar\/index.php\/wp-json\/wp\/v2\/users\/2"}],"replies":[{"embeddable":true,"href":"https:\/\/cafeprensa.com.ar\/index.php\/wp-json\/wp\/v2\/comments?post=3751"}],"version-history":[{"count":1,"href":"https:\/\/cafeprensa.com.ar\/index.php\/wp-json\/wp\/v2\/posts\/3751\/revisions"}],"predecessor-version":[{"id":3753,"href":"https:\/\/cafeprensa.com.ar\/index.php\/wp-json\/wp\/v2\/posts\/3751\/revisions\/3753"}],"wp:featuredmedia":[{"embeddable":true,"href":"https:\/\/cafeprensa.com.ar\/index.php\/wp-json\/wp\/v2\/media\/3752"}],"wp:attachment":[{"href":"https:\/\/cafeprensa.com.ar\/index.php\/wp-json\/wp\/v2\/media?parent=3751"}],"wp:term":[{"taxonomy":"category","embeddable":true,"href":"https:\/\/cafeprensa.com.ar\/index.php\/wp-json\/wp\/v2\/categories?post=3751"},{"taxonomy":"post_tag","embeddable":true,"href":"https:\/\/cafeprensa.com.ar\/index.php\/wp-json\/wp\/v2\/tags?post=3751"}],"curies":[{"name":"wp","href":"https:\/\/api.w.org\/{rel}","templated":true}]}}