{"id":3776,"date":"2024-07-26T14:00:35","date_gmt":"2024-07-26T12:00:35","guid":{"rendered":"https:\/\/cafeprensa.com.ar\/?p=3776"},"modified":"2024-07-26T14:00:35","modified_gmt":"2024-07-26T12:00:35","slug":"detienen-a-un-barrabrava-con-un-kilo-de-cocaina-en-un-colectivo-de-exprebus","status":"publish","type":"post","link":"https:\/\/cafeprensa.com.ar\/index.php\/2024\/07\/26\/detienen-a-un-barrabrava-con-un-kilo-de-cocaina-en-un-colectivo-de-exprebus\/","title":{"rendered":"Detienen a un barrabrava con un kilo de coca\u00edna en un colectivo de Exprebus"},"content":{"rendered":"<div class=\"pull-left col-md-6 fotos-containers\">Ocurri\u00f3 en la noche del jueves en el cruce de ruta 38 y 325 en el acceso sur a Monteros.<\/div>\n<p><strong>En un\u00a0operativo sorpresa realizado en la intersecci\u00f3n de Ruta 38 y 325, en el acceso sur a Monteros, se detuvo a un peligroso sujeto que es un reconocido barra brava de Concepci\u00f3n que transportaba coca\u00edna en el interno 162 de la empresa Exprebus.<\/strong><\/p>\n<p>El hecho se registr\u00f3 pasada las 21:00, cuando los oficiales llevaban a cabo un control vehicular rutinario y detuvieron un colectivo de la l\u00ednea Exprebus. La presencia de un sujeto que intento evadir las preguntas de los uniformados, alert\u00f3 a los uniformados quienes advirtieron el hecho a Gendarmer\u00eda Nacional, quienes con un perro adiestrado detect\u00f3 que el hombre ten\u00eda estupefacientes en su bolso. Con la tensi\u00f3n en el aire y bajo la mirada de testigos, los gendarmes realizaron un minucioso registro del colectivo.<\/p>\n<p><img loading=\"lazy\" decoding=\"async\" class=\"alignnone size-medium wp-image-3778\" src=\"https:\/\/cafeprensa.com.ar\/wp-content\/uploads\/2024\/07\/policia-de-tucuman-drogas-300x200.jpg\" alt=\"\" width=\"300\" height=\"200\" srcset=\"https:\/\/cafeprensa.com.ar\/wp-content\/uploads\/2024\/07\/policia-de-tucuman-drogas-300x200.jpg 300w, https:\/\/cafeprensa.com.ar\/wp-content\/uploads\/2024\/07\/policia-de-tucuman-drogas-768x512.jpg 768w, https:\/\/cafeprensa.com.ar\/wp-content\/uploads\/2024\/07\/policia-de-tucuman-drogas.jpg 960w\" sizes=\"auto, (max-width: 300px) 100vw, 300px\" \/><\/p>\n<p>En el interior del bolso los gendarmes encontraron un paquete negro que, tras una r\u00e1pida prueba de campo, se confirm\u00f3 que conten\u00eda aproximadamente 1 kg de coca\u00edna. El caso fue r\u00e1pidamente comunicado al Juzgado Federal de 2da Nominaci\u00f3n de la capital, donde el juez\u00a0Alberto Zelaya\u00a0orden\u00f3 la inmediata detenci\u00f3n de Fern\u00e1ndez y el secuestro de la sustancia.<\/p>\n<p>El operativo estuvo coordinado por el Crio. Mayor,\u00a0Sergio Risso Patr\u00f3n,\u00a0y participaron personal de la Polic\u00eda de Monteros, Patrulla Motorizada, Gendarmer\u00eda Nacional, Guardia Urbana, Defensa Civil y Tr\u00e1nsito de la Municipalidad de Monteros. Las tareas fueron ejecutadas por el Crio. Inspector,\u00a0Guido Ju\u00e1rez, y los jefes de la comisar\u00eda local, Crio. Ppal.\u00a0Juan Ghunter, Sub. Crio.\u00a0Mario Acosta, y el Of. Ppal.\u00a0Nels\u00f3n C\u00f3rdoba. \/<a href=\"https:\/\/monterizos.com.ar\/2024\/07\/26\/video-asi-fue-el-operativo-antidrogas-dentro-del-interno-de-la-empresa-exprebus\/\">Monterizos<\/a><\/p>\n<p><img decoding=\"async\" class=\"img-responsive\" src=\"https:\/\/monterizos.com.ar\/wp-content\/uploads\/2024\/07\/Diseno-sin-titulo_20240725_220608_0000.jpg\" width=\"700\" \/><iframe id=\"instagram-embed-0\" class=\"instagram-media instagram-media-rendered\" src=\"https:\/\/www.instagram.com\/reel\/C93vGUfRFWz\/embed\/captioned\/?cr=1&amp;v=14&amp;wp=675&amp;rd=https%3A%2F%2Fwww.contextotucuman.com&amp;rp=%2Fnota%2F319659%2Fdetienen-a-un-barrabrava-de-concepcion-con-un-kilo-de-cocaina-en-un-colectivo-de-exprebus.html#%7B%22ci%22%3A0%2C%22os%22%3A1052.2000000178814%2C%22ls%22%3A381.30000001192093%2C%22le%22%3A718.5999999940395%7D\" height=\"1005\" frameborder=\"0\" scrolling=\"no\" allowfullscreen=\"allowfullscreen\" data-instgrm-payload-id=\"instagram-media-payload-0\" data-mce-fragment=\"1\"><\/iframe><\/p>\n","protected":false},"excerpt":{"rendered":"<p>Ocurri\u00f3 en la noche del jueves en el cruce de ruta 38 y 325 en el acceso sur a Monteros. En un\u00a0operativo sorpresa realizado en la intersecci\u00f3n de Ruta 38 y 325, en el acceso sur a Monteros, se detuvo a un peligroso sujeto que es un reconocido barra brava de Concepci\u00f3n que transportaba coca\u00edna &hellip;<\/p>\n","protected":false},"author":2,"featured_media":3777,"comment_status":"open","ping_status":"open","sticky":false,"template":"","format":"standard","meta":{"footnotes":""},"categories":[34,26],"tags":[220],"class_list":["post-3776","post","type-post","status-publish","format-standard","has-post-thumbnail","hentry","category-locales","category-policiales","tag-exprebus"],"_links":{"self":[{"href":"https:\/\/cafeprensa.com.ar\/index.php\/wp-json\/wp\/v2\/posts\/3776","targetHints":{"allow":["GET"]}}],"collection":[{"href":"https:\/\/cafeprensa.com.ar\/index.php\/wp-json\/wp\/v2\/posts"}],"about":[{"href":"https:\/\/cafeprensa.com.ar\/index.php\/wp-json\/wp\/v2\/types\/post"}],"author":[{"embeddable":true,"href":"https:\/\/cafeprensa.com.ar\/index.php\/wp-json\/wp\/v2\/users\/2"}],"replies":[{"embeddable":true,"href":"https:\/\/cafeprensa.com.ar\/index.php\/wp-json\/wp\/v2\/comments?post=3776"}],"version-history":[{"count":1,"href":"https:\/\/cafeprensa.com.ar\/index.php\/wp-json\/wp\/v2\/posts\/3776\/revisions"}],"predecessor-version":[{"id":3779,"href":"https:\/\/cafeprensa.com.ar\/index.php\/wp-json\/wp\/v2\/posts\/3776\/revisions\/3779"}],"wp:featuredmedia":[{"embeddable":true,"href":"https:\/\/cafeprensa.com.ar\/index.php\/wp-json\/wp\/v2\/media\/3777"}],"wp:attachment":[{"href":"https:\/\/cafeprensa.com.ar\/index.php\/wp-json\/wp\/v2\/media?parent=3776"}],"wp:term":[{"taxonomy":"category","embeddable":true,"href":"https:\/\/cafeprensa.com.ar\/index.php\/wp-json\/wp\/v2\/categories?post=3776"},{"taxonomy":"post_tag","embeddable":true,"href":"https:\/\/cafeprensa.com.ar\/index.php\/wp-json\/wp\/v2\/tags?post=3776"}],"curies":[{"name":"wp","href":"https:\/\/api.w.org\/{rel}","templated":true}]}}