{"id":3823,"date":"2024-07-30T14:31:42","date_gmt":"2024-07-30T12:31:42","guid":{"rendered":"https:\/\/cafeprensa.com.ar\/?p=3823"},"modified":"2024-07-30T14:34:39","modified_gmt":"2024-07-30T12:34:39","slug":"con-loa-subsidios-mas-altos-la-crisis-del-transporte-tambien-llego-al-amba","status":"publish","type":"post","link":"https:\/\/cafeprensa.com.ar\/index.php\/2024\/07\/30\/con-loa-subsidios-mas-altos-la-crisis-del-transporte-tambien-llego-al-amba\/","title":{"rendered":"Con los subsidios m\u00e1s altos, la crisis del transporte tambien lleg\u00f3 al AMBA"},"content":{"rendered":"<p>La espera para tomer un colectivo en el \u00c4rea Metropolitana de Buenos Aires (AMBA) se ah vuelto cada vez m\u00e1s larga y frustrante para los usuarios.<\/p>\n<p>La reducci\u00f3n de frecuencias de las unidades es evidente, y quienes dependen\u00a0 del trasporte p\u00fablico deben enfrentar una espera que superan los 30 minutos hastas una hota de demora. <em><strong>\u00abLas cusas son multiples: Coches m\u00e1s viejos que pasan m\u00e1s tiempo en el taller que el recorrido que deberia realizar, higiene dificiente, calefaccion y aires acondicionados que brillan por su ausencia\u00bb.<\/strong><\/em><\/p>\n<p><em><strong><img loading=\"lazy\" decoding=\"async\" class=\"alignnone size-medium wp-image-3824\" src=\"https:\/\/cafeprensa.com.ar\/wp-content\/uploads\/2024\/07\/C546QELNCRANZHMSYES7PQBMFI-300x169.jpg\" alt=\"\" width=\"300\" height=\"169\" srcset=\"https:\/\/cafeprensa.com.ar\/wp-content\/uploads\/2024\/07\/C546QELNCRANZHMSYES7PQBMFI-300x169.jpg 300w, https:\/\/cafeprensa.com.ar\/wp-content\/uploads\/2024\/07\/C546QELNCRANZHMSYES7PQBMFI-1024x576.jpg 1024w, https:\/\/cafeprensa.com.ar\/wp-content\/uploads\/2024\/07\/C546QELNCRANZHMSYES7PQBMFI-768x432.jpg 768w, https:\/\/cafeprensa.com.ar\/wp-content\/uploads\/2024\/07\/C546QELNCRANZHMSYES7PQBMFI-390x220.jpg 390w, https:\/\/cafeprensa.com.ar\/wp-content\/uploads\/2024\/07\/C546QELNCRANZHMSYES7PQBMFI.jpg 1200w\" sizes=\"auto, (max-width: 300px) 100vw, 300px\" \/>\u00a0<\/strong><\/em><\/p>\n<p>Les presentamos un informe realizado por America 24 donde pueden ver lo que pasa con el trasporte p\u00fablico de pasajeros en casi todo el pais .-<\/p>\n<p><iframe loading=\"lazy\" title=\"YouTube video player\" src=\"https:\/\/www.youtube.com\/embed\/fkRaBPKywKg?si=nlehyD0dtMR7HPlu\" width=\"560\" height=\"315\" frameborder=\"0\" allowfullscreen=\"allowfullscreen\"><\/iframe><\/p>\n","protected":false},"excerpt":{"rendered":"<p>La espera para tomer un colectivo en el \u00c4rea Metropolitana de Buenos Aires (AMBA) se ah vuelto cada vez m\u00e1s larga y frustrante para los usuarios. La reducci\u00f3n de frecuencias de las unidades es evidente, y quienes dependen\u00a0 del trasporte p\u00fablico deben enfrentar una espera que superan los 30 minutos hastas una hota de demora. &hellip;<\/p>\n","protected":false},"author":2,"featured_media":3825,"comment_status":"open","ping_status":"open","sticky":false,"template":"","format":"standard","meta":{"footnotes":""},"categories":[54,33],"tags":[579,99,181,129,152,160,127],"class_list":["post-3823","post","type-post","status-publish","format-standard","has-post-thumbnail","hentry","category-interes-ganeral","category-nacionales","tag-amba","tag-colectivos","tag-fernandez","tag-gonzalez","tag-subsidios","tag-tucuman","tag-uta"],"_links":{"self":[{"href":"https:\/\/cafeprensa.com.ar\/index.php\/wp-json\/wp\/v2\/posts\/3823","targetHints":{"allow":["GET"]}}],"collection":[{"href":"https:\/\/cafeprensa.com.ar\/index.php\/wp-json\/wp\/v2\/posts"}],"about":[{"href":"https:\/\/cafeprensa.com.ar\/index.php\/wp-json\/wp\/v2\/types\/post"}],"author":[{"embeddable":true,"href":"https:\/\/cafeprensa.com.ar\/index.php\/wp-json\/wp\/v2\/users\/2"}],"replies":[{"embeddable":true,"href":"https:\/\/cafeprensa.com.ar\/index.php\/wp-json\/wp\/v2\/comments?post=3823"}],"version-history":[{"count":4,"href":"https:\/\/cafeprensa.com.ar\/index.php\/wp-json\/wp\/v2\/posts\/3823\/revisions"}],"predecessor-version":[{"id":3829,"href":"https:\/\/cafeprensa.com.ar\/index.php\/wp-json\/wp\/v2\/posts\/3823\/revisions\/3829"}],"wp:featuredmedia":[{"embeddable":true,"href":"https:\/\/cafeprensa.com.ar\/index.php\/wp-json\/wp\/v2\/media\/3825"}],"wp:attachment":[{"href":"https:\/\/cafeprensa.com.ar\/index.php\/wp-json\/wp\/v2\/media?parent=3823"}],"wp:term":[{"taxonomy":"category","embeddable":true,"href":"https:\/\/cafeprensa.com.ar\/index.php\/wp-json\/wp\/v2\/categories?post=3823"},{"taxonomy":"post_tag","embeddable":true,"href":"https:\/\/cafeprensa.com.ar\/index.php\/wp-json\/wp\/v2\/tags?post=3823"}],"curies":[{"name":"wp","href":"https:\/\/api.w.org\/{rel}","templated":true}]}}