{"id":3837,"date":"2024-07-31T00:52:39","date_gmt":"2024-07-30T22:52:39","guid":{"rendered":"https:\/\/cafeprensa.com.ar\/?p=3837"},"modified":"2024-07-31T00:52:39","modified_gmt":"2024-07-30T22:52:39","slug":"se-extendera-por-30-dias-la-inscripcion-para-mantener-subsidios-de-luz-y-gas","status":"publish","type":"post","link":"https:\/\/cafeprensa.com.ar\/index.php\/2024\/07\/31\/se-extendera-por-30-dias-la-inscripcion-para-mantener-subsidios-de-luz-y-gas\/","title":{"rendered":"Se extender\u00e1 por 30 d\u00edas la inscripci\u00f3n para mantener subsidios de luz y gas"},"content":{"rendered":"<div class=\"td-post-header td-pb-padding-side\">\n<header>\n<p class=\"td-post-sub-title\">La Secretar\u00eda de Energ\u00eda extiende la inscripci\u00f3n para mantener los subsidios de luz y gas hasta el 4 de septiembre.<\/p>\n<\/header>\n<\/div>\n<div class=\"td-post-content td-pb-padding-side\">\n<p><strong>El vocero presidencial, Manuel Adorni confirm\u00f3 que el Gobierno extender\u00e1 por 30 d\u00edas la inscripci\u00f3n para mantener los subsidios de luz y gas.<\/strong>\u00a0La fecha l\u00edmite para inscribirse al Registro de Acceso a los Subsidios a la Energ\u00eda (RASE) era el 4 de agosto.<br \/>\n<strong><br \/>\nDe esta manera, las personas beneficiarias de la tarifa social que nunca se inscribieron en el RASE tendr\u00e1n tiempo de completar el formulario hasta el 4 de septiembre de 2024.<\/strong><\/p>\n<p>\u201cEs muy importante que se registren en el RASE porque les va a permitir mantener el precio de la tarifa y lograr que la asistencia se focalice en quienes realmente no pueden pagar el servicio\u201d, asegur\u00f3 Adorni.<\/p>\n<\/div>\n","protected":false},"excerpt":{"rendered":"<p>La Secretar\u00eda de Energ\u00eda extiende la inscripci\u00f3n para mantener los subsidios de luz y gas hasta el 4 de septiembre. El vocero presidencial, Manuel Adorni confirm\u00f3 que el Gobierno extender\u00e1 por 30 d\u00edas la inscripci\u00f3n para mantener los subsidios de luz y gas.\u00a0La fecha l\u00edmite para inscribirse al Registro de Acceso a los Subsidios a &hellip;<\/p>\n","protected":false},"author":2,"featured_media":3838,"comment_status":"open","ping_status":"open","sticky":false,"template":"","format":"standard","meta":{"footnotes":""},"categories":[28,33],"tags":[1028,151,150],"class_list":["post-3837","post","type-post","status-publish","format-standard","has-post-thumbnail","hentry","category-economia","category-nacionales","tag-agua","tag-gas","tag-luz"],"_links":{"self":[{"href":"https:\/\/cafeprensa.com.ar\/index.php\/wp-json\/wp\/v2\/posts\/3837","targetHints":{"allow":["GET"]}}],"collection":[{"href":"https:\/\/cafeprensa.com.ar\/index.php\/wp-json\/wp\/v2\/posts"}],"about":[{"href":"https:\/\/cafeprensa.com.ar\/index.php\/wp-json\/wp\/v2\/types\/post"}],"author":[{"embeddable":true,"href":"https:\/\/cafeprensa.com.ar\/index.php\/wp-json\/wp\/v2\/users\/2"}],"replies":[{"embeddable":true,"href":"https:\/\/cafeprensa.com.ar\/index.php\/wp-json\/wp\/v2\/comments?post=3837"}],"version-history":[{"count":1,"href":"https:\/\/cafeprensa.com.ar\/index.php\/wp-json\/wp\/v2\/posts\/3837\/revisions"}],"predecessor-version":[{"id":3839,"href":"https:\/\/cafeprensa.com.ar\/index.php\/wp-json\/wp\/v2\/posts\/3837\/revisions\/3839"}],"wp:featuredmedia":[{"embeddable":true,"href":"https:\/\/cafeprensa.com.ar\/index.php\/wp-json\/wp\/v2\/media\/3838"}],"wp:attachment":[{"href":"https:\/\/cafeprensa.com.ar\/index.php\/wp-json\/wp\/v2\/media?parent=3837"}],"wp:term":[{"taxonomy":"category","embeddable":true,"href":"https:\/\/cafeprensa.com.ar\/index.php\/wp-json\/wp\/v2\/categories?post=3837"},{"taxonomy":"post_tag","embeddable":true,"href":"https:\/\/cafeprensa.com.ar\/index.php\/wp-json\/wp\/v2\/tags?post=3837"}],"curies":[{"name":"wp","href":"https:\/\/api.w.org\/{rel}","templated":true}]}}