{"id":3840,"date":"2024-07-31T00:59:45","date_gmt":"2024-07-30T22:59:45","guid":{"rendered":"https:\/\/cafeprensa.com.ar\/?p=3840"},"modified":"2024-07-31T00:59:45","modified_gmt":"2024-07-30T22:59:45","slug":"campero-renuncia-a-la-ucr","status":"publish","type":"post","link":"https:\/\/cafeprensa.com.ar\/index.php\/2024\/07\/31\/campero-renuncia-a-la-ucr\/","title":{"rendered":"Campero renuncia a la UCR"},"content":{"rendered":"<div class=\"pull-left col-md-6 fotos-containers\">\n<div class=\"container-fluid noPadding galeria_fotos_nota\">\n<div class=\"\"><b>El diputado nacional Mariano Campero anunci\u00f3 su renuncia al radicalismo, quebrando a\u00fan m\u00e1s a la deshilachada oposici\u00f3n tucumana.<\/b><\/div>\n<\/div>\n<\/div>\n<div><b>La jugada gener\u00f3 inocultable satisfacci\u00f3n en sectores del PJ y libertarios. La salida de Campero tambi\u00e9n corrobora que Juntos por el Cambio no existe m\u00e1s en la provincia.<\/b><\/div>\n<div>\u00abNosotros hemos querido competir en la interna radical de Tucum\u00e1n. Pero hace un a\u00f1o que vienen aplazando la interna. Y ahora acaban de correrla por tercera vez, violando lo que establece la propia carta org\u00e1nica. Claramente, postergan la interna por nosotros. El radicalismo tucumano est\u00e1 obsesionado con impedir el crecimiento de nuestro equipo. Ante esto, preferimos hacernos a un costado\u00bb, se\u00f1al\u00f3 Campero.<\/div>\n<div><strong>\u00abNosotros no queremos hacer pol\u00edtica con gente que vive de hace 30 a\u00f1os de la pol\u00edtica. Y si corren la interna, es porque est\u00e1n buscando seguir viviendo de la pol\u00edtica. Es porque miran su propio pupo. Si queremos ser una alternativa pol\u00edtica para sacar al peronismo de Tucum\u00e1n, despu\u00e9s de 30 a\u00f1os, tenemos que ser serios. Desde enero, intentamos que todo el espacio se sientan parte. Venimos conversando para que construyamos esa alternativa. \u00bfPero ellos c\u00f3mo nos contestan? \u2019No. No queremos armar con vos; te corremos la interna\u2019. \u00bfNo quieren armar? Perfecto. Vamos a construir una alternativa para los tucumanos, pese a ellos\u00bb<\/strong>, afirm\u00f3 Campero en una entrevista televisiva.<br \/>\n\u00abVamos a construir un plan de desarrollo: cu\u00e1ntos kil\u00f3metros de rutas tenemos pavimentadas; qu\u00e9 vamos a hacer con la SAT (porque as\u00ed, no va m\u00e1s); c\u00f3mo saneamos los r\u00edos; c\u00f3mo aprovechemos de una vez el potencial tur\u00edstico; c\u00f3mo debe ser el plan de obras p\u00fablicas, despu\u00e9s de 20 a\u00f1os en los que no se hace una sola obra importante. \u00a1Cord\u00f3n cuneta es lo \u00fanico que hicieron en d\u00e9cadas! \u00a1Y uno va a Santiago, Salta, Jujuy o Catamarca y est\u00e1 lleno de autopistas!\u00bb, detall\u00f3 Campero.<br \/>\n<b>\u00abVamos a trabajar con gente de bien. Y dejar a esos yunques que s\u00f3lo buscan salvarse a s\u00ed mismos. Como lo hicimos en Yerba Buena, la primera vez. Siempre digo que he sido intendente a pesar del radicalismo. El a\u00f1o que viene probablemente haya un llamado para reformar la Constituci\u00f3n. Tambi\u00e9n habr\u00e1 elecciones legislativas. Debemos construir un plan\u00bb, indic\u00f3 el diputado.<\/b><br \/>\n\u00abCon respecto al bloque radical en Diputados, hemos conformado un frente de j\u00f3venes diputados que me recuerdan, todo el tiempo, porque peleamos. Rodrigo de Loredo, Francisco Monti, Pamela Verasay, Mart\u00edn Arjol, Luis Picat y varios m\u00e1s. La UCR tiene por lejos el mejor cuadro pol\u00edtico en Diputados. Pero tambi\u00e9n a nivel nacional nos diferenciamos de los pol\u00edticos chicaneros, ma\u00f1eros y que s\u00f3lo miran su propio pupo. No estamos de acuerdo con la postura de Mart\u00edn Lousteau\u00bb, ejemplific\u00f3.<br \/>\n<strong>\u00abHoy empezamos a trabajar con Cambia Tucum\u00e1n. Nos salimos de la interna radical para evitar condicionamientos para un proyecto de Gobierno. Vamos a poner todo nuestro esfuerzo en construir un nuevo frente pol\u00edtico, con mujeres y hombres que representan a una nueva generaci\u00f3n pol\u00edtica. Gente honesta y sin ma\u00f1as\u00bb,<\/strong> finaliz\u00f3 Campero.<\/div>\n","protected":false},"excerpt":{"rendered":"<p>El diputado nacional Mariano Campero anunci\u00f3 su renuncia al radicalismo, quebrando a\u00fan m\u00e1s a la deshilachada oposici\u00f3n tucumana. La jugada gener\u00f3 inocultable satisfacci\u00f3n en sectores del PJ y libertarios. La salida de Campero tambi\u00e9n corrobora que Juntos por el Cambio no existe m\u00e1s en la provincia. \u00abNosotros hemos querido competir en la interna radical de &hellip;<\/p>\n","protected":false},"author":2,"featured_media":3841,"comment_status":"open","ping_status":"open","sticky":false,"template":"","format":"standard","meta":{"footnotes":""},"categories":[34,25],"tags":[1034,110],"class_list":["post-3840","post","type-post","status-publish","format-standard","has-post-thumbnail","hentry","category-locales","category-politica","tag-campero","tag-ucr"],"_links":{"self":[{"href":"https:\/\/cafeprensa.com.ar\/index.php\/wp-json\/wp\/v2\/posts\/3840","targetHints":{"allow":["GET"]}}],"collection":[{"href":"https:\/\/cafeprensa.com.ar\/index.php\/wp-json\/wp\/v2\/posts"}],"about":[{"href":"https:\/\/cafeprensa.com.ar\/index.php\/wp-json\/wp\/v2\/types\/post"}],"author":[{"embeddable":true,"href":"https:\/\/cafeprensa.com.ar\/index.php\/wp-json\/wp\/v2\/users\/2"}],"replies":[{"embeddable":true,"href":"https:\/\/cafeprensa.com.ar\/index.php\/wp-json\/wp\/v2\/comments?post=3840"}],"version-history":[{"count":1,"href":"https:\/\/cafeprensa.com.ar\/index.php\/wp-json\/wp\/v2\/posts\/3840\/revisions"}],"predecessor-version":[{"id":3842,"href":"https:\/\/cafeprensa.com.ar\/index.php\/wp-json\/wp\/v2\/posts\/3840\/revisions\/3842"}],"wp:featuredmedia":[{"embeddable":true,"href":"https:\/\/cafeprensa.com.ar\/index.php\/wp-json\/wp\/v2\/media\/3841"}],"wp:attachment":[{"href":"https:\/\/cafeprensa.com.ar\/index.php\/wp-json\/wp\/v2\/media?parent=3840"}],"wp:term":[{"taxonomy":"category","embeddable":true,"href":"https:\/\/cafeprensa.com.ar\/index.php\/wp-json\/wp\/v2\/categories?post=3840"},{"taxonomy":"post_tag","embeddable":true,"href":"https:\/\/cafeprensa.com.ar\/index.php\/wp-json\/wp\/v2\/tags?post=3840"}],"curies":[{"name":"wp","href":"https:\/\/api.w.org\/{rel}","templated":true}]}}