{"id":3869,"date":"2024-07-31T13:45:00","date_gmt":"2024-07-31T11:45:00","guid":{"rendered":"https:\/\/cafeprensa.com.ar\/?p=3869"},"modified":"2024-07-31T13:45:00","modified_gmt":"2024-07-31T11:45:00","slug":"vuelve-el-motogp-a-termas","status":"publish","type":"post","link":"https:\/\/cafeprensa.com.ar\/index.php\/2024\/07\/31\/vuelve-el-motogp-a-termas\/","title":{"rendered":"Vuelve el MotoGP a Termas"},"content":{"rendered":"<p>Confirman que el Mundial regresa al pa\u00eds en 2025<br \/>\nLa organizaci\u00f3n dio a conocer la noticia y as\u00ed, el Argentina GP ser\u00e1 incluido en el pr\u00f3ximo calendario tras la ausencia en 2024.<br \/>\nEl Mundial de MotoGP, la m\u00e1xima categor\u00eda del motociclismo de competici\u00f3n en el mundo, regresar\u00e1 a Argentina en 2025 con el Gran Premio de la Rep\u00fablica Argentina.<\/p>\n<p>Esta emocionante noticia llega despu\u00e9s de que en 2024 la carrera no pudo disputarse debido a problemas log\u00edsticos impidieron que se pueda disputar la fecha que hab\u00eda sido confirmada en el calendario.\u00a0La empresa promotora del evento hizo oficial este anuncio y ya est\u00e1 trabajando para definir la fecha de regreso en el calendario 2025, aunque se estima que, como de costumbre, podr\u00eda ser entre fines de marzo y principios de abril.<\/p>\n<p><img loading=\"lazy\" decoding=\"async\" class=\"alignnone size-medium wp-image-3871\" src=\"https:\/\/cafeprensa.com.ar\/wp-content\/uploads\/2024\/07\/motogptermas-300x169.jpg\" alt=\"\" width=\"300\" height=\"169\" srcset=\"https:\/\/cafeprensa.com.ar\/wp-content\/uploads\/2024\/07\/motogptermas-300x169.jpg 300w, https:\/\/cafeprensa.com.ar\/wp-content\/uploads\/2024\/07\/motogptermas-1024x576.jpg 1024w, https:\/\/cafeprensa.com.ar\/wp-content\/uploads\/2024\/07\/motogptermas-768x432.jpg 768w, https:\/\/cafeprensa.com.ar\/wp-content\/uploads\/2024\/07\/motogptermas-1536x864.jpg 1536w, https:\/\/cafeprensa.com.ar\/wp-content\/uploads\/2024\/07\/motogptermas-390x220.jpg 390w, https:\/\/cafeprensa.com.ar\/wp-content\/uploads\/2024\/07\/motogptermas.jpg 1920w\" sizes=\"auto, (max-width: 300px) 100vw, 300px\" \/><\/p>\n<p><strong>EL GP DE LA ARGENTINA VOLVER\u00c1 A CORRERSE EN 2025 EN EL AUT\u00d3DROMO DE LAS TERMAS.<\/strong><\/p>\n<p>La \u00faltima vez que el campeonato mundial se corri\u00f3 en suelo santiague\u00f1o fue en el a\u00f1o 2023, donde el italiano Marco Bezzecchi se llev\u00f3 la victoria. El Aut\u00f3dromo de Termas de R\u00edo Hondo, en la provincia de \u00a0Santiago del Estero, ser\u00e1 nuevamente el escenario de este prestigioso evento. Considerado uno de los circuitos m\u00e1s modernos y desafiantes del calendario, Termas de R\u00edo Hondo ha sido sede del Gran Premio desde 2014, con excepci\u00f3n de los a\u00f1os en que la pandemia y otros factores interrumpieron la continuidad.<\/p>\n<p>La edici\u00f3n de 2025 promete ser un espect\u00e1culo inolvidable para los aficionados del motociclismo, quienes podr\u00e1n disfrutar de la destreza y velocidad de los mejores pilotos del mundo. La vuelta del Mundial de MotoGP a Argentina no solo representa una gran oportunidad para los fan\u00e1ticos locales, sino tambi\u00e9n un impulso significativo para el turismo y la econom\u00eda de la regi\u00f3n.<\/p>\n<p>Con la confirmaci\u00f3n del Gran Premio, las expectativas est\u00e1n altas y se espera una gran afluencia de p\u00fablico tanto nacional como internacional. Los organizadores ya est\u00e1n trabajando en los preparativos para garantizar un evento seguro y exitoso, aline\u00e1ndose con los est\u00e1ndares internacionales de la FIM (Federaci\u00f3n Internacional de Motociclismo).<\/p>\n<p>El regreso de MotoGP a Termas de R\u00edo Hondo reafirma la importancia de Argentina en el mapa mundial del motociclismo, y brinda una plataforma para que el pa\u00eds demuestre su capacidad de albergar competencias de alto nivel. La pasi\u00f3n por el motociclismo en Argentina es palpable, y 2025 ser\u00e1 un a\u00f1o clave para celebrar este deporte con toda su magnitud y emoci\u00f3n.<\/p>\n<p>As\u00ed, los motores volver\u00e1n a rugir en Termas de R\u00edo Hondo, con los pilotos m\u00e1s destacados compitiendo por la gloria en un circuito que desaf\u00eda tanto la habilidad como la estrategia. La espera ha sido larga, pero la emoci\u00f3n del regreso har\u00e1 que cada vuelta valga la pe<br \/>\n<span style=\"font-size: 8pt;\"><strong>Fuente: El Liberal<\/strong><\/span><br \/>\n<span style=\"font-size: 8pt;\"><strong>https:\/\/www.elliberal.com.ar\/nota\/27068\/2024\/07\/vuelve-el-motogp-a-termas&#8211;confirman-que-el-mundial-regresa-al-pais-en-2025<\/strong><\/span><\/p>\n","protected":false},"excerpt":{"rendered":"<p>Confirman que el Mundial regresa al pa\u00eds en 2025 La organizaci\u00f3n dio a conocer la noticia y as\u00ed, el Argentina GP ser\u00e1 incluido en el pr\u00f3ximo calendario tras la ausencia en 2024. El Mundial de MotoGP, la m\u00e1xima categor\u00eda del motociclismo de competici\u00f3n en el mundo, regresar\u00e1 a Argentina en 2025 con el Gran Premio &hellip;<\/p>\n","protected":false},"author":2,"featured_media":3870,"comment_status":"open","ping_status":"open","sticky":false,"template":"","format":"standard","meta":{"footnotes":""},"categories":[29,33],"tags":[1042],"class_list":["post-3869","post","type-post","status-publish","format-standard","has-post-thumbnail","hentry","category-deportes","category-nacionales","tag-gp-en-termas"],"_links":{"self":[{"href":"https:\/\/cafeprensa.com.ar\/index.php\/wp-json\/wp\/v2\/posts\/3869","targetHints":{"allow":["GET"]}}],"collection":[{"href":"https:\/\/cafeprensa.com.ar\/index.php\/wp-json\/wp\/v2\/posts"}],"about":[{"href":"https:\/\/cafeprensa.com.ar\/index.php\/wp-json\/wp\/v2\/types\/post"}],"author":[{"embeddable":true,"href":"https:\/\/cafeprensa.com.ar\/index.php\/wp-json\/wp\/v2\/users\/2"}],"replies":[{"embeddable":true,"href":"https:\/\/cafeprensa.com.ar\/index.php\/wp-json\/wp\/v2\/comments?post=3869"}],"version-history":[{"count":1,"href":"https:\/\/cafeprensa.com.ar\/index.php\/wp-json\/wp\/v2\/posts\/3869\/revisions"}],"predecessor-version":[{"id":3872,"href":"https:\/\/cafeprensa.com.ar\/index.php\/wp-json\/wp\/v2\/posts\/3869\/revisions\/3872"}],"wp:featuredmedia":[{"embeddable":true,"href":"https:\/\/cafeprensa.com.ar\/index.php\/wp-json\/wp\/v2\/media\/3870"}],"wp:attachment":[{"href":"https:\/\/cafeprensa.com.ar\/index.php\/wp-json\/wp\/v2\/media?parent=3869"}],"wp:term":[{"taxonomy":"category","embeddable":true,"href":"https:\/\/cafeprensa.com.ar\/index.php\/wp-json\/wp\/v2\/categories?post=3869"},{"taxonomy":"post_tag","embeddable":true,"href":"https:\/\/cafeprensa.com.ar\/index.php\/wp-json\/wp\/v2\/tags?post=3869"}],"curies":[{"name":"wp","href":"https:\/\/api.w.org\/{rel}","templated":true}]}}