{"id":4010,"date":"2024-08-07T12:46:22","date_gmt":"2024-08-07T10:46:22","guid":{"rendered":"https:\/\/cafeprensa.com.ar\/?p=4010"},"modified":"2024-08-07T12:47:49","modified_gmt":"2024-08-07T10:47:49","slug":"avanza-la-investigacion-por-explotacion-sexual-en-el-sheraton","status":"publish","type":"post","link":"https:\/\/cafeprensa.com.ar\/index.php\/2024\/08\/07\/avanza-la-investigacion-por-explotacion-sexual-en-el-sheraton\/","title":{"rendered":"Avanza la investigaci\u00f3n por explotaci\u00f3n sexual en el Sheraton"},"content":{"rendered":"<div class=\"pull-left col-md-6 fotos-containers\"><strong>La causa de explotaci\u00f3n sexual de menores por parte de un empresario tucumano que resid\u00eda en Estados Unidos tuvo un importante avance. El juez federal Jos\u00e9 Manuel D\u00edaz V\u00e9lez dict\u00f3 la falta de m\u00e9rito de un acusado y el sobreseimiento de otro que ya hab\u00eda sido dictada por el juez Daniel Bejas. El fiscal federal Agust\u00edn Chit ya apel\u00f3 la resoluci\u00f3n.<\/strong><\/div>\n<div class=\"pull-left col-md-6 fotos-containers\"><a class=\"galeria_fotos_nota\" href=\"https:\/\/www.contextotucuman.com\/\/uploads\/2024\/08\/7\/41270_2.jpg\" rel=\"prettyPhoto[pp_gal]\"><img decoding=\"async\" class=\"img-responsive\" src=\"https:\/\/www.contextotucuman.com\/\/uploads\/2024\/08\/7\/41270_2.jpg\" border=\"0\" \/><\/a><span style=\"font-size: 8pt;\"><strong>Eduardo Made (67) sigue detenido bajo arresto domiciliario. El caso sali\u00f3 a la luz en mayo del 2022<\/strong><\/span><\/div>\n<p>Una mujer realiz\u00f3 una denuncia asegurando que un hombre podr\u00eda haber montado una organizaci\u00f3n para prostituir a varias j\u00f3venes, entre las que se encontraba su hija. Inform\u00f3 adem\u00e1s que el sospechoso, mayor de edad, era un hombre de negocios tucumano que resid\u00eda en Miami. Declar\u00f3 tambi\u00e9n que el hombre le pagaba en d\u00f3lares a ella y a las otras jovencitas para que mantuvieran relaciones con \u00e9l y otras personas. en el hotel Sheraton.<\/p>\n<p><strong>Eduardo Made (67) fue detenido en mayo de 2022 por este caso, pero el fiscal sigui\u00f3 avanzando con la investigaci\u00f3n. Al sumar indicios de que habr\u00edan colaborado con el imputado, pidi\u00f3 que tambi\u00e9n se procesara al gerente del hotel Marcos Gual y del encargado Walter Salinas<\/strong>.<\/p>\n<p>El investigador sostuvo que <strong>\u201clos nombrados vali\u00e9ndose de sus roles jer\u00e1rquicos del hotel Sheraton de esta provincia, propiciaron las condiciones para que Made pueda llevar adelante sus maniobras de captaci\u00f3n, acogimiento y explotaci\u00f3n sexual de v\u00edctimas\u201d<\/strong>. Ambos se\u00f1alados reconocieron conocer al principal sospechoso por sus estad\u00edas en el hotel, pero negaron haber tenido alguna participaci\u00f3n en la conducta reprochada al principal acusado.<\/p>\n<p><strong>\u201cLa conducta il\u00edcita, no pod\u00eda llevarse a cabo sin el aporte activo, es decir, la complicidad de dos personas con funciones espec\u00edficas: el gerente del Hotel (Gual), por quien pasa el contralor de lo que sucede en el lugar, como as\u00ed tambi\u00e9n del encargado del \u00e1rea de seguridad (Salinas), que a la vez tambi\u00e9n es responsable del monitoreo de las c\u00e1maras instaladas\u201d<\/strong>, sostuvieron los abogados de la Fundaci\u00f3n Mar\u00eda de los \u00c1ngeles Ver\u00f3n que act\u00faan como querellantes en el expediente.<\/p>\n<p>Los defensores <strong>Javier Lobo Arag\u00f3n (Gual) y An\u00edbal Paz (Salinas)<\/strong> presentaron ante el juez Bejas un planteo para que fueran despegados de la causa, ya que consideraron que no hab\u00eda las pruebas suficientes para acusarlos. Tambi\u00e9n fundamentaron que a lo largo de dos a\u00f1os los acusadores no pudieron reunir m\u00e1s evidencias, por lo que correspond\u00eda que se aceptara su pedido. El magistrado sobresey\u00f3 a Gual y dict\u00f3 la falta de m\u00e9rito a Salinas. Made, en tanto, sigue detenido bajo la modalidad de arresto domiciliario. \/<a href=\"https:\/\/www.lagaceta.com.ar\/nota\/1046284\/seguridad\/explotacion-sexual-avanza-pesquisa-caso-made.html\">La Gaceta<\/a><\/p>\n","protected":false},"excerpt":{"rendered":"<p>La causa de explotaci\u00f3n sexual de menores por parte de un empresario tucumano que resid\u00eda en Estados Unidos tuvo un importante avance. El juez federal Jos\u00e9 Manuel D\u00edaz V\u00e9lez dict\u00f3 la falta de m\u00e9rito de un acusado y el sobreseimiento de otro que ya hab\u00eda sido dictada por el juez Daniel Bejas. El fiscal federal &hellip;<\/p>\n","protected":false},"author":2,"featured_media":4011,"comment_status":"open","ping_status":"open","sticky":false,"template":"","format":"standard","meta":{"footnotes":""},"categories":[47,34],"tags":[1070],"class_list":["post-4010","post","type-post","status-publish","format-standard","has-post-thumbnail","hentry","category-justicia","category-locales","tag-hotel-sheraton"],"_links":{"self":[{"href":"https:\/\/cafeprensa.com.ar\/index.php\/wp-json\/wp\/v2\/posts\/4010","targetHints":{"allow":["GET"]}}],"collection":[{"href":"https:\/\/cafeprensa.com.ar\/index.php\/wp-json\/wp\/v2\/posts"}],"about":[{"href":"https:\/\/cafeprensa.com.ar\/index.php\/wp-json\/wp\/v2\/types\/post"}],"author":[{"embeddable":true,"href":"https:\/\/cafeprensa.com.ar\/index.php\/wp-json\/wp\/v2\/users\/2"}],"replies":[{"embeddable":true,"href":"https:\/\/cafeprensa.com.ar\/index.php\/wp-json\/wp\/v2\/comments?post=4010"}],"version-history":[{"count":3,"href":"https:\/\/cafeprensa.com.ar\/index.php\/wp-json\/wp\/v2\/posts\/4010\/revisions"}],"predecessor-version":[{"id":4014,"href":"https:\/\/cafeprensa.com.ar\/index.php\/wp-json\/wp\/v2\/posts\/4010\/revisions\/4014"}],"wp:featuredmedia":[{"embeddable":true,"href":"https:\/\/cafeprensa.com.ar\/index.php\/wp-json\/wp\/v2\/media\/4011"}],"wp:attachment":[{"href":"https:\/\/cafeprensa.com.ar\/index.php\/wp-json\/wp\/v2\/media?parent=4010"}],"wp:term":[{"taxonomy":"category","embeddable":true,"href":"https:\/\/cafeprensa.com.ar\/index.php\/wp-json\/wp\/v2\/categories?post=4010"},{"taxonomy":"post_tag","embeddable":true,"href":"https:\/\/cafeprensa.com.ar\/index.php\/wp-json\/wp\/v2\/tags?post=4010"}],"curies":[{"name":"wp","href":"https:\/\/api.w.org\/{rel}","templated":true}]}}