{"id":4015,"date":"2024-08-07T12:56:06","date_gmt":"2024-08-07T10:56:06","guid":{"rendered":"https:\/\/cafeprensa.com.ar\/?p=4015"},"modified":"2024-08-07T12:56:06","modified_gmt":"2024-08-07T10:56:06","slug":"no-habra-que-renovar-el-carnet-de-manejo-como-es-el-proyecto","status":"publish","type":"post","link":"https:\/\/cafeprensa.com.ar\/index.php\/2024\/08\/07\/no-habra-que-renovar-el-carnet-de-manejo-como-es-el-proyecto\/","title":{"rendered":"No habr\u00e1 que renovar el carnet de manejo: c\u00f3mo es el proyecto"},"content":{"rendered":"<p class=\"publicadoel\"><span style=\"font-family: arial;\"><b>El Gobierno est\u00e1 preparando un anuncio que podr\u00eda transformar para siempre el sistema de licencias de conducir en el pa\u00eds.\u00a0<\/b><\/span><\/p>\n<div class=\"pull-left col-md-6 fotos-containers\"><a class=\"galeria_fotos_nota\" href=\"https:\/\/www.contextotucuman.com\/\/uploads\/2024\/08\/7\/40309_6.jpg\" rel=\"prettyPhoto[pp_gal]\"><img decoding=\"async\" class=\"img-responsive\" src=\"https:\/\/www.contextotucuman.com\/\/uploads\/2024\/08\/7\/40309_6.jpg\" border=\"0\" \/><\/a><span style=\"font-size: 8pt;\"><strong>El plan ser\u00eda revelado en los pr\u00f3ximos d\u00edas y buscar\u00e1 que las licencias de conducir no tengan vencimiento.<\/strong><\/span><\/div>\n<div><span style=\"font-family: arial;\"><b>Basado en una iniciativa de la diputada Patricia V\u00e1zquez del PRO, el nuevo proyecto de ley propone que los registros no tengan fecha de vencimiento y se renueven autom\u00e1ticamente mediante una declaraci\u00f3n jurada de aptitud f\u00edsica firmada por un m\u00e9dico.<\/b><\/span><\/div>\n<div><span style=\"font-family: arial;\">Federico Sturzenegger, Ministro de Desregulaci\u00f3n y Transformaci\u00f3n del Estado, confirm\u00f3 en una entrevista que est\u00e1n trabajando en una medida innovadora junto a la legisladora.\u00a0<\/span><\/div>\n<div><span style=\"font-family: arial;\">\u00abNo puedo dar muchos detalles porque el anuncio lo har\u00e1 el Ministro de Econom\u00eda en un par de semanas, pero va a ser algo muy cool\u00bb, declar\u00f3 el funcionario.\u00a0<\/span><\/div>\n<div><span style=\"font-family: arial;\">A\u00f1adi\u00f3 que a diferencia de otros pa\u00edses como Estados Unidos y M\u00e9xico, donde las licencias de conducir tienen una validez extendida o incluso vitalicia, Argentina adoptar\u00e1 un enfoque similar para reducir la burocracia y la corrupci\u00f3n.<\/span><\/div>\n<div><span style=\"font-family: arial;\">El proyecto modificar\u00eda el Art\u00edculo 13 de la Ley de Tr\u00e1nsito (ley 24.249) y establecer\u00eda que las licencias de conducir en sus categor\u00edas no profesionales se otorgar\u00e1n sin fecha de vencimiento.\u00a0<\/span><\/div>\n<div><span style=\"font-family: arial;\">Los conductores<b>\u00a0deber\u00e1n presentar cada cinco a\u00f1os\u00a0<\/b>una declaraci\u00f3n jurada y un certificado de aptitud psicof\u00edsica emitido por un m\u00e9dico acreditado, a trav\u00e9s de una plataforma electr\u00f3nica.<\/span><span style=\"font-family: arial;\"><b>A partir de los 75 a\u00f1os de edad, los conductores deber\u00e1n realizar esta presentaci\u00f3n anualmente. La presentaci\u00f3n del certificado m\u00e9dico y la declaraci\u00f3n jurada ser\u00e1 de car\u00e1cter digital y sin costo.<\/b><br \/>\nEn cuanto a las licencias profesionales, estas tendr\u00e1n una validez de hasta cinco a\u00f1os, requiriendo la aprobaci\u00f3n de un examen psicof\u00edsico para cada renovaci\u00f3n.<br \/>\nEl proyecto tambi\u00e9n establece que la autoridad de aplicaci\u00f3n no s\u00f3lo elaborar\u00eda un protocolo de evaluaci\u00f3n de aptitud psicof\u00edsica para el manejo de categor\u00edas no profesionales, sino que tambi\u00e9n dictar\u00e1 cursos de formaci\u00f3n espec\u00edficos para los m\u00e9dicos que emitan los certificados correspondientes.<br \/>\nEstos m\u00e9dicos deber\u00e1n estar registrados y haber aprobado dichos cursos, mientras que el registro ser\u00e1 de acceso p\u00fablico.\u00a0<\/span><\/div>\n","protected":false},"excerpt":{"rendered":"<p>El Gobierno est\u00e1 preparando un anuncio que podr\u00eda transformar para siempre el sistema de licencias de conducir en el pa\u00eds.\u00a0 El plan ser\u00eda revelado en los pr\u00f3ximos d\u00edas y buscar\u00e1 que las licencias de conducir no tengan vencimiento. Basado en una iniciativa de la diputada Patricia V\u00e1zquez del PRO, el nuevo proyecto de ley propone &hellip;<\/p>\n","protected":false},"author":2,"featured_media":4016,"comment_status":"open","ping_status":"open","sticky":false,"template":"","format":"standard","meta":{"footnotes":""},"categories":[54,33],"tags":[1072,1071],"class_list":["post-4015","post","type-post","status-publish","format-standard","has-post-thumbnail","hentry","category-interes-ganeral","category-nacionales","tag-carnet","tag-registro"],"_links":{"self":[{"href":"https:\/\/cafeprensa.com.ar\/index.php\/wp-json\/wp\/v2\/posts\/4015","targetHints":{"allow":["GET"]}}],"collection":[{"href":"https:\/\/cafeprensa.com.ar\/index.php\/wp-json\/wp\/v2\/posts"}],"about":[{"href":"https:\/\/cafeprensa.com.ar\/index.php\/wp-json\/wp\/v2\/types\/post"}],"author":[{"embeddable":true,"href":"https:\/\/cafeprensa.com.ar\/index.php\/wp-json\/wp\/v2\/users\/2"}],"replies":[{"embeddable":true,"href":"https:\/\/cafeprensa.com.ar\/index.php\/wp-json\/wp\/v2\/comments?post=4015"}],"version-history":[{"count":1,"href":"https:\/\/cafeprensa.com.ar\/index.php\/wp-json\/wp\/v2\/posts\/4015\/revisions"}],"predecessor-version":[{"id":4017,"href":"https:\/\/cafeprensa.com.ar\/index.php\/wp-json\/wp\/v2\/posts\/4015\/revisions\/4017"}],"wp:featuredmedia":[{"embeddable":true,"href":"https:\/\/cafeprensa.com.ar\/index.php\/wp-json\/wp\/v2\/media\/4016"}],"wp:attachment":[{"href":"https:\/\/cafeprensa.com.ar\/index.php\/wp-json\/wp\/v2\/media?parent=4015"}],"wp:term":[{"taxonomy":"category","embeddable":true,"href":"https:\/\/cafeprensa.com.ar\/index.php\/wp-json\/wp\/v2\/categories?post=4015"},{"taxonomy":"post_tag","embeddable":true,"href":"https:\/\/cafeprensa.com.ar\/index.php\/wp-json\/wp\/v2\/tags?post=4015"}],"curies":[{"name":"wp","href":"https:\/\/api.w.org\/{rel}","templated":true}]}}