{"id":4046,"date":"2024-08-08T13:11:45","date_gmt":"2024-08-08T11:11:45","guid":{"rendered":"https:\/\/cafeprensa.com.ar\/?p=4046"},"modified":"2024-08-08T13:11:45","modified_gmt":"2024-08-08T11:11:45","slug":"alberto-fernandez-le-habria-anticipado-a-fabiola-yanez-que-se-quitaria-la-vida-si-lo-denunciaba","status":"publish","type":"post","link":"https:\/\/cafeprensa.com.ar\/index.php\/2024\/08\/08\/alberto-fernandez-le-habria-anticipado-a-fabiola-yanez-que-se-quitaria-la-vida-si-lo-denunciaba\/","title":{"rendered":"Alberto Fern\u00e1ndez le habr\u00eda anticipado a Fabiola Ya\u00f1ez que se quitar\u00eda la vida, si lo denunciaba"},"content":{"rendered":"<div class=\"the-post-header s-head-modern s-head-modern-a has-share-meta-right\">\n<div class=\"post-meta post-meta-a post-meta-left post-meta-single has-below\">\n<div class=\"meta-below-has-right\">\n<div class=\"post-share post-share-b spc-social-colors  post-share-b3 post-share-b-circles post-share-b3-circles\"><em>Un periodista expres\u00f3 que el ex-presidente habr\u00eda intentado suicidarse en m\u00e1s de una ocasi\u00f3n.<\/em><\/div>\n<div><img loading=\"lazy\" decoding=\"async\" class=\"alignnone size-medium wp-image-4050\" src=\"https:\/\/cafeprensa.com.ar\/wp-content\/uploads\/2024\/08\/fabiola-yanez-alberto-fernandez-franciscojpg-300x185.webp\" alt=\"\" width=\"300\" height=\"185\" srcset=\"https:\/\/cafeprensa.com.ar\/wp-content\/uploads\/2024\/08\/fabiola-yanez-alberto-fernandez-franciscojpg-300x185.webp 300w, https:\/\/cafeprensa.com.ar\/wp-content\/uploads\/2024\/08\/fabiola-yanez-alberto-fernandez-franciscojpg-1024x631.webp 1024w, https:\/\/cafeprensa.com.ar\/wp-content\/uploads\/2024\/08\/fabiola-yanez-alberto-fernandez-franciscojpg-768x473.webp 768w, https:\/\/cafeprensa.com.ar\/wp-content\/uploads\/2024\/08\/fabiola-yanez-alberto-fernandez-franciscojpg.webp 1200w\" sizes=\"auto, (max-width: 300px) 100vw, 300px\" \/><\/div>\n<\/div>\n<\/div>\n<\/div>\n<div class=\"the-post s-post-modern\">\n<article id=\"post-66588\" class=\"post-66588 post type-post status-publish format-standard has-post-thumbnail category-nacionales category-destacada-2 tag-alberto-fernandez-denunciado tag-alberto-fernandez-golpeador tag-claudio-savoia tag-fabiola-yanez tag-vilencia-de-genero\">\n<div class=\"post-content-wrap has-share-float\">\n<div class=\"post-content cf entry-content content-spacious\">\n<figure class=\"wp-block-embed aligncenter is-type-rich is-provider-twitter wp-block-embed-twitter\">\n<div class=\"wp-block-embed__wrapper\">\n<div class=\"twitter-tweet twitter-tweet-rendered\"><iframe id=\"twitter-widget-0\" class=\"\" title=\"X Post\" src=\"https:\/\/platform.twitter.com\/embed\/Tweet.html?creatorScreenName=EFnoticiasok&amp;dnt=true&amp;embedId=twitter-widget-0&amp;features=eyJ0ZndfdGltZWxpbmVfbGlzdCI6eyJidWNrZXQiOltdLCJ2ZXJzaW9uIjpudWxsfSwidGZ3X2ZvbGxvd2VyX2NvdW50X3N1bnNldCI6eyJidWNrZXQiOnRydWUsInZlcnNpb24iOm51bGx9LCJ0ZndfdHdlZXRfZWRpdF9iYWNrZW5kIjp7ImJ1Y2tldCI6Im9uIiwidmVyc2lvbiI6bnVsbH0sInRmd19yZWZzcmNfc2Vzc2lvbiI6eyJidWNrZXQiOiJvbiIsInZlcnNpb24iOm51bGx9LCJ0ZndfZm9zbnJfc29mdF9pbnRlcnZlbnRpb25zX2VuYWJsZWQiOnsiYnVja2V0Ijoib24iLCJ2ZXJzaW9uIjpudWxsfSwidGZ3X21peGVkX21lZGlhXzE1ODk3Ijp7ImJ1Y2tldCI6InRyZWF0bWVudCIsInZlcnNpb24iOm51bGx9LCJ0ZndfZXhwZXJpbWVudHNfY29va2llX2V4cGlyYXRpb24iOnsiYnVja2V0IjoxMjA5NjAwLCJ2ZXJzaW9uIjpudWxsfSwidGZ3X3Nob3dfYmlyZHdhdGNoX3Bpdm90c19lbmFibGVkIjp7ImJ1Y2tldCI6Im9uIiwidmVyc2lvbiI6bnVsbH0sInRmd19kdXBsaWNhdGVfc2NyaWJlc190b19zZXR0aW5ncyI6eyJidWNrZXQiOiJvbiIsInZlcnNpb24iOm51bGx9LCJ0ZndfdXNlX3Byb2ZpbGVfaW1hZ2Vfc2hhcGVfZW5hYmxlZCI6eyJidWNrZXQiOiJvbiIsInZlcnNpb24iOm51bGx9LCJ0ZndfdmlkZW9faGxzX2R5bmFtaWNfbWFuaWZlc3RzXzE1MDgyIjp7ImJ1Y2tldCI6InRydWVfYml0cmF0ZSIsInZlcnNpb24iOm51bGx9LCJ0ZndfbGVnYWN5X3RpbWVsaW5lX3N1bnNldCI6eyJidWNrZXQiOnRydWUsInZlcnNpb24iOm51bGx9LCJ0ZndfdHdlZXRfZWRpdF9mcm9udGVuZCI6eyJidWNrZXQiOiJvbiIsInZlcnNpb24iOm51bGx9fQ%3D%3D&amp;frame=false&amp;hideCard=false&amp;hideThread=false&amp;id=1821181106370003400&amp;lang=es&amp;origin=https%3A%2F%2Felfederalnoticias.com.ar%2Falberto-fernandez-le-habria-anticipado-a-fabiola-yanez-que-se-quitaria-la-vida-si-lo-denunciaba%2F&amp;sessionId=de8aa0739f99dba3a1564550199f84210ae655ae&amp;siteScreenName=EFnoticiasok&amp;theme=light&amp;widgetsVersion=2615f7e52b7e0%3A1702314776716&amp;width=550px\" frameborder=\"0\" scrolling=\"no\" allowfullscreen=\"allowfullscreen\" data-tweet-id=\"1821181106370003400\" data-mce-fragment=\"1\"><\/iframe><\/div>\n<\/div>\n<\/figure>\n<p>Ayer el periodista e investigador <strong>Claudio Savoia<\/strong>, que\u00a0\u00absac\u00f3\u00a0a la luz\u00bb los detalles de la relaci\u00f3n conflictiva entre\u00a0<strong>Alberto\u00a0Fern\u00e1ndez\u00a0<\/strong>y<strong>\u00a0Fabiola Y\u00e1\u00f1ez<\/strong>, y que termin\u00f3 en una denuncia\u00a0por\u00a0<strong>violencia de g\u00e9nero,<\/strong>\u00a0revel\u00f3 una preocupante novedad, que sorprendi\u00f3 a los allegados del ex-presidente de la Naci\u00f3n.<\/p>\n<p><img loading=\"lazy\" decoding=\"async\" class=\"alignnone size-medium wp-image-4047\" src=\"https:\/\/cafeprensa.com.ar\/wp-content\/uploads\/2024\/08\/66b373bd8ab2d_750x500-300x200.jpg\" alt=\"\" width=\"300\" height=\"200\" srcset=\"https:\/\/cafeprensa.com.ar\/wp-content\/uploads\/2024\/08\/66b373bd8ab2d_750x500-300x200.jpg 300w, https:\/\/cafeprensa.com.ar\/wp-content\/uploads\/2024\/08\/66b373bd8ab2d_750x500.jpg 750w\" sizes=\"auto, (max-width: 300px) 100vw, 300px\" \/><\/p>\n<p class=\"has-large-font-size\"><mark class=\"has-inline-color has-vivid-red-color\">Savoia expres\u00f3 en su cuenta de la red social\u00a0<strong>X<\/strong>, el siguiente texto:\u00a0<strong>\u201cAl menos dos veces en los \u00faltimos tres meses,\u00a0Alberto Fern\u00e1ndez\u00a0le dijo a\u00a0Fabiola Y\u00e1\u00f1ez\u00a0que se quitar\u00eda la vida si lo denunciaba. El s\u00e1bado pasado fue un d\u00eda muy dif\u00edcil, con mucha preocupaci\u00f3n en ese sentido. Lo mismo hab\u00eda ocurrido un par de meses atr\u00e1s\u201d<\/strong>.<\/mark><\/p>\n<p>El periodista detall\u00f3 el fin de semana complicado en el panorama personal y medi\u00e1tico para el ex-jefe de Estado. A su vez, el periodista de\u00a0<strong>Radio Mitre<\/strong>,\u00a0<strong>Eduardo Feinmann<\/strong>, revel\u00f3 c\u00f3mo pas\u00f3 los \u00faltimos d\u00edas la pareja de la ex-primera dama.<\/p>\n<p>Fern\u00e1ndez permanece recluido en el departamento (de pepe Albistur) del barrio de\u00a0<strong>Puerto Madero<\/strong>, completamente solo. \u201cNo lo visita nadie\u201d, coment\u00f3 Feiman, y agreg\u00f3: \u201cDicen que est\u00e1 muy angustiado, est\u00e1 destruido psicol\u00f3gicamente. Ayer se la pas\u00f3 todo el d\u00eda escribiendo\u201d.<\/p>\n<p>El abogado de\u00a0Y\u00e1\u00f1ez\u00a0mencion\u00f3 que \u201clas cuatro fotos que aparecieron en el tel\u00e9fono de la se\u00f1ora\u00a0<strong>Mar\u00eda Cantero<\/strong>\u00a0no ser\u00edan las \u00fanicas fotos\u201d, y agreg\u00f3: \u201cEs l\u00f3gico pensar que esas son solo las fotos que le mand\u00f3 a Mar\u00eda. Hay que ver cu\u00e1ntas otras fotos tambi\u00e9n tienen en su tel\u00e9fono celular\u201d.<\/p>\n<\/div>\n<\/div>\n<\/article>\n<\/div>\n","protected":false},"excerpt":{"rendered":"<p>Un periodista expres\u00f3 que el ex-presidente habr\u00eda intentado suicidarse en m\u00e1s de una ocasi\u00f3n. Ayer el periodista e investigador Claudio Savoia, que\u00a0\u00absac\u00f3\u00a0a la luz\u00bb los detalles de la relaci\u00f3n conflictiva entre\u00a0Alberto\u00a0Fern\u00e1ndez\u00a0y\u00a0Fabiola Y\u00e1\u00f1ez, y que termin\u00f3 en una denuncia\u00a0por\u00a0violencia de g\u00e9nero,\u00a0revel\u00f3 una preocupante novedad, que sorprendi\u00f3 a los allegados del ex-presidente de la Naci\u00f3n. Savoia expres\u00f3 &hellip;<\/p>\n","protected":false},"author":2,"featured_media":4048,"comment_status":"open","ping_status":"open","sticky":false,"template":"","format":"standard","meta":{"footnotes":""},"categories":[47,33],"tags":[1077],"class_list":["post-4046","post","type-post","status-publish","format-standard","has-post-thumbnail","hentry","category-justicia","category-nacionales","tag-alberto-fernandez-y-fabiola-yanez"],"_links":{"self":[{"href":"https:\/\/cafeprensa.com.ar\/index.php\/wp-json\/wp\/v2\/posts\/4046","targetHints":{"allow":["GET"]}}],"collection":[{"href":"https:\/\/cafeprensa.com.ar\/index.php\/wp-json\/wp\/v2\/posts"}],"about":[{"href":"https:\/\/cafeprensa.com.ar\/index.php\/wp-json\/wp\/v2\/types\/post"}],"author":[{"embeddable":true,"href":"https:\/\/cafeprensa.com.ar\/index.php\/wp-json\/wp\/v2\/users\/2"}],"replies":[{"embeddable":true,"href":"https:\/\/cafeprensa.com.ar\/index.php\/wp-json\/wp\/v2\/comments?post=4046"}],"version-history":[{"count":1,"href":"https:\/\/cafeprensa.com.ar\/index.php\/wp-json\/wp\/v2\/posts\/4046\/revisions"}],"predecessor-version":[{"id":4051,"href":"https:\/\/cafeprensa.com.ar\/index.php\/wp-json\/wp\/v2\/posts\/4046\/revisions\/4051"}],"wp:featuredmedia":[{"embeddable":true,"href":"https:\/\/cafeprensa.com.ar\/index.php\/wp-json\/wp\/v2\/media\/4048"}],"wp:attachment":[{"href":"https:\/\/cafeprensa.com.ar\/index.php\/wp-json\/wp\/v2\/media?parent=4046"}],"wp:term":[{"taxonomy":"category","embeddable":true,"href":"https:\/\/cafeprensa.com.ar\/index.php\/wp-json\/wp\/v2\/categories?post=4046"},{"taxonomy":"post_tag","embeddable":true,"href":"https:\/\/cafeprensa.com.ar\/index.php\/wp-json\/wp\/v2\/tags?post=4046"}],"curies":[{"name":"wp","href":"https:\/\/api.w.org\/{rel}","templated":true}]}}