{"id":4144,"date":"2024-08-31T17:15:31","date_gmt":"2024-08-31T15:15:31","guid":{"rendered":"https:\/\/cafeprensa.com.ar\/?p=4144"},"modified":"2024-08-31T17:15:31","modified_gmt":"2024-08-31T15:15:31","slug":"vargas-aignasse-opino-sobre-el-titular-del-frente-renovador-en-tucuman-yedlin-no-es-opositor-a-osvaldo-jaldo","status":"publish","type":"post","link":"https:\/\/cafeprensa.com.ar\/index.php\/2024\/08\/31\/vargas-aignasse-opino-sobre-el-titular-del-frente-renovador-en-tucuman-yedlin-no-es-opositor-a-osvaldo-jaldo\/","title":{"rendered":"Vargas Aignasse opin\u00f3 sobre el titular del Frente Renovador en Tucum\u00e1n: \u00abYedlin no es opositor a Osvaldo Jaldo\u00bb"},"content":{"rendered":"<p>El legislador provincial Ger\u00f3nimo Vargas Aignasse en di\u00e1logo con Caf\u00e9 Prensa se refiri\u00f3 a la designaci\u00f3n de los nuevos integrantes del Gabinete de Osvaldo Jaldo. Vargas Aignasse destac\u00f3 que las recientes designaciones seguramente cumplen con los requisitos t\u00e9cnicos y aconsejo que en este contexto los ministros deben limitarse a realizar declaraciones t\u00e9cnicas.<\/p>\n<p>Por otro lado, se refiri\u00f3 la \u00faltima sesi\u00f3n en la Legislatura donde se aprob\u00f3 la adhesi\u00f3n a la Ley de Blanqueo de Capitales. Vargas Aignasse advirti\u00f3 que no era muy positivo respecto al \u00e9xito de este blanqueo ya que consideraba que no ve\u00eda probabilidades de que alguien invirtiera en esta situaci\u00f3n de recesi\u00f3n.<\/p>\n<p>Finalmente, el referente peronista afirm\u00f3 que Pablo Yedlin \u00abno es opositor a Osvaldo Jaldo. Es un diputado nacional que marca diferencias con el gobierno de Milei\u00bb. Adem\u00e1s, afirm\u00f3 que el objetivo de su espacio es consolidar la unidad dentro del peronismo.<\/p>\n<p>Escucha la nota completa:<\/p>\n<audio class=\"wp-audio-shortcode\" id=\"audio-4144-1\" preload=\"none\" style=\"width: 100%;\" controls=\"controls\"><source type=\"audio\/mpeg\" src=\"https:\/\/cafeprensa.com.ar\/wp-content\/uploads\/2024\/08\/31-08-Geronimo-Vargas-Aignasse-parte-1-Cafe-prensa.mp3?_=1\" \/><a href=\"https:\/\/cafeprensa.com.ar\/wp-content\/uploads\/2024\/08\/31-08-Geronimo-Vargas-Aignasse-parte-1-Cafe-prensa.mp3\">https:\/\/cafeprensa.com.ar\/wp-content\/uploads\/2024\/08\/31-08-Geronimo-Vargas-Aignasse-parte-1-Cafe-prensa.mp3<\/a><\/audio>\n<audio class=\"wp-audio-shortcode\" id=\"audio-4144-2\" preload=\"none\" style=\"width: 100%;\" controls=\"controls\"><source type=\"audio\/mpeg\" src=\"https:\/\/cafeprensa.com.ar\/wp-content\/uploads\/2024\/08\/31-08-Geronimo-Vargas-Aignasse-parte-2-Cafe-prensa.mp3?_=2\" \/><a href=\"https:\/\/cafeprensa.com.ar\/wp-content\/uploads\/2024\/08\/31-08-Geronimo-Vargas-Aignasse-parte-2-Cafe-prensa.mp3\">https:\/\/cafeprensa.com.ar\/wp-content\/uploads\/2024\/08\/31-08-Geronimo-Vargas-Aignasse-parte-2-Cafe-prensa.mp3<\/a><\/audio>\n<p>&nbsp;<\/p>\n","protected":false},"excerpt":{"rendered":"<p>El legislador provincial Ger\u00f3nimo Vargas Aignasse en di\u00e1logo con Caf\u00e9 Prensa se refiri\u00f3 a la designaci\u00f3n de los nuevos integrantes del Gabinete de Osvaldo Jaldo. Vargas Aignasse destac\u00f3 que las recientes designaciones seguramente cumplen con los requisitos t\u00e9cnicos y aconsejo que en este contexto los ministros deben limitarse a realizar declaraciones t\u00e9cnicas. Por otro lado, &hellip;<\/p>\n","protected":false},"author":2,"featured_media":4147,"comment_status":"open","ping_status":"open","sticky":false,"template":"","format":"standard","meta":{"footnotes":""},"categories":[34],"tags":[1109,1110,1108,200,342,265,442,770,472],"class_list":["post-4144","post","type-post","status-publish","format-standard","has-post-thumbnail","hentry","category-locales","tag-blanqueo-de-capitales","tag-gabinete","tag-geronimo-vargas-aignasse","tag-javier-milei","tag-juan-manzur","tag-osvaldo-jaldo","tag-pablo-yedlin","tag-peronismo","tag-sesion"],"_links":{"self":[{"href":"https:\/\/cafeprensa.com.ar\/index.php\/wp-json\/wp\/v2\/posts\/4144","targetHints":{"allow":["GET"]}}],"collection":[{"href":"https:\/\/cafeprensa.com.ar\/index.php\/wp-json\/wp\/v2\/posts"}],"about":[{"href":"https:\/\/cafeprensa.com.ar\/index.php\/wp-json\/wp\/v2\/types\/post"}],"author":[{"embeddable":true,"href":"https:\/\/cafeprensa.com.ar\/index.php\/wp-json\/wp\/v2\/users\/2"}],"replies":[{"embeddable":true,"href":"https:\/\/cafeprensa.com.ar\/index.php\/wp-json\/wp\/v2\/comments?post=4144"}],"version-history":[{"count":1,"href":"https:\/\/cafeprensa.com.ar\/index.php\/wp-json\/wp\/v2\/posts\/4144\/revisions"}],"predecessor-version":[{"id":4148,"href":"https:\/\/cafeprensa.com.ar\/index.php\/wp-json\/wp\/v2\/posts\/4144\/revisions\/4148"}],"wp:featuredmedia":[{"embeddable":true,"href":"https:\/\/cafeprensa.com.ar\/index.php\/wp-json\/wp\/v2\/media\/4147"}],"wp:attachment":[{"href":"https:\/\/cafeprensa.com.ar\/index.php\/wp-json\/wp\/v2\/media?parent=4144"}],"wp:term":[{"taxonomy":"category","embeddable":true,"href":"https:\/\/cafeprensa.com.ar\/index.php\/wp-json\/wp\/v2\/categories?post=4144"},{"taxonomy":"post_tag","embeddable":true,"href":"https:\/\/cafeprensa.com.ar\/index.php\/wp-json\/wp\/v2\/tags?post=4144"}],"curies":[{"name":"wp","href":"https:\/\/api.w.org\/{rel}","templated":true}]}}