{"id":4149,"date":"2024-09-01T00:03:30","date_gmt":"2024-08-31T22:03:30","guid":{"rendered":"https:\/\/cafeprensa.com.ar\/?p=4149"},"modified":"2024-09-01T00:03:30","modified_gmt":"2024-08-31T22:03:30","slug":"registro-automotor","status":"publish","type":"post","link":"https:\/\/cafeprensa.com.ar\/index.php\/2024\/09\/01\/registro-automotor\/","title":{"rendered":"Registro Automotor"},"content":{"rendered":"<div class=\"the-post-header s-head-modern s-head-modern-a has-share-meta-right\">\n<div class=\"post-meta post-meta-a post-meta-left post-meta-single has-below\">\n<p class=\"is-title post-title\">Reducen el costo de las transferencias, no se cobra c\u00e9dula verde, t\u00edtulos ni chapa patente<\/p>\n<\/div>\n<\/div>\n<div class=\"the-post s-post-modern\">\n<article id=\"post-67269\" class=\"post-67269 post type-post status-publish format-standard has-post-thumbnail category-nacionales category-z4-destacada tag-bajao-el-costo-de-las-transferencias tag-cedula-verde tag-chapa-patente tag-mariano-cuneo-libarona tag-ministerio-de-justicia-de-la-nacion tag-registro-automotor tag-transferencias\">\n<div class=\"post-content-wrap has-share-float\">\n<div class=\"post-content cf entry-content content-spacious\">\n<p><em>El Gobierno anunci\u00f3 este viernes cambios en los tr\u00e1mites para comprar o vender automotores y otros rodados.<\/em><\/p>\n<div class=\"wp-block-image\">\n<figure class=\"aligncenter size-large\"><a href=\"https:\/\/elfederalnoticias.com.ar\/wp-content\/uploads\/2024\/08\/image-131.png\"><img loading=\"lazy\" decoding=\"async\" class=\"wp-image-67271\" src=\"https:\/\/elfederalnoticias.com.ar\/wp-content\/uploads\/2024\/08\/image-131-724x1024.png\" sizes=\"auto, (max-width: 724px) 100vw, 724px\" srcset=\"https:\/\/elfederalnoticias.com.ar\/wp-content\/uploads\/2024\/08\/image-131-724x1024.png 724w, https:\/\/elfederalnoticias.com.ar\/wp-content\/uploads\/2024\/08\/image-131-212x300.png 212w, https:\/\/elfederalnoticias.com.ar\/wp-content\/uploads\/2024\/08\/image-131-768x1086.png 768w, https:\/\/elfederalnoticias.com.ar\/wp-content\/uploads\/2024\/08\/image-131-1086x1536.png 1086w, https:\/\/elfederalnoticias.com.ar\/wp-content\/uploads\/2024\/08\/image-131-150x212.png 150w, https:\/\/elfederalnoticias.com.ar\/wp-content\/uploads\/2024\/08\/image-131-450x637.png 450w, https:\/\/elfederalnoticias.com.ar\/wp-content\/uploads\/2024\/08\/image-131.png 1131w\" alt=\"\" width=\"724\" height=\"1024\" \/><\/a><figcaption class=\"wp-element-caption\">Comunicado del Ministerio de Justicia.<\/figcaption><\/figure>\n<\/div>\n<p>El Ministerio de Justicia de la Naci\u00f3n, anunci\u00f3 una serie de cambios en los tramites para\u00a0<strong>comprar\u00a0<\/strong>o\u00a0<strong>vender automotores\u00a0<\/strong>y otros rodados. El objetivo es \u201c<strong>reducir la burocracia de los Registros Automotor\u201d<\/strong>.<\/p>\n<p class=\"has-large-font-size\"><mark class=\"has-inline-color has-vivid-red-color\">La decisi\u00f3n de la cartera que conduce<strong>\u00a0Mariano C\u00faneo Libarona<\/strong>\u00a0apunta a que los usuarios puedan\u00a0<strong>elegir el\u00a0Registro Automotor\u00a0<\/strong>que prefieran para hacer los tr\u00e1mites referidos a sus veh\u00edculos, algo que esta ahora se reg\u00eda por el domicilio del propietario.<\/mark><\/p>\n<p>\u201cHemos decidido<strong>\u00a0digitalizar\u00a0<\/strong>los legajos automotores para agilizar los tr\u00e1mites y eliminar la necesidad de trasladar documentos entre los diferentes Registro\u201d, indicaron que la medida implica un ahorro para los bolsillos de los argentinos, de\u00a0<strong>$ 36.000 millones<\/strong>\u00a0anuales.<\/p>\n<p>Se\u00a0<strong>reduce al 1% la al\u00edcuota\u00a0<\/strong>para la\u00a0<strong>transferencia\u00a0<\/strong>de los autom\u00f3viles y otros rodados. Tambi\u00e9n\u00a0<strong>elimina los aranceles\u00a0<\/strong>para la documentaci\u00f3n como la<strong>\u00a0c\u00e9dula verde<\/strong>,\u00a0<strong>t\u00edtulo\u00a0<\/strong>y\u00a0<strong>chapa patente<\/strong>.<\/p>\n<\/div>\n<\/div>\n<\/article>\n<\/div>\n","protected":false},"excerpt":{"rendered":"<p>Reducen el costo de las transferencias, no se cobra c\u00e9dula verde, t\u00edtulos ni chapa patente El Gobierno anunci\u00f3 este viernes cambios en los tr\u00e1mites para comprar o vender automotores y otros rodados. Comunicado del Ministerio de Justicia. El Ministerio de Justicia de la Naci\u00f3n, anunci\u00f3 una serie de cambios en los tramites para\u00a0comprar\u00a0o\u00a0vender automotores\u00a0y otros &hellip;<\/p>\n","protected":false},"author":2,"featured_media":4150,"comment_status":"open","ping_status":"open","sticky":false,"template":"","format":"standard","meta":{"footnotes":""},"categories":[54,33],"tags":[1111,1036],"class_list":["post-4149","post","type-post","status-publish","format-standard","has-post-thumbnail","hentry","category-interes-ganeral","category-nacionales","tag-cedula-verde","tag-chapa-patentes"],"_links":{"self":[{"href":"https:\/\/cafeprensa.com.ar\/index.php\/wp-json\/wp\/v2\/posts\/4149","targetHints":{"allow":["GET"]}}],"collection":[{"href":"https:\/\/cafeprensa.com.ar\/index.php\/wp-json\/wp\/v2\/posts"}],"about":[{"href":"https:\/\/cafeprensa.com.ar\/index.php\/wp-json\/wp\/v2\/types\/post"}],"author":[{"embeddable":true,"href":"https:\/\/cafeprensa.com.ar\/index.php\/wp-json\/wp\/v2\/users\/2"}],"replies":[{"embeddable":true,"href":"https:\/\/cafeprensa.com.ar\/index.php\/wp-json\/wp\/v2\/comments?post=4149"}],"version-history":[{"count":1,"href":"https:\/\/cafeprensa.com.ar\/index.php\/wp-json\/wp\/v2\/posts\/4149\/revisions"}],"predecessor-version":[{"id":4151,"href":"https:\/\/cafeprensa.com.ar\/index.php\/wp-json\/wp\/v2\/posts\/4149\/revisions\/4151"}],"wp:featuredmedia":[{"embeddable":true,"href":"https:\/\/cafeprensa.com.ar\/index.php\/wp-json\/wp\/v2\/media\/4150"}],"wp:attachment":[{"href":"https:\/\/cafeprensa.com.ar\/index.php\/wp-json\/wp\/v2\/media?parent=4149"}],"wp:term":[{"taxonomy":"category","embeddable":true,"href":"https:\/\/cafeprensa.com.ar\/index.php\/wp-json\/wp\/v2\/categories?post=4149"},{"taxonomy":"post_tag","embeddable":true,"href":"https:\/\/cafeprensa.com.ar\/index.php\/wp-json\/wp\/v2\/tags?post=4149"}],"curies":[{"name":"wp","href":"https:\/\/api.w.org\/{rel}","templated":true}]}}