{"id":4153,"date":"2024-09-02T14:35:02","date_gmt":"2024-09-02T12:35:02","guid":{"rendered":"https:\/\/cafeprensa.com.ar\/?p=4153"},"modified":"2024-09-02T14:35:02","modified_gmt":"2024-09-02T12:35:02","slug":"todos-los-aumentos-que-rigen-plenamente-desde-este-lunes","status":"publish","type":"post","link":"https:\/\/cafeprensa.com.ar\/index.php\/2024\/09\/02\/todos-los-aumentos-que-rigen-plenamente-desde-este-lunes\/","title":{"rendered":"todos los aumentos que rigen plenamente desde este lunes"},"content":{"rendered":"<header class=\"article-header-wrapper\">\n<div class=\"article-header\">\n<p class=\"article-subheadline left\">Luz, gas, combustibles y alquileres son solo algunos de los rubros que llegar\u00e1n con aumentos a partir de septiembre e implicar\u00e1n un nuevo golpe al bolsillo.<\/p>\n<\/div>\n<\/header>\n<article class=\"article\">\n<div class=\"body-article \">\n<div class=\"visual__image\"><img loading=\"lazy\" decoding=\"async\" class=\"\" src=\"https:\/\/www.infobae.com\/new-resizer\/FlCQqQHSKuBsMLqehm01izoCcuA=\/420x236\/filters:format(webp):quality(85)\/cloudfront-us-east-1.images.arcpublishing.com\/infobae\/ZCH7F37BYVALLJOVVH4HYEQFVI.jpg%20420w\" sizes=\"auto, (min-width: 1560px) 856px, (min-width: 1000px) calc(74.63vw - 293px), (min-width: 780px) calc(100vw - 376px), (min-width: 580px) calc(100vw - 32px), 100vw\" srcset=\"https:\/\/www.infobae.com\/new-resizer\/FlCQqQHSKuBsMLqehm01izoCcuA=\/420x236\/filters:format(webp):quality(85)\/cloudfront-us-east-1.images.arcpublishing.com\/infobae\/ZCH7F37BYVALLJOVVH4HYEQFVI.jpg 420w,https:\/\/www.infobae.com\/new-resizer\/m1VR-IiLc9UKnswcyVFO2WD6_hY=\/768x432\/filters:format(webp):quality(85)\/cloudfront-us-east-1.images.arcpublishing.com\/infobae\/ZCH7F37BYVALLJOVVH4HYEQFVI.jpg 768w,https:\/\/www.infobae.com\/new-resizer\/tytuPIMKlsX_sFqolJVPfWsYngk=\/992x558\/filters:format(webp):quality(85)\/cloudfront-us-east-1.images.arcpublishing.com\/infobae\/ZCH7F37BYVALLJOVVH4HYEQFVI.jpg 992w,https:\/\/www.infobae.com\/new-resizer\/O1Bv3Jo21791XNphZ-U-2EYnhd4=\/1200x675\/filters:format(webp):quality(85)\/cloudfront-us-east-1.images.arcpublishing.com\/infobae\/ZCH7F37BYVALLJOVVH4HYEQFVI.jpg 1200w,https:\/\/www.infobae.com\/new-resizer\/9phaStrPODEHJM-6g9fvcQx_I6k=\/1440x810\/filters:format(webp):quality(85)\/cloudfront-us-east-1.images.arcpublishing.com\/infobae\/ZCH7F37BYVALLJOVVH4HYEQFVI.jpg 1440w\" alt=\" (Imagen Ilustrativa Infobae)\" width=\"1456\" height=\"816\" data-src=\"https:\/\/www.infobae.com\/new-resizer\/FlCQqQHSKuBsMLqehm01izoCcuA=\/420x236\/filters:format(webp):quality(85)\/cloudfront-us-east-1.images.arcpublishing.com\/infobae\/ZCH7F37BYVALLJOVVH4HYEQFVI.jpg 420w\" \/><\/div>\n<p class=\"paragraph\" data-mrf-recirculation=\"Links inline\">Llega septiembre y habr\u00e1 m\u00e1s presi\u00f3n en los bolsillos de los argentinos, que sufrir\u00e1n aumentos tanto en las tarifas de servicios p\u00fablicos como agua, luz y gas, y alquileres, transporte, combustibles y prepagas.<\/p>\n<p class=\"paragraph\" data-mrf-recirculation=\"Links inline\">Aunque el Indice de Precios al Consumidor (IPC) del Indec contin\u00faa la tendencia descendente y las consultoras privadas estiman que la inflaci\u00f3n de agosto ser\u00e1 menor a la de julio, las subas de precios persisten y el costo de vida se encarece. Uno por uno, todos los aumentos que se vienen en septiembre:<\/p>\n<div class=\"headline-wrapper\">\n<h2 class=\"header headline-class-h2\">Combustibles<\/h2>\n<\/div>\n<p class=\"paragraph\" data-mrf-recirculation=\"Links inline\">Ayer domingo comenz\u00f3 a regir un nuevo aumento en los<a href=\"https:\/\/www.infobae.com\/economia\/2024\/09\/01\/calculadora-cuanto-cuesta-cargar-el-tanque-de-su-vehiculo-tras-los-aumentos-de-combustibles-de-septiembre\/\" target=\"_blank\" rel=\"noopener noreferrer\" data-mrf-link=\"https:\/\/www.infobae.com\/economia\/2024\/09\/01\/calculadora-cuanto-cuesta-cargar-el-tanque-de-su-vehiculo-tras-los-aumentos-de-combustibles-de-septiembre\/\">\u00a0precios de la nafta y el gasoil<\/a>. A lo largo del pa\u00eds la suba fue de alrededor del 3%, mientras que en CABA el incremento promedio fue de casi 7 por ciento. Esta diferencia en las subas se produce debido a que las empresas buscan disminuir la brecha de precios entre la capital y el interior.<\/p>\n<p class=\"paragraph\" data-mrf-recirculation=\"Links inline\">El motivo del salto en los surtidores es el traslado de la devaluaci\u00f3n mensual del 2% que realiza el Banco Central y de la actualizaci\u00f3n en el impuesto a los combustibles l\u00edquidos (ICL), que llevaban casi 4 a\u00f1os congelados. De esta manera, los combustibles acumulan una suba del 85% en lo que va del a\u00f1o. La nafta s\u00faper de YPF, l\u00edder local con cerca del 60% del mercado, pasar\u00e1 en <strong>CABA de $992 a $1.059<\/strong> por litro (aumento del 6,75%), seg\u00fan los precios reportados en el portal Surtidores. Este es el segmento de combustible m\u00e1s vendido.<\/p>\n<div class=\"visual__image\"><img loading=\"lazy\" decoding=\"async\" class=\"\" src=\"https:\/\/www.infobae.com\/new-resizer\/qvScZ_3kYTC_HzqElepeX47qVBk=\/420x236\/filters:format(webp):quality(85)\/cloudfront-us-east-1.images.arcpublishing.com\/infobae\/QPTO3FAHFBCW7FUC2JUGSKRUWI.jpg%20420w\" sizes=\"auto, (min-width: 1560px) 856px, (min-width: 1000px) calc(74.63vw - 293px), (min-width: 780px) calc(100vw - 376px), (min-width: 580px) calc(100vw - 32px), 100vw\" srcset=\"https:\/\/www.infobae.com\/new-resizer\/qvScZ_3kYTC_HzqElepeX47qVBk=\/420x236\/filters:format(webp):quality(85)\/cloudfront-us-east-1.images.arcpublishing.com\/infobae\/QPTO3FAHFBCW7FUC2JUGSKRUWI.jpg 420w,https:\/\/www.infobae.com\/new-resizer\/4XV759NwRbHkjQtAZhWaw9bdtT4=\/768x432\/filters:format(webp):quality(85)\/cloudfront-us-east-1.images.arcpublishing.com\/infobae\/QPTO3FAHFBCW7FUC2JUGSKRUWI.jpg 768w,https:\/\/www.infobae.com\/new-resizer\/_8E0mvnwSEuxxCAOndw8el2QFxc=\/992x558\/filters:format(webp):quality(85)\/cloudfront-us-east-1.images.arcpublishing.com\/infobae\/QPTO3FAHFBCW7FUC2JUGSKRUWI.jpg 992w,https:\/\/www.infobae.com\/new-resizer\/bgwoGQYdRGV9TmUsHdrRA7Y5dJ0=\/1200x675\/filters:format(webp):quality(85)\/cloudfront-us-east-1.images.arcpublishing.com\/infobae\/QPTO3FAHFBCW7FUC2JUGSKRUWI.jpg 1200w,https:\/\/www.infobae.com\/new-resizer\/JvEMG4Ng4DAkz0hvvyutVOOxwCA=\/1440x810\/filters:format(webp):quality(85)\/cloudfront-us-east-1.images.arcpublishing.com\/infobae\/QPTO3FAHFBCW7FUC2JUGSKRUWI.jpg 1440w\" alt=\"La nafta s\u00faper de YPF pasar\u00e1 en CABA de $992 a $1.059 por litro(Foto: Shutterstock)\" width=\"1920\" height=\"1080\" data-src=\"https:\/\/www.infobae.com\/new-resizer\/qvScZ_3kYTC_HzqElepeX47qVBk=\/420x236\/filters:format(webp):quality(85)\/cloudfront-us-east-1.images.arcpublishing.com\/infobae\/QPTO3FAHFBCW7FUC2JUGSKRUWI.jpg 420w\" \/>La nafta s\u00faper de YPF pasar\u00e1 en CABA de $992 a $1.059 por litro(Foto: Shutterstock)<\/div>\n<p class=\"paragraph\" data-mrf-recirculation=\"Links inline\">Por su parte, la nafta premium pas\u00f3 de $ 1.226 a $ 1.309 por litro (+6,75%). Por su parte el gasoil aument\u00f3 de $1.032 a $1.084 por litro (+5%) y el nuevo precios del gas oil premium es de $1.334 (+1%).<\/p>\n<div class=\"headline-wrapper\">\n<h2 class=\"header headline-class-h2\">Aumenta el agua en el AMBA<\/h2>\n<\/div>\n<p class=\"paragraph\" data-mrf-recirculation=\"Links inline\">Desde este lunes los usuarios de Agua y Saneamientos Argentinos S.A (AySA) pagar\u00e1n un 4,48% m\u00e1s por las tarifas de los servicios de agua potable y cloacas. El aumento es producto de la aplicaci\u00f3n de la f\u00f3rmula polin\u00f3mica establecida en la resoluci\u00f3n 9\/24, que dispone una indexaci\u00f3n mensual del costo del servicio acorde al avance de la inflaci\u00f3n.<\/p>\n<p class=\"paragraph\" data-mrf-recirculation=\"Links inline\">Seg\u00fan informaci\u00f3n de AySA, el 44% de los usuarios de agua y cloaca pertenecen al zonal bajo (1.187.139 usuarios), el 37% al medio (996.718) y el 20% al alto (534.517).<\/p>\n<p class=\"paragraph\" data-mrf-recirculation=\"Links inline\">En el primer caso, la boleta promedio pasar\u00e1 de $16.155 en agosto a $16.878 en septiembre; para los de zonal medio la factura saltar\u00e1 de $20.104 a $21.005, mientras que los de zonal alto dejar\u00e1n de pagar $22.137 para empezar a abonar unos $23.129 de media.<\/p>\n<div class=\"headline-wrapper\">\n<h2 class=\"header headline-class-h2\">Tarifas de luz y gas<\/h2>\n<\/div>\n<p class=\"paragraph\" data-mrf-recirculation=\"Links inline\">El pr\u00f3ximo mi\u00e9rcoles 4 de septiembre es el \u00faltimo d\u00eda para inscribirse en el Registro de Acceso a los Subsidios de Energ\u00eda (RASE) y conservar los subsidios otorgados por el Estado Nacional para los servicios de luz y gas. Quienes no se inscriban hasta esa fecha y no cumplan con los requisitos para seguir formando parte del beneficio enfrentar\u00e1n fuertes aumentos en sus boletas. El Gobierno nacional aplicar\u00e1 un ajuste promedio del 4% en las tarifas de ambos servicios a partir de este mes.<\/p>\n<div class=\"visual__image\"><img loading=\"lazy\" decoding=\"async\" class=\"\" src=\"https:\/\/www.infobae.com\/new-resizer\/0fm5GtrMC4JFCtDZ90CrNgbOjqU=\/420x236\/filters:format(webp):quality(85)\/cloudfront-us-east-1.images.arcpublishing.com\/infobae\/44RCKAYYVRGW7L65KJM6BM4IXU.jpg%20420w\" sizes=\"auto, (min-width: 1560px) 856px, (min-width: 1000px) calc(74.63vw - 293px), (min-width: 780px) calc(100vw - 376px), (min-width: 580px) calc(100vw - 32px), 100vw\" srcset=\"https:\/\/www.infobae.com\/new-resizer\/0fm5GtrMC4JFCtDZ90CrNgbOjqU=\/420x236\/filters:format(webp):quality(85)\/cloudfront-us-east-1.images.arcpublishing.com\/infobae\/44RCKAYYVRGW7L65KJM6BM4IXU.jpg 420w,https:\/\/www.infobae.com\/new-resizer\/4xWelp65Jtat4HTJHPeCmOcWnd4=\/768x432\/filters:format(webp):quality(85)\/cloudfront-us-east-1.images.arcpublishing.com\/infobae\/44RCKAYYVRGW7L65KJM6BM4IXU.jpg 768w,https:\/\/www.infobae.com\/new-resizer\/88XSEkVOVXZwZv33E4cgF2vbI_w=\/992x558\/filters:format(webp):quality(85)\/cloudfront-us-east-1.images.arcpublishing.com\/infobae\/44RCKAYYVRGW7L65KJM6BM4IXU.jpg 992w,https:\/\/www.infobae.com\/new-resizer\/ZJytYEJ-hg66Zne5iHIJc8oMTOU=\/1200x675\/filters:format(webp):quality(85)\/cloudfront-us-east-1.images.arcpublishing.com\/infobae\/44RCKAYYVRGW7L65KJM6BM4IXU.jpg 1200w,https:\/\/www.infobae.com\/new-resizer\/v7TlTt7DuwfCjNTvwsDWdwgAbTs=\/1440x810\/filters:format(webp):quality(85)\/cloudfront-us-east-1.images.arcpublishing.com\/infobae\/44RCKAYYVRGW7L65KJM6BM4IXU.jpg 1440w\" alt=\"Aumentar\u00e1n las tarifas de gas, luz y agua en septiembre (Imagen Ilustrativa Infobae)\" width=\"1456\" height=\"816\" data-src=\"https:\/\/www.infobae.com\/new-resizer\/0fm5GtrMC4JFCtDZ90CrNgbOjqU=\/420x236\/filters:format(webp):quality(85)\/cloudfront-us-east-1.images.arcpublishing.com\/infobae\/44RCKAYYVRGW7L65KJM6BM4IXU.jpg 420w\" \/><\/div>\n<p class=\"paragraph\" data-mrf-recirculation=\"Links inline\">A pesar de los sucesivos aumentos que se fueron produciendo a lo largo del a\u00f1o, seg\u00fan c\u00e1lculos de la Secretar\u00eda de Energ\u00eda, a nivel nacional,\u00a0<b>los usuarios residenciales cubren solo el 57% del costo \u201creal\u201d del gas y del 64% de la electricidad<\/b>. El resto es subsidio y en el Ministerio de Econom\u00eda buscan que la cobertura llegue al 100%.<\/p>\n<div class=\"headline-wrapper\">\n<h2 class=\"header headline-class-h2\">Transporte p\u00fablico<\/h2>\n<\/div>\n<p class=\"paragraph\" data-mrf-recirculation=\"Links inline\">A partir de este mes el gobierno nacional dejar\u00e1 de financiar el boleto integrado de la Red SUBE en los colectivos que circulan exclusivamente en la provincia de Buenos Aires y la Ciudad Aut\u00f3noma de Buenos Aires (CABA). En consecuencia, miles de usuarios sufrir\u00e1n\u00a0<a href=\"https:\/\/www.infobae.com\/politica\/2024\/08\/26\/fuerte-advertencia-de-la-uta-en-medio-de-la-disputa-del-gobierno-con-caba-y-pba-por-los-subsidios-al-transporte\/\" rel=\"noopener noreferrer\" data-mrf-link=\"https:\/\/www.infobae.com\/politica\/2024\/08\/26\/fuerte-advertencia-de-la-uta-en-medio-de-la-disputa-del-gobierno-con-caba-y-pba-por-los-subsidios-al-transporte\/\">un aumento en los boletos de colectivos<\/a>. Cabe acotar, sin embargo, que el boleto integrado s\u00ed se mantendr\u00e1 en algunas l\u00edneas de jurisdicci\u00f3n nacional dentro del \u00c1rea Metropolitana de Buenos Aires (AMBA).<\/p>\n<p class=\"paragraph\" data-mrf-recirculation=\"Links inline\">Por su parte, el ministro de Transporte de Buenos Aires,\u00a0<b>Jorge D\u00b4Onofrio<\/b>, avis\u00f3 que la provincia no cubrir\u00e1 ese bache y advirti\u00f3 que agotar\u00e1 las v\u00edas administrativas, sin descartar recurrir a la Justicia. \u201cLos pasajeros que necesitan tomar dos transportes de ida y dos de vuelta sufrir\u00e1n un aumento de 25% y los que toman 3 de un 40% sobre la tarifa actual\u201d, detall\u00f3 el funcionario de<b>\u00a0Axel Kicillof<\/b>\u00a0en declaraciones radiales.<\/p>\n<div class=\"headline-wrapper\">\n<h2 class=\"header headline-class-h2\">Prepagas<\/h2>\n<\/div>\n<p class=\"paragraph\" data-mrf-recirculation=\"Links inline\">Las empresas de medicina prepaga ya comunicaron los nuevos aumentos a sus afiliados en las cuotas de septiembre. Las actualizaciones de los aranceles se ubican por encima de la inflaci\u00f3n de julio, que fue del 4 por ciento. De acuerdo a lo informado por las compa\u00f1\u00edas, los planes de salud tendr\u00e1n un incremento de entre el 4,5% y el 5,8%. Las prepagas justifican los aumentos por la \u201celevada\u201d inflaci\u00f3n.<\/p>\n<p class=\"paragraph\" data-mrf-recirculation=\"Links inline\">De este modo, las firmas de medicina privada aplicar\u00e1n el tercer aumento en los valores de sus planes tras la disputa judicial que imped\u00eda subas por encima del \u00edndice de precios. Cabe recordar, que desde julio los aranceles se ajustan \u201clibremente\u201d.<\/p>\n<div class=\"headline-wrapper\">\n<h2 class=\"header headline-class-h2\">Alquileres<\/h2>\n<\/div>\n<p class=\"paragraph\" data-mrf-recirculation=\"Links inline\">Los inquilinos con contratos vigentes de la Ley de Alquileres y que deben actualizarlos en septiembre tendr\u00e1n un peque\u00f1o alivio. Por primera vez en 50 meses, el \u00cdndice de Contratos de Locaci\u00f3n (ICL) desaceler\u00f3 el incremento y trep\u00f3 243,16%, cuando en agosto hab\u00eda subido 247,56%. Por lo tanto, una familia que pagaba $100.000 en agosto, y desde hac\u00eda un a\u00f1o, el mes pr\u00f3ximo pasar\u00e1 a pagar $343.160 por los pr\u00f3ximos 12 meses.<\/p>\n<div class=\"visual__image\"><img loading=\"lazy\" decoding=\"async\" class=\"\" src=\"https:\/\/www.infobae.com\/new-resizer\/1k0uZcoQQZ387-o9YgKvi4fsFpM=\/420x236\/filters:format(webp):quality(85)\/cloudfront-us-east-1.images.arcpublishing.com\/infobae\/CMGUEZU2PNBUVA35WXWF6BCMTI.jpg%20420w\" sizes=\"auto, (min-width: 1560px) 856px, (min-width: 1000px) calc(74.63vw - 293px), (min-width: 780px) calc(100vw - 376px), (min-width: 580px) calc(100vw - 32px), 100vw\" srcset=\"https:\/\/www.infobae.com\/new-resizer\/1k0uZcoQQZ387-o9YgKvi4fsFpM=\/420x236\/filters:format(webp):quality(85)\/cloudfront-us-east-1.images.arcpublishing.com\/infobae\/CMGUEZU2PNBUVA35WXWF6BCMTI.jpg 420w,https:\/\/www.infobae.com\/new-resizer\/3cCe8qdNjNmmzw32rc9YVpbowK8=\/768x432\/filters:format(webp):quality(85)\/cloudfront-us-east-1.images.arcpublishing.com\/infobae\/CMGUEZU2PNBUVA35WXWF6BCMTI.jpg 768w,https:\/\/www.infobae.com\/new-resizer\/Npg9fgof0CljJ2mp19PPUKIX3HU=\/992x558\/filters:format(webp):quality(85)\/cloudfront-us-east-1.images.arcpublishing.com\/infobae\/CMGUEZU2PNBUVA35WXWF6BCMTI.jpg 992w,https:\/\/www.infobae.com\/new-resizer\/VvpO72QLdkk2ySX6uDpInegxi40=\/1200x675\/filters:format(webp):quality(85)\/cloudfront-us-east-1.images.arcpublishing.com\/infobae\/CMGUEZU2PNBUVA35WXWF6BCMTI.jpg 1200w,https:\/\/www.infobae.com\/new-resizer\/hvHZaZnGfyrY752KNSQfVlgSf7c=\/1440x810\/filters:format(webp):quality(85)\/cloudfront-us-east-1.images.arcpublishing.com\/infobae\/CMGUEZU2PNBUVA35WXWF6BCMTI.jpg 1440w\" alt=\"Una familia que pagaba $100.000 en agosto, y desde hac\u00eda un a\u00f1o, el mes pr\u00f3ximo pasar\u00e1 a pagar $343.160 por los pr\u00f3ximos 12 meses. (Imagen Ilustrativa Infobae)\" width=\"1456\" height=\"816\" data-src=\"https:\/\/www.infobae.com\/new-resizer\/1k0uZcoQQZ387-o9YgKvi4fsFpM=\/420x236\/filters:format(webp):quality(85)\/cloudfront-us-east-1.images.arcpublishing.com\/infobae\/CMGUEZU2PNBUVA35WXWF6BCMTI.jpg 420w\" \/>Una familia que pagaba $100.000 en agosto, y desde hac\u00eda un a\u00f1o, el mes pr\u00f3ximo pasar\u00e1 a pagar $343.160 por los pr\u00f3ximos 12 meses.\u00a0A pesar de esta reducci\u00f3n, la actualizaci\u00f3n sigue siendo costosa para quienes deben abonar mes a mes por su hogar, sumado al fuerte incremento de las expensas que en julio \u00faltimo marc\u00f3 un r\u00e9cord del 101,6% en lo que va de 2024.<\/div>\n<div class=\"headline-wrapper\">\n<h2 class=\"header headline-class-h2\">Colegios privados<\/h2>\n<\/div>\n<p class=\"paragraph\" data-mrf-recirculation=\"Links inline\">En lo que respecta a Educaci\u00f3n, tambi\u00e9n se acercan nuevos aumentos.<b>\u00a0Mart\u00edn Zurita<\/b>, representante de la Asociaci\u00f3n de Instituciones Educativas de la Provincia de Buenos Aires (AIEPBA), indic\u00f3 a este medio que se espera otro incremento en las cuotas de los colegios privados debido a las recientes subas acordadas en la paritaria docente.<\/p>\n<p class=\"paragraph\" data-mrf-recirculation=\"Links inline\">Zurita anticip\u00f3 que el 70% de las escuelas privadas y subvencionadas de la Provincia y la Ciudad de Buenos Aires (PBA y CABA) recibir\u00e1n autorizaci\u00f3n para aplicar estos aumentos. El restante 30% implementar\u00e1 ajustes en las cuotas, que rondar\u00e1n el 4,5%.<\/p>\n<p data-mrf-recirculation=\"Links inline\"><img loading=\"lazy\" decoding=\"async\" class=\"alignnone size-medium wp-image-4155\" src=\"https:\/\/cafeprensa.com.ar\/wp-content\/uploads\/2024\/09\/billetes-billetera-sueldos-salarios-300x168.webp\" alt=\"\" width=\"300\" height=\"168\" srcset=\"https:\/\/cafeprensa.com.ar\/wp-content\/uploads\/2024\/09\/billetes-billetera-sueldos-salarios-300x168.webp 300w, https:\/\/cafeprensa.com.ar\/wp-content\/uploads\/2024\/09\/billetes-billetera-sueldos-salarios-1024x573.webp 1024w, https:\/\/cafeprensa.com.ar\/wp-content\/uploads\/2024\/09\/billetes-billetera-sueldos-salarios-768x430.webp 768w, https:\/\/cafeprensa.com.ar\/wp-content\/uploads\/2024\/09\/billetes-billetera-sueldos-salarios-390x220.webp 390w, https:\/\/cafeprensa.com.ar\/wp-content\/uploads\/2024\/09\/billetes-billetera-sueldos-salarios.webp 1200w\" sizes=\"auto, (max-width: 300px) 100vw, 300px\" \/><\/p>\n<div class=\"headline-wrapper\">\n<h2 class=\"header headline-class-h2\">Verificaci\u00f3n T\u00e9cnica Vehicular (VTV)<\/h2>\n<\/div>\n<p class=\"paragraph\" data-mrf-recirculation=\"Links inline\">Los conductores de la Ciudad de Buenos Aires sufrir\u00e1n un aumento de m\u00e1s del 70% en la tarifa de la Verificaci\u00f3n T\u00e9cnica Vehicular (VTV) a partir de septiembre. Seg\u00fan la Resoluci\u00f3n 91\/2024, publicada en el Bolet\u00edn Oficial el mi\u00e9rcoles 28 de agosto, el Gobierno ha aprobado este incremento, que afectar\u00e1 a autos, motos y otros veh\u00edculos desde el 1 de septiembre.<\/p>\n<p class=\"paragraph\" data-mrf-recirculation=\"Links inline\">En CABA, los automovilistas deber\u00e1n pagar $38.014,57 para realizar la VTV. Mientras tanto, en la Provincia de Buenos Aires, las tarifas ser\u00e1n las siguientes:<\/p>\n<ul class=\"list\" data-icon=\"\u2b24\">\n<li data-icon=\"\u2b24\"><em><strong>Motos: $10.359,35<\/strong><\/em><\/li>\n<li data-icon=\"\u2b24\"><em><strong>Autos y veh\u00edculos livianos de hasta 2.500 kg: $34.531,17<\/strong><\/em><\/li>\n<li data-icon=\"\u2b24\"><em><strong>Veh\u00edculos pesados de m\u00e1s de 2.500 kg: $62.156,10<\/strong><\/em><\/li>\n<li data-icon=\"\u2b24\"><em><strong>Remolques, semirremolques y acoplados de hasta 2.500 kg: $17.265,58<\/strong><\/em><\/li>\n<li data-icon=\"\u2b24\"><em><strong>Remolques, semirremolques y acoplados de m\u00e1s de 2.500 kg: $31.078,06<\/strong><\/em><\/li>\n<\/ul>\n<\/div>\n<\/article>\n","protected":false},"excerpt":{"rendered":"<p>Luz, gas, combustibles y alquileres son solo algunos de los rubros que llegar\u00e1n con aumentos a partir de septiembre e implicar\u00e1n un nuevo golpe al bolsillo. Llega septiembre y habr\u00e1 m\u00e1s presi\u00f3n en los bolsillos de los argentinos, que sufrir\u00e1n aumentos tanto en las tarifas de servicios p\u00fablicos como agua, luz y gas, y alquileres, &hellip;<\/p>\n","protected":false},"author":2,"featured_media":4154,"comment_status":"open","ping_status":"open","sticky":false,"template":"","format":"standard","meta":{"footnotes":""},"categories":[28,33],"tags":[169],"class_list":["post-4153","post","type-post","status-publish","format-standard","has-post-thumbnail","hentry","category-economia","category-nacionales","tag-aumentos"],"_links":{"self":[{"href":"https:\/\/cafeprensa.com.ar\/index.php\/wp-json\/wp\/v2\/posts\/4153","targetHints":{"allow":["GET"]}}],"collection":[{"href":"https:\/\/cafeprensa.com.ar\/index.php\/wp-json\/wp\/v2\/posts"}],"about":[{"href":"https:\/\/cafeprensa.com.ar\/index.php\/wp-json\/wp\/v2\/types\/post"}],"author":[{"embeddable":true,"href":"https:\/\/cafeprensa.com.ar\/index.php\/wp-json\/wp\/v2\/users\/2"}],"replies":[{"embeddable":true,"href":"https:\/\/cafeprensa.com.ar\/index.php\/wp-json\/wp\/v2\/comments?post=4153"}],"version-history":[{"count":1,"href":"https:\/\/cafeprensa.com.ar\/index.php\/wp-json\/wp\/v2\/posts\/4153\/revisions"}],"predecessor-version":[{"id":4156,"href":"https:\/\/cafeprensa.com.ar\/index.php\/wp-json\/wp\/v2\/posts\/4153\/revisions\/4156"}],"wp:featuredmedia":[{"embeddable":true,"href":"https:\/\/cafeprensa.com.ar\/index.php\/wp-json\/wp\/v2\/media\/4154"}],"wp:attachment":[{"href":"https:\/\/cafeprensa.com.ar\/index.php\/wp-json\/wp\/v2\/media?parent=4153"}],"wp:term":[{"taxonomy":"category","embeddable":true,"href":"https:\/\/cafeprensa.com.ar\/index.php\/wp-json\/wp\/v2\/categories?post=4153"},{"taxonomy":"post_tag","embeddable":true,"href":"https:\/\/cafeprensa.com.ar\/index.php\/wp-json\/wp\/v2\/tags?post=4153"}],"curies":[{"name":"wp","href":"https:\/\/api.w.org\/{rel}","templated":true}]}}