{"id":4195,"date":"2024-09-11T17:25:30","date_gmt":"2024-09-11T15:25:30","guid":{"rendered":"https:\/\/cafeprensa.com.ar\/?p=4195"},"modified":"2024-09-11T17:25:30","modified_gmt":"2024-09-11T15:25:30","slug":"sara-alperovich-cuestiono-a-la-victima-del-caso-alperovich","status":"publish","type":"post","link":"https:\/\/cafeprensa.com.ar\/index.php\/2024\/09\/11\/sara-alperovich-cuestiono-a-la-victima-del-caso-alperovich\/","title":{"rendered":"Sara Alperovich cuestion\u00f3 a la v\u00edctima del caso Alperovich"},"content":{"rendered":"<p class=\"title\"><em><strong>\u00ab\u00bfPor qu\u00e9 ella se qued\u00f3 dos a\u00f1os trabajando con nosotros?\u00bb<\/strong><\/em><\/p>\n<p class=\"description separatorlines\">La hija del acusado public\u00f3 un video en defensa de su padre, el ex gobernador Jos\u00e9 Alperovich, condenado por abusos sexuales.<\/p>\n<div class=\"at-vc\">\n<div id=\"vsmcontent\" class=\"content vsmcontent\">\n<p>En medio de la condena del ex gobernador<b>\u00a0Jos\u00e9 Alperovich<\/b>\u00a0a 16 a\u00f1os de prisi\u00f3n por abusos sexuales, su hija,\u00a0<b>Sara Alperovich<\/b>,\u00a0<span class=\"highlight\">public\u00f3 un video en redes sociales defendiendo la inocencia de su padre y cuestionando la versi\u00f3n de la denunciante<\/span>.<\/p>\n<p><span class=\"highlight\">Sara Alperovich comienza su video enfatizando la importancia del caso para su familia y defendiendo la inocencia de su padre.<\/span>\u00a0Relata que la denunciante, quien se present\u00f3 a trabajar con ellos en noviembre de 2017, no ten\u00eda dependencia econ\u00f3mica de su padre ya que ten\u00eda un contrato estatal permanente.<br \/>\n<iframe loading=\"lazy\" title=\"YouTube video player\" src=\"https:\/\/www.youtube.com\/embed\/P_dsVcUa1-s?si=orr_1nfOCnWR81Fd\" width=\"560\" height=\"315\" frameborder=\"0\" allowfullscreen=\"allowfullscreen\"><\/iframe><br \/>\n<em><strong>\u00a0\u00abElla ten\u00eda 27 a\u00f1os y no depend\u00eda de mi pap\u00e1 econ\u00f3micamente. Comenz\u00f3 a trabajar con nosotros y no ten\u00eda un sueldo pagado por mi padre,\u00bb afirma Sara en el video.<\/strong><\/em><\/p>\n<p>En el video, Sara tambi\u00e9n menciona la estrecha relaci\u00f3n que desarroll\u00f3 con la denunciante.\u00a0<span class=\"highlight\">\u00abNos hicimos muy amigas. Ella siempre dec\u00eda estar feliz en el trabajo y que sent\u00eda que se la valoraba.\u00a0<\/span>Aseguraba que quer\u00eda seguir trabajando con nosotros debido al crecimiento y las oportunidades que encontraba,\u00bb dice Sara.<\/p>\n<p>Sara Alperovich tambi\u00e9n revela que la denunciante ten\u00eda una relaci\u00f3n con un concejal casado, y sugiere que esta relaci\u00f3n fue problem\u00e1tica y pudo haber influido en su decisi\u00f3n de renunciar al trabajo. Seg\u00fan Sara, la denunciante comenz\u00f3 a crear una denuncia despu\u00e9s de que su relaci\u00f3n personal no resultara bien.\u00a0<span class=\"highlight\">\u00abElla empez\u00f3 a armar toda esta denuncia falsa junto con su pareja. Sab\u00eda todos los lugares a los que mi padre iba, pero no tuvo en cuenta las pruebas que demostrar\u00edan lo contrario<\/span>,\u00bb afirma.<\/p>\n<p>Sara plantea una pregunta crucial en su defensa:\u00a0<strong><span class=\"highlight\">\u00ab<\/span><span class=\"highlight\">Si ella fue supuestamente abusada en los primeros tres meses, \u00bfpor qu\u00e9 se qued\u00f3 dos a\u00f1os trabajando con nosotros? \u00bfPor qu\u00e9 no volvi\u00f3 a su trabajo en el Estado? Ella estaba claramente feliz y eficiente en su trabajo,\u00bb<\/span>\u00a0<\/strong>se pregunta Sara, cuestionando la coherencia de la denuncia.<\/p>\n<p>En el video Sara menciona que present\u00f3 pruebas y testimonios que, seg\u00fan ella, no fueron considerados adecuadamente por el juez. Concluye su intervenci\u00f3n pidiendo a los espectadores que vean m\u00e1s videos que, seg\u00fan ella, mostrar\u00e1n informaci\u00f3n clave que refuta la condena de su padre.<\/p>\n<\/div>\n<\/div>\n","protected":false},"excerpt":{"rendered":"<p>\u00ab\u00bfPor qu\u00e9 ella se qued\u00f3 dos a\u00f1os trabajando con nosotros?\u00bb La hija del acusado public\u00f3 un video en defensa de su padre, el ex gobernador Jos\u00e9 Alperovich, condenado por abusos sexuales. En medio de la condena del ex gobernador\u00a0Jos\u00e9 Alperovich\u00a0a 16 a\u00f1os de prisi\u00f3n por abusos sexuales, su hija,\u00a0Sara Alperovich,\u00a0public\u00f3 un video en redes sociales &hellip;<\/p>\n","protected":false},"author":2,"featured_media":4196,"comment_status":"open","ping_status":"open","sticky":false,"template":"","format":"standard","meta":{"footnotes":""},"categories":[47,34],"tags":[810,1118],"class_list":["post-4195","post","type-post","status-publish","format-standard","has-post-thumbnail","hentry","category-justicia","category-locales","tag-caso-alperovich","tag-sara-alperovich"],"_links":{"self":[{"href":"https:\/\/cafeprensa.com.ar\/index.php\/wp-json\/wp\/v2\/posts\/4195","targetHints":{"allow":["GET"]}}],"collection":[{"href":"https:\/\/cafeprensa.com.ar\/index.php\/wp-json\/wp\/v2\/posts"}],"about":[{"href":"https:\/\/cafeprensa.com.ar\/index.php\/wp-json\/wp\/v2\/types\/post"}],"author":[{"embeddable":true,"href":"https:\/\/cafeprensa.com.ar\/index.php\/wp-json\/wp\/v2\/users\/2"}],"replies":[{"embeddable":true,"href":"https:\/\/cafeprensa.com.ar\/index.php\/wp-json\/wp\/v2\/comments?post=4195"}],"version-history":[{"count":1,"href":"https:\/\/cafeprensa.com.ar\/index.php\/wp-json\/wp\/v2\/posts\/4195\/revisions"}],"predecessor-version":[{"id":4197,"href":"https:\/\/cafeprensa.com.ar\/index.php\/wp-json\/wp\/v2\/posts\/4195\/revisions\/4197"}],"wp:featuredmedia":[{"embeddable":true,"href":"https:\/\/cafeprensa.com.ar\/index.php\/wp-json\/wp\/v2\/media\/4196"}],"wp:attachment":[{"href":"https:\/\/cafeprensa.com.ar\/index.php\/wp-json\/wp\/v2\/media?parent=4195"}],"wp:term":[{"taxonomy":"category","embeddable":true,"href":"https:\/\/cafeprensa.com.ar\/index.php\/wp-json\/wp\/v2\/categories?post=4195"},{"taxonomy":"post_tag","embeddable":true,"href":"https:\/\/cafeprensa.com.ar\/index.php\/wp-json\/wp\/v2\/tags?post=4195"}],"curies":[{"name":"wp","href":"https:\/\/api.w.org\/{rel}","templated":true}]}}