{"id":4198,"date":"2024-09-11T17:33:25","date_gmt":"2024-09-11T15:33:25","guid":{"rendered":"https:\/\/cafeprensa.com.ar\/?p=4198"},"modified":"2024-09-11T17:33:25","modified_gmt":"2024-09-11T15:33:25","slug":"el-concejo-se-suma-a-la-campana-de-busqueda-por-loan","status":"publish","type":"post","link":"https:\/\/cafeprensa.com.ar\/index.php\/2024\/09\/11\/el-concejo-se-suma-a-la-campana-de-busqueda-por-loan\/","title":{"rendered":"El Concejo se suma a la campa\u00f1a de b\u00fasqueda por Loan"},"content":{"rendered":"<div dir=\"auto\">A ra\u00edz de las repercusiones ante la desaparici\u00f3n del ni\u00f1o Loan Danilo Pe\u00f1a, de 5 a\u00f1os.<\/div>\n<div dir=\"auto\">El <strong>Honorable Concejo Deliberante de San Miguel de Tucum\u00e1n<\/strong> se suma a la campa\u00f1a nacional e internacional para dar con su paradero, desde su desaparici\u00f3n el <strong>13 de junio del Paraje Algarrobal, 9 de Julio, en Corrientes.<\/strong><\/div>\n<div dir=\"auto\"><img loading=\"lazy\" decoding=\"async\" class=\"alignnone size-medium wp-image-4201\" src=\"https:\/\/cafeprensa.com.ar\/wp-content\/uploads\/2024\/09\/IMG-20240910-WA0047-300x300.jpg\" alt=\"\" width=\"300\" height=\"300\" srcset=\"https:\/\/cafeprensa.com.ar\/wp-content\/uploads\/2024\/09\/IMG-20240910-WA0047-300x300.jpg 300w, https:\/\/cafeprensa.com.ar\/wp-content\/uploads\/2024\/09\/IMG-20240910-WA0047-1024x1024.jpg 1024w, https:\/\/cafeprensa.com.ar\/wp-content\/uploads\/2024\/09\/IMG-20240910-WA0047-150x150.jpg 150w, https:\/\/cafeprensa.com.ar\/wp-content\/uploads\/2024\/09\/IMG-20240910-WA0047-768x768.jpg 768w, https:\/\/cafeprensa.com.ar\/wp-content\/uploads\/2024\/09\/IMG-20240910-WA0047-1536x1536.jpg 1536w, https:\/\/cafeprensa.com.ar\/wp-content\/uploads\/2024\/09\/IMG-20240910-WA0047.jpg 1600w\" sizes=\"auto, (max-width: 300px) 100vw, 300px\" \/><\/div>\n<div dir=\"auto\">Ante cualquier informaci\u00f3n, rogamos que se contacten de inmediato con la l\u00ednea directa 134.<\/div>\n","protected":false},"excerpt":{"rendered":"<p>A ra\u00edz de las repercusiones ante la desaparici\u00f3n del ni\u00f1o Loan Danilo Pe\u00f1a, de 5 a\u00f1os. El Honorable Concejo Deliberante de San Miguel de Tucum\u00e1n se suma a la campa\u00f1a nacional e internacional para dar con su paradero, desde su desaparici\u00f3n el 13 de junio del Paraje Algarrobal, 9 de Julio, en Corrientes. Ante cualquier &hellip;<\/p>\n","protected":false},"author":2,"featured_media":4200,"comment_status":"open","ping_status":"open","sticky":false,"template":"","format":"standard","meta":{"footnotes":""},"categories":[54,34],"tags":[1120,189,1119],"class_list":["post-4198","post","type-post","status-publish","format-standard","has-post-thumbnail","hentry","category-interes-ganeral","category-locales","tag-corrientes","tag-juri","tag-loan"],"_links":{"self":[{"href":"https:\/\/cafeprensa.com.ar\/index.php\/wp-json\/wp\/v2\/posts\/4198","targetHints":{"allow":["GET"]}}],"collection":[{"href":"https:\/\/cafeprensa.com.ar\/index.php\/wp-json\/wp\/v2\/posts"}],"about":[{"href":"https:\/\/cafeprensa.com.ar\/index.php\/wp-json\/wp\/v2\/types\/post"}],"author":[{"embeddable":true,"href":"https:\/\/cafeprensa.com.ar\/index.php\/wp-json\/wp\/v2\/users\/2"}],"replies":[{"embeddable":true,"href":"https:\/\/cafeprensa.com.ar\/index.php\/wp-json\/wp\/v2\/comments?post=4198"}],"version-history":[{"count":1,"href":"https:\/\/cafeprensa.com.ar\/index.php\/wp-json\/wp\/v2\/posts\/4198\/revisions"}],"predecessor-version":[{"id":4203,"href":"https:\/\/cafeprensa.com.ar\/index.php\/wp-json\/wp\/v2\/posts\/4198\/revisions\/4203"}],"wp:featuredmedia":[{"embeddable":true,"href":"https:\/\/cafeprensa.com.ar\/index.php\/wp-json\/wp\/v2\/media\/4200"}],"wp:attachment":[{"href":"https:\/\/cafeprensa.com.ar\/index.php\/wp-json\/wp\/v2\/media?parent=4198"}],"wp:term":[{"taxonomy":"category","embeddable":true,"href":"https:\/\/cafeprensa.com.ar\/index.php\/wp-json\/wp\/v2\/categories?post=4198"},{"taxonomy":"post_tag","embeddable":true,"href":"https:\/\/cafeprensa.com.ar\/index.php\/wp-json\/wp\/v2\/tags?post=4198"}],"curies":[{"name":"wp","href":"https:\/\/api.w.org\/{rel}","templated":true}]}}