{"id":4263,"date":"2024-09-22T00:16:26","date_gmt":"2024-09-21T22:16:26","guid":{"rendered":"https:\/\/cafeprensa.com.ar\/?p=4263"},"modified":"2024-09-22T00:42:55","modified_gmt":"2024-09-21T22:42:55","slug":"florencia-villagra-sobre-su-gestion-en-la-juventud-peronista-construir-juventud-es-una-decision-politica","status":"publish","type":"post","link":"https:\/\/cafeprensa.com.ar\/index.php\/2024\/09\/22\/florencia-villagra-sobre-su-gestion-en-la-juventud-peronista-construir-juventud-es-una-decision-politica\/","title":{"rendered":"Florencia Villagra sobre su gesti\u00f3n en la JP: \u00abConstruir juventud es una decisi\u00f3n pol\u00edtica\u00bb"},"content":{"rendered":"<p>La presidenta de la Junta Juvenil del PJ, <strong>Florencia Villagra<\/strong> en di\u00e1logo con Caf\u00e9 Prensa se refiri\u00f3 a su gesti\u00f3n a cargo de la juventud. Adem\u00e1s, detall\u00f3 c\u00f3mo fue el proceso de su designaci\u00f3n y cu\u00e1les son los objetivos a desarrollar.<\/p>\n<p>Villagra anticip\u00f3 que la meta principal del espacio es generar \u00abun semillero para el PJ\u00bb, que permita generar figuras con visi\u00f3n t\u00e9cnico-pol\u00edtica para el futuro del espacio y de afrontar las demandas en agenda. Finalmente, analiz\u00f3 el contexto pol\u00edtico actual y manifest\u00f3 que el espacio que lidera \u00abest\u00e1 dispuesto a escuchar\u00bb a todos los j\u00f3venes para generar consensos y representaci\u00f3n.<\/p>\n<p>Escucha la nota completa:<\/p>\n<audio class=\"wp-audio-shortcode\" id=\"audio-4263-1\" preload=\"none\" style=\"width: 100%;\" controls=\"controls\"><source type=\"audio\/mpeg\" src=\"https:\/\/cafeprensa.com.ar\/wp-content\/uploads\/2024\/09\/21-09-FLORENCIA-VILLAGRA-PTA.-JUVENTUD-PJ-parte-1-Cafe-Prensa.mp3?_=1\" \/><a href=\"https:\/\/cafeprensa.com.ar\/wp-content\/uploads\/2024\/09\/21-09-FLORENCIA-VILLAGRA-PTA.-JUVENTUD-PJ-parte-1-Cafe-Prensa.mp3\">https:\/\/cafeprensa.com.ar\/wp-content\/uploads\/2024\/09\/21-09-FLORENCIA-VILLAGRA-PTA.-JUVENTUD-PJ-parte-1-Cafe-Prensa.mp3<\/a><\/audio>\n<p>&nbsp;<\/p>\n<audio class=\"wp-audio-shortcode\" id=\"audio-4263-2\" preload=\"none\" style=\"width: 100%;\" controls=\"controls\"><source type=\"audio\/mpeg\" src=\"https:\/\/cafeprensa.com.ar\/wp-content\/uploads\/2024\/09\/21-09-FLORENCIA-VILLAGRA-PTA.-JUVENTUD-PJ-parte-1-Cafe-Prensa-1.mp3?_=2\" \/><a href=\"https:\/\/cafeprensa.com.ar\/wp-content\/uploads\/2024\/09\/21-09-FLORENCIA-VILLAGRA-PTA.-JUVENTUD-PJ-parte-1-Cafe-Prensa-1.mp3\">https:\/\/cafeprensa.com.ar\/wp-content\/uploads\/2024\/09\/21-09-FLORENCIA-VILLAGRA-PTA.-JUVENTUD-PJ-parte-1-Cafe-Prensa-1.mp3<\/a><\/audio>\n","protected":false},"excerpt":{"rendered":"<p>La presidenta de la Junta Juvenil del PJ, Florencia Villagra en di\u00e1logo con Caf\u00e9 Prensa se refiri\u00f3 a su gesti\u00f3n a cargo de la juventud. Adem\u00e1s, detall\u00f3 c\u00f3mo fue el proceso de su designaci\u00f3n y cu\u00e1les son los objetivos a desarrollar. Villagra anticip\u00f3 que la meta principal del espacio es generar \u00abun semillero para el &hellip;<\/p>\n","protected":false},"author":2,"featured_media":4265,"comment_status":"open","ping_status":"open","sticky":false,"template":"","format":"standard","meta":{"footnotes":""},"categories":[34],"tags":[1140,1141,82,160],"class_list":["post-4263","post","type-post","status-publish","format-standard","has-post-thumbnail","hentry","category-locales","tag-florencia-villagra","tag-juventud-peronista","tag-politica","tag-tucuman"],"_links":{"self":[{"href":"https:\/\/cafeprensa.com.ar\/index.php\/wp-json\/wp\/v2\/posts\/4263","targetHints":{"allow":["GET"]}}],"collection":[{"href":"https:\/\/cafeprensa.com.ar\/index.php\/wp-json\/wp\/v2\/posts"}],"about":[{"href":"https:\/\/cafeprensa.com.ar\/index.php\/wp-json\/wp\/v2\/types\/post"}],"author":[{"embeddable":true,"href":"https:\/\/cafeprensa.com.ar\/index.php\/wp-json\/wp\/v2\/users\/2"}],"replies":[{"embeddable":true,"href":"https:\/\/cafeprensa.com.ar\/index.php\/wp-json\/wp\/v2\/comments?post=4263"}],"version-history":[{"count":3,"href":"https:\/\/cafeprensa.com.ar\/index.php\/wp-json\/wp\/v2\/posts\/4263\/revisions"}],"predecessor-version":[{"id":4275,"href":"https:\/\/cafeprensa.com.ar\/index.php\/wp-json\/wp\/v2\/posts\/4263\/revisions\/4275"}],"wp:featuredmedia":[{"embeddable":true,"href":"https:\/\/cafeprensa.com.ar\/index.php\/wp-json\/wp\/v2\/media\/4265"}],"wp:attachment":[{"href":"https:\/\/cafeprensa.com.ar\/index.php\/wp-json\/wp\/v2\/media?parent=4263"}],"wp:term":[{"taxonomy":"category","embeddable":true,"href":"https:\/\/cafeprensa.com.ar\/index.php\/wp-json\/wp\/v2\/categories?post=4263"},{"taxonomy":"post_tag","embeddable":true,"href":"https:\/\/cafeprensa.com.ar\/index.php\/wp-json\/wp\/v2\/tags?post=4263"}],"curies":[{"name":"wp","href":"https:\/\/api.w.org\/{rel}","templated":true}]}}