{"id":4300,"date":"2024-09-25T13:46:49","date_gmt":"2024-09-25T11:46:49","guid":{"rendered":"https:\/\/cafeprensa.com.ar\/?p=4300"},"modified":"2024-09-25T13:46:49","modified_gmt":"2024-09-25T11:46:49","slug":"diputados-portenos-repudiaron-los-dichos-del-papa-francisco","status":"publish","type":"post","link":"https:\/\/cafeprensa.com.ar\/index.php\/2024\/09\/25\/diputados-portenos-repudiaron-los-dichos-del-papa-francisco\/","title":{"rendered":"Diputados porte\u00f1os repudiaron los dichos del Papa Francisco"},"content":{"rendered":"<div class=\"post-content\">\n<p>Desde La Libertad Avanza, Vamos por M\u00e1s y Republicanos Unidos apuntaron con dureza contra el Sumo Pont\u00edfice y le exigieron que se exprese en relaci\u00f3n al fraude electoral de Nicol\u00e1s Maduro en Venezuela.<\/p>\n<p>Los legisladores de Desde La Libertad Avanza (LLA), Vamos por M\u00e1s (VxM) y Republicanos Unidos (RU) cuestionaron con suma dureza los dichos del <strong>Papa Francisco<\/strong>\u00a0acerca de las pol\u00edticas implementadas por el Gobierno de\u00a0<strong>Javier Milei<\/strong>\u00a0y le exigieron que se exprese en relaci\u00f3n al fraude electoral de\u00a0<strong>Nicol\u00e1s Maduro<\/strong>\u00a0en Venezuela.<\/p>\n<\/div>\n<div class=\"contenido-post\">\n<p>En ese sentido, los diputados impulsaron en la Legislatura porte\u00f1a un proyecto de declaraci\u00f3n en el que repudiaron los dichos del Sumo Pontifice, quien expres\u00f3: \u201cel Gobierno se puso firme: en vez de pagar justicia social, el Gobierno pag\u00f3 el gas pimienta. Les conven\u00eda. T\u00e9nganlo en cuenta\u201d.<\/p>\n<p>En el texto recientemente presentado en el Parlamento, los legisladores sentenciaron que<strong> \u201cestas expresiones significan una intromisi\u00f3n impropia en la pol\u00edtica nacional en su condici\u00f3n de jefe de Estado y Sumo Pont\u00edfice de la Iglesia Cat\u00f3lica, a la vez que esta referencia a un supuesto hecho espec\u00edfico contrasta con la falta de una condena expl\u00edcita y proporcional con el resto de sus dichos respecto de la violaci\u00f3n sistem\u00e1tica de derechos humanos y el fraude electoral perpetrado por el r\u00e9gimen totalitario del dictador Nicol\u00e1s Maduro en la Rep\u00fablica de Venezuela desde el pasado 28 de julio\u201d.<\/strong><\/p>\n<p>El proyecto lleva las firmas de los legisladores\u00a0<strong>Sandra Rey<\/strong>,\u00a0<strong>Eugenio Casielles<\/strong>,\u00a0<strong>Ramiro Marra<\/strong>,\u00a0<strong>Jorge Reta<\/strong>\u00a0(LLA),\u00a0<strong>Patricia Glize<\/strong>\u00a0(VxM) y\u00a0<strong>Yamil Santoro<\/strong>\u00a0(RU)<\/p>\n<\/div>\n","protected":false},"excerpt":{"rendered":"<p>Desde La Libertad Avanza, Vamos por M\u00e1s y Republicanos Unidos apuntaron con dureza contra el Sumo Pont\u00edfice y le exigieron que se exprese en relaci\u00f3n al fraude electoral de Nicol\u00e1s Maduro en Venezuela. Los legisladores de Desde La Libertad Avanza (LLA), Vamos por M\u00e1s (VxM) y Republicanos Unidos (RU) cuestionaron con suma dureza los dichos &hellip;<\/p>\n","protected":false},"author":2,"featured_media":4301,"comment_status":"open","ping_status":"open","sticky":false,"template":"","format":"standard","meta":{"footnotes":""},"categories":[35,33],"tags":[249,518],"class_list":["post-4300","post","type-post","status-publish","format-standard","has-post-thumbnail","hentry","category-internacionales","category-nacionales","tag-diputados","tag-papa-francisco"],"_links":{"self":[{"href":"https:\/\/cafeprensa.com.ar\/index.php\/wp-json\/wp\/v2\/posts\/4300","targetHints":{"allow":["GET"]}}],"collection":[{"href":"https:\/\/cafeprensa.com.ar\/index.php\/wp-json\/wp\/v2\/posts"}],"about":[{"href":"https:\/\/cafeprensa.com.ar\/index.php\/wp-json\/wp\/v2\/types\/post"}],"author":[{"embeddable":true,"href":"https:\/\/cafeprensa.com.ar\/index.php\/wp-json\/wp\/v2\/users\/2"}],"replies":[{"embeddable":true,"href":"https:\/\/cafeprensa.com.ar\/index.php\/wp-json\/wp\/v2\/comments?post=4300"}],"version-history":[{"count":1,"href":"https:\/\/cafeprensa.com.ar\/index.php\/wp-json\/wp\/v2\/posts\/4300\/revisions"}],"predecessor-version":[{"id":4302,"href":"https:\/\/cafeprensa.com.ar\/index.php\/wp-json\/wp\/v2\/posts\/4300\/revisions\/4302"}],"wp:featuredmedia":[{"embeddable":true,"href":"https:\/\/cafeprensa.com.ar\/index.php\/wp-json\/wp\/v2\/media\/4301"}],"wp:attachment":[{"href":"https:\/\/cafeprensa.com.ar\/index.php\/wp-json\/wp\/v2\/media?parent=4300"}],"wp:term":[{"taxonomy":"category","embeddable":true,"href":"https:\/\/cafeprensa.com.ar\/index.php\/wp-json\/wp\/v2\/categories?post=4300"},{"taxonomy":"post_tag","embeddable":true,"href":"https:\/\/cafeprensa.com.ar\/index.php\/wp-json\/wp\/v2\/tags?post=4300"}],"curies":[{"name":"wp","href":"https:\/\/api.w.org\/{rel}","templated":true}]}}