{"id":4323,"date":"2024-09-28T19:32:33","date_gmt":"2024-09-28T17:32:33","guid":{"rendered":"https:\/\/cafeprensa.com.ar\/?p=4323"},"modified":"2024-09-28T19:32:33","modified_gmt":"2024-09-28T17:32:33","slug":"robinson-sobre-las-expectativas-economicas-el-mercado-se-mueve-entre-un-pesimismo-moderado-y-un-optimismo-pausado","status":"publish","type":"post","link":"https:\/\/cafeprensa.com.ar\/index.php\/2024\/09\/28\/robinson-sobre-las-expectativas-economicas-el-mercado-se-mueve-entre-un-pesimismo-moderado-y-un-optimismo-pausado\/","title":{"rendered":"Robinson sobre las expectativas econ\u00f3micas: \u00abEl mercado se mueve entre un pesimismo moderado y un optimismo pausado\u00bb"},"content":{"rendered":"<p>El economista<strong> Eduardo Robinson<\/strong> en di\u00e1logo con Caf\u00e9 Prensa analiz\u00f3 la respuesta de los mercados respecto a la visita de Javier Milei a Wall Street. Robinson se\u00f1al\u00f3 que estos sectores esperan saber \u00abcu\u00e1l es el plaf\u00f3n pol\u00edtico\u00bb con el que contar\u00e1 el mandatario para moverse en el Congreso.<\/p>\n<p>Por otro lado, el economista destac\u00f3 que hoy, \u00abel mercado se mueve entre un pesimismo moderado y un optimismo pausado\u00bb. Adem\u00e1s, concluy\u00f3 que en cuanto al cepo, su levantamiento actualmente no ser\u00e1 posible, ya que \u00abArgentina no se encuentra en condiciones\u00bb.<\/p>\n<p>Finalmente, Robinson concluy\u00f3 que \u00abla econom\u00eda argentina se va a recuperar en un proceso bastante lento de reactivaci\u00f3n\u00bb. Pero advirti\u00f3 que \u00abuna cosa es la reactivaci\u00f3n y otra es el crecimiento econ\u00f3mico\u00bb, cerr\u00f3.<\/p>\n<p>Escucha la nota completa:<\/p>\n<audio class=\"wp-audio-shortcode\" id=\"audio-4323-1\" preload=\"none\" style=\"width: 100%;\" controls=\"controls\"><source type=\"audio\/mpeg\" src=\"https:\/\/cafeprensa.com.ar\/wp-content\/uploads\/2024\/09\/28-09-Eduardo-robinson-Cafe-Prensa.mp3?_=1\" \/><a href=\"https:\/\/cafeprensa.com.ar\/wp-content\/uploads\/2024\/09\/28-09-Eduardo-robinson-Cafe-Prensa.mp3\">https:\/\/cafeprensa.com.ar\/wp-content\/uploads\/2024\/09\/28-09-Eduardo-robinson-Cafe-Prensa.mp3<\/a><\/audio>\n","protected":false},"excerpt":{"rendered":"<p>El economista Eduardo Robinson en di\u00e1logo con Caf\u00e9 Prensa analiz\u00f3 la respuesta de los mercados respecto a la visita de Javier Milei a Wall Street. Robinson se\u00f1al\u00f3 que estos sectores esperan saber \u00abcu\u00e1l es el plaf\u00f3n pol\u00edtico\u00bb con el que contar\u00e1 el mandatario para moverse en el Congreso. Por otro lado, el economista destac\u00f3 que &hellip;<\/p>\n","protected":false},"author":2,"featured_media":4324,"comment_status":"open","ping_status":"open","sticky":false,"template":"","format":"standard","meta":{"footnotes":""},"categories":[34],"tags":[1156,1155,413,412,200,1153,1154,1157],"class_list":["post-4323","post","type-post","status-publish","format-standard","has-post-thumbnail","hentry","category-locales","tag-ahorros","tag-bonos","tag-economia","tag-eduardo-robinson","tag-javier-milei","tag-mercados","tag-reaccion","tag-situacion-economica"],"_links":{"self":[{"href":"https:\/\/cafeprensa.com.ar\/index.php\/wp-json\/wp\/v2\/posts\/4323","targetHints":{"allow":["GET"]}}],"collection":[{"href":"https:\/\/cafeprensa.com.ar\/index.php\/wp-json\/wp\/v2\/posts"}],"about":[{"href":"https:\/\/cafeprensa.com.ar\/index.php\/wp-json\/wp\/v2\/types\/post"}],"author":[{"embeddable":true,"href":"https:\/\/cafeprensa.com.ar\/index.php\/wp-json\/wp\/v2\/users\/2"}],"replies":[{"embeddable":true,"href":"https:\/\/cafeprensa.com.ar\/index.php\/wp-json\/wp\/v2\/comments?post=4323"}],"version-history":[{"count":2,"href":"https:\/\/cafeprensa.com.ar\/index.php\/wp-json\/wp\/v2\/posts\/4323\/revisions"}],"predecessor-version":[{"id":4327,"href":"https:\/\/cafeprensa.com.ar\/index.php\/wp-json\/wp\/v2\/posts\/4323\/revisions\/4327"}],"wp:featuredmedia":[{"embeddable":true,"href":"https:\/\/cafeprensa.com.ar\/index.php\/wp-json\/wp\/v2\/media\/4324"}],"wp:attachment":[{"href":"https:\/\/cafeprensa.com.ar\/index.php\/wp-json\/wp\/v2\/media?parent=4323"}],"wp:term":[{"taxonomy":"category","embeddable":true,"href":"https:\/\/cafeprensa.com.ar\/index.php\/wp-json\/wp\/v2\/categories?post=4323"},{"taxonomy":"post_tag","embeddable":true,"href":"https:\/\/cafeprensa.com.ar\/index.php\/wp-json\/wp\/v2\/tags?post=4323"}],"curies":[{"name":"wp","href":"https:\/\/api.w.org\/{rel}","templated":true}]}}