{"id":4429,"date":"2024-10-09T13:03:27","date_gmt":"2024-10-09T11:03:27","guid":{"rendered":"https:\/\/cafeprensa.com.ar\/?p=4429"},"modified":"2024-10-09T13:03:27","modified_gmt":"2024-10-09T11:03:27","slug":"se-viene-uno-de-los-festival-mas-importante-de-la-provincia","status":"publish","type":"post","link":"https:\/\/cafeprensa.com.ar\/index.php\/2024\/10\/09\/se-viene-uno-de-los-festival-mas-importante-de-la-provincia\/","title":{"rendered":"Se viene uno de los Festival m\u00e1s importante de la provincia"},"content":{"rendered":"<p class=\"text-primary fw-bold\">Monteros Fortaleza del Folclore,\u00a0Llega la 59\u00b0 edici\u00f3n del tradicional festival Monteros de la Patria, desde este 10 al 13 de octubre en el Gimnasio Municipal.<\/p>\n<div class=\"w-100\">\n<header class=\"w-100\">\n<hr class=\"mt-1 mb-2\" \/>\n<p><img decoding=\"async\" class=\"img-fluid w-100\" src=\"https:\/\/www.institucionalturismotuc.gob.ar\/public\/img\/monterosdelapatria2.jpg\" alt=\"imgPrincipalNoticia\" \/><\/header>\n<\/div>\n<div id=\"texto\" class=\"mt-3 d-flex flex-column d-md-block\">\n<div class=\"d-block border-top border-bottom border-2 text-destacado h5 mt-2 col-md-5 col-lg-3 col-12 border-primary float-md-end px-lg-0 px-3 ms-lg-4 mb-3 py-4 order-5\"><strong>\u00abEsto generar\u00e1 trabajo y bienestar para el pueblo monterizo, un pueblo que tiene una m\u00edstica muy especial por su folclore, m\u00fasica y poes\u00eda\u00bb<\/strong>, dijo Amaya.<\/div>\n<p class=\"ql-align-justify\">Octubre en Tucum\u00e1n es sin\u00f3nimo de folclore, de tradici\u00f3n, de m\u00fasica. Es que, como todos los a\u00f1os, y en el marco de un fin de semana largo que atraer\u00e1 a turistas de toda la regi\u00f3n a la provincia, se celebrar\u00e1 la 59 edici\u00f3n del Monteros de la Patria, Fortaleza del Folclore, que promete cuatro noches inolvidables.<\/p>\n<p class=\"ql-align-justify\">Desde el jueves 10 y hasta el domingo 13 inclusive, a partir de las 20.30 horas en el Gimnasio Municipal, se podr\u00e1 disfrutar de una extensa lista de artistas de renombre tanto de Monteros como de la provincia y el pa\u00eds. Los platos fuertes de cada velada ser\u00e1n el <strong>Chaque\u00f1o Palavecino, Los Tekis, Sergio Galleguillo, Raly Barrionuevo, La Bersuit Vergarabat, Nahuel Pennisi, L\u00e1zaro Caballero y Bruno Arias,<\/strong> entre muchos otros.<\/p>\n<p class=\"ql-align-justify\">\u201cEste festival que es motivo de orgullo para los monterizos es importante para seguir manteniendo nuestro legado cultural. Son 59 a\u00f1os de historia y nuestros s\u00edmbolos culturales gozan de muy buena salud\u201d, se\u00f1al\u00f3 el intendente\u00a0<strong>Francisco Serra (h)\u00a0<\/strong>en la presentaci\u00f3n que encabez\u00f3 junto al titular del\u00a0<strong>Ente Tucum\u00e1n Turismo\u00a0<\/strong>(ETT),\u00a0<strong>Domingo Amaya<\/strong>; su par del\u00a0<strong>Ente Cultural<\/strong>,\u00a0<strong>Humberto Salazar<\/strong>;\u00a0el legislador\u00a0<strong>Francisco Serra<\/strong>; y el director de Cultura municipal,\u00a0<strong>Julio Paz<\/strong>.<\/p>\n<p class=\"ql-align-justify\">\u201cVamos a continuar profundizando las pol\u00edticas culturales para acrecentar este legado\u201d, agreg\u00f3 el jefe municipal, quien manifest\u00f3 que se trata de una inversi\u00f3n que ayuda al \u201cmovimiento econ\u00f3mico del pueblo, a potenciar la hoteler\u00eda, la gastronom\u00eda, el comercio\u201d. Asimismo, adelant\u00f3 que el objetivo para la edici\u00f3n 60 es gestionar la remodelaci\u00f3n completa del escenario Antonio Acosta <strong>\u201cpara estar a la altura de los mejores festivales del pa\u00eds\u201d.<\/strong><\/p>\n<p><img loading=\"lazy\" decoding=\"async\" class=\"alignnone size-medium wp-image-4431\" src=\"https:\/\/cafeprensa.com.ar\/wp-content\/uploads\/2024\/10\/monterosdelapatria3-300x188.jpg\" alt=\"\" width=\"300\" height=\"188\" srcset=\"https:\/\/cafeprensa.com.ar\/wp-content\/uploads\/2024\/10\/monterosdelapatria3-300x188.jpg 300w, https:\/\/cafeprensa.com.ar\/wp-content\/uploads\/2024\/10\/monterosdelapatria3-1024x642.jpg 1024w, https:\/\/cafeprensa.com.ar\/wp-content\/uploads\/2024\/10\/monterosdelapatria3-768x482.jpg 768w, https:\/\/cafeprensa.com.ar\/wp-content\/uploads\/2024\/10\/monterosdelapatria3.jpg 1070w\" sizes=\"auto, (max-width: 300px) 100vw, 300px\" \/><\/p>\n<p class=\"ql-align-justify\">Desde Turismo, Amaya celebr\u00f3 una nueva edici\u00f3n del festival, m\u00e1s a\u00fan en el marco de un fin de semana largo con una nutrida cartelera cultural a lo largo de toda la provincia. <strong>\u201cEsto generar\u00e1 trabajo y bienestar para el pueblo monterizo, un pueblo que tiene una m\u00edstica muy especial por su folclore, m\u00fasica y poes\u00eda\u201d. \u201cNo es f\u00e1cil mantener estos espacios donde la gente tiene la oportunidad de disfrutar de artistas de renombre y nuestros exponentes del folclore pueden lucirse en el escenario\u201d,<\/strong> remarc\u00f3 el presidente del ETT.<\/p>\n<p class=\"ql-align-justify\">Sobre los detalles del evento este a\u00f1o, el director de Cultura monterizo coment\u00f3 que en esta ocasi\u00f3n, se busc\u00f3 federalizar el festival. <strong>\u201cSe decidi\u00f3 hacer una sede en Termas de R\u00edo Hondo y otra en Santa Mar\u00eda de Catamarca, adem\u00e1s de llevar adelante por primera vez un Pre Danza en Monteros\u201d<\/strong>, detall\u00f3 Paz. El referente sostuvo que el festival \u201ces de todo el pueblo, no dejamos a ning\u00fan artista por fuera, y con una entrada popular para el p\u00fablico\u201d, destac\u00f3 el director. Cabe se\u00f1alar que el abono para disfrutar las 4 noches tiene un valor de $20 mil, en tanto que cada velada de manera individual sale $7 mil en las puertas del gimnasio municipal.<\/p>\n<p class=\"ql-align-justify\">Por \u00faltimo, el presidente del Ente Cultural destac\u00f3 estos festivales que buscan \u201cpreservar nuestras tradiciones, seguir construyendo la identidad tucumana y monteriza, en este caso\u201d, manifest\u00f3 Salazar. El funcionario resalt\u00f3 que llegar a las 59 ediciones \u201chabla de la permanencia que tienen los ciclos que son exitosos en la provincia y que son apropiados por toda la comunidad local\u201d, concluy\u00f3.<\/p>\n<\/div>\n","protected":false},"excerpt":{"rendered":"<p>Monteros Fortaleza del Folclore,\u00a0Llega la 59\u00b0 edici\u00f3n del tradicional festival Monteros de la Patria, desde este 10 al 13 de octubre en el Gimnasio Municipal. \u00abEsto generar\u00e1 trabajo y bienestar para el pueblo monterizo, un pueblo que tiene una m\u00edstica muy especial por su folclore, m\u00fasica y poes\u00eda\u00bb, dijo Amaya. Octubre en Tucum\u00e1n es sin\u00f3nimo &hellip;<\/p>\n","protected":false},"author":2,"featured_media":4430,"comment_status":"open","ping_status":"open","sticky":false,"template":"","format":"standard","meta":{"footnotes":""},"categories":[30,34],"tags":[91,377,1173],"class_list":["post-4429","post","type-post","status-publish","format-standard","has-post-thumbnail","hentry","category-cultura-y-espectaculos","category-locales","tag-festivales","tag-monteros","tag-serra"],"_links":{"self":[{"href":"https:\/\/cafeprensa.com.ar\/index.php\/wp-json\/wp\/v2\/posts\/4429","targetHints":{"allow":["GET"]}}],"collection":[{"href":"https:\/\/cafeprensa.com.ar\/index.php\/wp-json\/wp\/v2\/posts"}],"about":[{"href":"https:\/\/cafeprensa.com.ar\/index.php\/wp-json\/wp\/v2\/types\/post"}],"author":[{"embeddable":true,"href":"https:\/\/cafeprensa.com.ar\/index.php\/wp-json\/wp\/v2\/users\/2"}],"replies":[{"embeddable":true,"href":"https:\/\/cafeprensa.com.ar\/index.php\/wp-json\/wp\/v2\/comments?post=4429"}],"version-history":[{"count":1,"href":"https:\/\/cafeprensa.com.ar\/index.php\/wp-json\/wp\/v2\/posts\/4429\/revisions"}],"predecessor-version":[{"id":4432,"href":"https:\/\/cafeprensa.com.ar\/index.php\/wp-json\/wp\/v2\/posts\/4429\/revisions\/4432"}],"wp:featuredmedia":[{"embeddable":true,"href":"https:\/\/cafeprensa.com.ar\/index.php\/wp-json\/wp\/v2\/media\/4430"}],"wp:attachment":[{"href":"https:\/\/cafeprensa.com.ar\/index.php\/wp-json\/wp\/v2\/media?parent=4429"}],"wp:term":[{"taxonomy":"category","embeddable":true,"href":"https:\/\/cafeprensa.com.ar\/index.php\/wp-json\/wp\/v2\/categories?post=4429"},{"taxonomy":"post_tag","embeddable":true,"href":"https:\/\/cafeprensa.com.ar\/index.php\/wp-json\/wp\/v2\/tags?post=4429"}],"curies":[{"name":"wp","href":"https:\/\/api.w.org\/{rel}","templated":true}]}}