{"id":4433,"date":"2024-10-09T13:11:34","date_gmt":"2024-10-09T11:11:34","guid":{"rendered":"https:\/\/cafeprensa.com.ar\/?p=4433"},"modified":"2024-10-09T13:11:49","modified_gmt":"2024-10-09T11:11:49","slug":"campero-confirmo-que-apoyara-el-veto-de-milei","status":"publish","type":"post","link":"https:\/\/cafeprensa.com.ar\/index.php\/2024\/10\/09\/campero-confirmo-que-apoyara-el-veto-de-milei\/","title":{"rendered":"Campero confirm\u00f3 que apoyar\u00e1 el veto de Milei"},"content":{"rendered":"<p class=\"description separatorlines\">El diputado de la UCR defendi\u00f3 las pol\u00edticas educativas del gobierno de Javier Milei y asegur\u00f3 que se est\u00e1 invirtiendo m\u00e1s en las universidades.<\/p>\n<div class=\"at-vc\">\n<div id=\"vsmcontent\" class=\"content vsmcontent\">\n<p>El diputado nacional por Tucum\u00e1n,<b>\u00a0Mariano Campero<\/b>, anunci\u00f3 este martes su decisi\u00f3n de acompa\u00f1ar el veto del presidente\u00a0<b>Javier Milei<\/b>\u00a0a la\u00a0<i>Ley de Financiamiento Universitario<\/i>. En una defensa de las pol\u00edticas del actual gobierno,\u00a0<span class=\"highlight\">Campero destac\u00f3 que este es el \u00abGobierno que m\u00e1s plata les dio a las universidades\u00bb\u00a0<\/span>en los \u00faltimos a\u00f1os.<\/p>\n<p><strong>\u00abSe ha trasladado la falacia de que quieren cerrar las universidades. Eso es totalmente falso\u00bb,<\/strong> afirm\u00f3 Campero, quien subray\u00f3 que el presupuesto para el pr\u00f3ximo a\u00f1o contempla un aumento del\u00a0<b>12%<\/b>\u00a0para las universidades y la creaci\u00f3n de cinco nuevas instituciones. En este contexto, el diputado se\u00f1al\u00f3 que\u00a0<span class=\"highlight\">el verdadero desaf\u00edo radica en mejorar el salario de docentes y no docentes<\/span>, que se ha visto afectado por decisiones anteriores del gobierno de Sergio Massa.<\/p>\n<p><img loading=\"lazy\" decoding=\"async\" class=\"alignnone size-medium wp-image-4435\" src=\"https:\/\/cafeprensa.com.ar\/wp-content\/uploads\/2024\/10\/600x400_mariano-campero-1038818-122048-300x200.webp\" alt=\"\" width=\"300\" height=\"200\" srcset=\"https:\/\/cafeprensa.com.ar\/wp-content\/uploads\/2024\/10\/600x400_mariano-campero-1038818-122048-300x200.webp 300w, https:\/\/cafeprensa.com.ar\/wp-content\/uploads\/2024\/10\/600x400_mariano-campero-1038818-122048.webp 600w\" sizes=\"auto, (max-width: 300px) 100vw, 300px\" \/><\/p>\n<p>Campero enfatiz\u00f3 que la cuesti\u00f3n salarial no debe ser gestionada por el Congreso. \u00ab<b>El riesgo de que el Congreso empiece a tratar salarios retroactivos es de alt\u00edsimo voltaje<\/b>\u00ab, advirti\u00f3, instando a la sociedad a reconocer la oportunidad de una reforma educativa significativa.<\/p>\n<p>El exintendente de Yerba Buena, quien tiene un v\u00ednculo personal con el \u00e1mbito universitario, resalt\u00f3 que muchos docentes luchan por un salario digno y pidi\u00f3 al gobierno que acuerde en paritarias con los docentes. \u00abEste Gobierno ha aumentado el presupuesto para universidades del\u00a0<b>2,88% al 3,24%<\/b>\u00a0entre 2024 y 2025, un incremento que jam\u00e1s se ha visto en los \u00faltimos cinco a\u00f1os\u00bb, explic\u00f3.<\/p>\n<p>Respecto a las recientes movilizaciones en defensa de la educaci\u00f3n p\u00fablica,\u00a0<span class=\"highlight\">Campero atribuy\u00f3 su origen a intereses pol\u00edticos<\/span>, asegurando que el conflicto principal radica en la falta de fondos operativos y la necesidad de actualizaci\u00f3n salarial.<\/p>\n<p><strong>Critic\u00f3 a los opositores, se\u00f1alando que su participaci\u00f3n responde a un uso pol\u00edtico de los recursos universitarios.<\/strong><\/p>\n<p>Por \u00faltimo, Campero defendi\u00f3 el retorno del presupuesto a universidades como la Universidad Nacional de Tucum\u00e1n, que hab\u00eda sido recortado por el gobierno anterior. <strong>\u00abNo estoy en el Gobierno,<span class=\"highlight\">\u00a0soy simplemente un diputado que cree que hay que darle tiempo a Milei<\/span>\u00a0para que concrete su pol\u00edtica econ\u00f3mica\u00bb,<\/strong> concluy\u00f3.<\/p>\n<\/div>\n<\/div>\n","protected":false},"excerpt":{"rendered":"<p>El diputado de la UCR defendi\u00f3 las pol\u00edticas educativas del gobierno de Javier Milei y asegur\u00f3 que se est\u00e1 invirtiendo m\u00e1s en las universidades. El diputado nacional por Tucum\u00e1n,\u00a0Mariano Campero, anunci\u00f3 este martes su decisi\u00f3n de acompa\u00f1ar el veto del presidente\u00a0Javier Milei\u00a0a la\u00a0Ley de Financiamiento Universitario. En una defensa de las pol\u00edticas del actual gobierno,\u00a0Campero &hellip;<\/p>\n","protected":false},"author":2,"featured_media":4434,"comment_status":"open","ping_status":"open","sticky":false,"template":"","format":"standard","meta":{"footnotes":""},"categories":[33,25],"tags":[453,1034,110],"class_list":["post-4433","post","type-post","status-publish","format-standard","has-post-thumbnail","hentry","category-nacionales","category-politica","tag-camara-de-diputado","tag-campero","tag-ucr"],"_links":{"self":[{"href":"https:\/\/cafeprensa.com.ar\/index.php\/wp-json\/wp\/v2\/posts\/4433","targetHints":{"allow":["GET"]}}],"collection":[{"href":"https:\/\/cafeprensa.com.ar\/index.php\/wp-json\/wp\/v2\/posts"}],"about":[{"href":"https:\/\/cafeprensa.com.ar\/index.php\/wp-json\/wp\/v2\/types\/post"}],"author":[{"embeddable":true,"href":"https:\/\/cafeprensa.com.ar\/index.php\/wp-json\/wp\/v2\/users\/2"}],"replies":[{"embeddable":true,"href":"https:\/\/cafeprensa.com.ar\/index.php\/wp-json\/wp\/v2\/comments?post=4433"}],"version-history":[{"count":1,"href":"https:\/\/cafeprensa.com.ar\/index.php\/wp-json\/wp\/v2\/posts\/4433\/revisions"}],"predecessor-version":[{"id":4436,"href":"https:\/\/cafeprensa.com.ar\/index.php\/wp-json\/wp\/v2\/posts\/4433\/revisions\/4436"}],"wp:featuredmedia":[{"embeddable":true,"href":"https:\/\/cafeprensa.com.ar\/index.php\/wp-json\/wp\/v2\/media\/4434"}],"wp:attachment":[{"href":"https:\/\/cafeprensa.com.ar\/index.php\/wp-json\/wp\/v2\/media?parent=4433"}],"wp:term":[{"taxonomy":"category","embeddable":true,"href":"https:\/\/cafeprensa.com.ar\/index.php\/wp-json\/wp\/v2\/categories?post=4433"},{"taxonomy":"post_tag","embeddable":true,"href":"https:\/\/cafeprensa.com.ar\/index.php\/wp-json\/wp\/v2\/tags?post=4433"}],"curies":[{"name":"wp","href":"https:\/\/api.w.org\/{rel}","templated":true}]}}