{"id":4437,"date":"2024-10-09T13:21:50","date_gmt":"2024-10-09T11:21:50","guid":{"rendered":"https:\/\/cafeprensa.com.ar\/?p=4437"},"modified":"2024-10-09T13:21:50","modified_gmt":"2024-10-09T11:21:50","slug":"presentan-las-nuevas-unidades-para-la-ruta-tucuman-santiago","status":"publish","type":"post","link":"https:\/\/cafeprensa.com.ar\/index.php\/2024\/10\/09\/presentan-las-nuevas-unidades-para-la-ruta-tucuman-santiago\/","title":{"rendered":"Presentan las nuevas unidades para la ruta Tucum\u00e1n-Santiago"},"content":{"rendered":"<div class=\"pull-left col-md-6 fotos-containers\">La empresa, que integra el Grupo Flecha, present\u00f3 las nuevas unidades que conectan las ciudades de\u00a0<a class=\"google-anno\" href=\"https:\/\/www.contextotucuman.com\/nota\/327394\/presentan-las-nuevas-unidades-para-la-ruta-tucuman-santiago.html#\">\u00a0<span class=\"google-anno-t\">San Miguel de Tucum\u00e1n<\/span><\/a>, Termas de R\u00edo Hondo y Santiago del Estero.<\/div>\n<p><strong>La empresa General Urquiza, que integra el Grupo Flecha<\/strong>,\u00a0<strong>incorporar\u00e1 a su \ufb02ota cinco modernas unidades<\/strong>, Niccol\u00f3 &#8211; semipiso, las cuales operar\u00e1n las rutas de\u00a0<strong>Tucum\u00e1n y Santiago del Estero<\/strong>. Los nuevos coches est\u00e1n con\ufb01gurados para transportar hasta 48 pasajeros.<\/p>\n<p>Con estas nuevas incorporaciones,<strong> General Urquiza<\/strong>, no s\u00f3lo inicia su plan de renovaci\u00f3n sino que contin\u00faa acentuando su compromiso fuerte en el sector, y brindando su excelencia en los servicios con seguridad y calidad.<\/p>\n<p>Estas unidades, disponen de la \u00faltima tecnolog\u00eda y el confort necesario para brindar una buena experiencia. Las mismas, adem\u00e1s cuentan con el sistema de entretenimiento a bordo <strong>PinTV<\/strong> para disfrutar de pel\u00edculas y series durante el viaje. Con estas nuevas incorporaciones, <strong>General Urquiza<\/strong>, no s\u00f3lo inicia su plan de renovaci\u00f3n sino que contin\u00faa acentuando su compromiso fuerte en el sector, y brindando su excelencia en los servicios con seguridad y calidad.<\/p>\n<p><img decoding=\"async\" class=\"img-responsive\" src=\"https:\/\/www.eltucumano.com\/fotos\/notas\/2024\/09\/09\/240909145008_73563.jpeg\" width=\"500\" \/><\/p>\n","protected":false},"excerpt":{"rendered":"<p>La empresa, que integra el Grupo Flecha, present\u00f3 las nuevas unidades que conectan las ciudades de\u00a0\u00a0San Miguel de Tucum\u00e1n, Termas de R\u00edo Hondo y Santiago del Estero. La empresa General Urquiza, que integra el Grupo Flecha,\u00a0incorporar\u00e1 a su \ufb02ota cinco modernas unidades, Niccol\u00f3 &#8211; semipiso, las cuales operar\u00e1n las rutas de\u00a0Tucum\u00e1n y Santiago del Estero. &hellip;<\/p>\n","protected":false},"author":2,"featured_media":4438,"comment_status":"open","ping_status":"open","sticky":false,"template":"","format":"standard","meta":{"footnotes":""},"categories":[54,34],"tags":[1175,1174],"class_list":["post-4437","post","type-post","status-publish","format-standard","has-post-thumbnail","hentry","category-interes-ganeral","category-locales","tag-empresa-general-urquiza","tag-grupo-flecha"],"_links":{"self":[{"href":"https:\/\/cafeprensa.com.ar\/index.php\/wp-json\/wp\/v2\/posts\/4437","targetHints":{"allow":["GET"]}}],"collection":[{"href":"https:\/\/cafeprensa.com.ar\/index.php\/wp-json\/wp\/v2\/posts"}],"about":[{"href":"https:\/\/cafeprensa.com.ar\/index.php\/wp-json\/wp\/v2\/types\/post"}],"author":[{"embeddable":true,"href":"https:\/\/cafeprensa.com.ar\/index.php\/wp-json\/wp\/v2\/users\/2"}],"replies":[{"embeddable":true,"href":"https:\/\/cafeprensa.com.ar\/index.php\/wp-json\/wp\/v2\/comments?post=4437"}],"version-history":[{"count":1,"href":"https:\/\/cafeprensa.com.ar\/index.php\/wp-json\/wp\/v2\/posts\/4437\/revisions"}],"predecessor-version":[{"id":4439,"href":"https:\/\/cafeprensa.com.ar\/index.php\/wp-json\/wp\/v2\/posts\/4437\/revisions\/4439"}],"wp:featuredmedia":[{"embeddable":true,"href":"https:\/\/cafeprensa.com.ar\/index.php\/wp-json\/wp\/v2\/media\/4438"}],"wp:attachment":[{"href":"https:\/\/cafeprensa.com.ar\/index.php\/wp-json\/wp\/v2\/media?parent=4437"}],"wp:term":[{"taxonomy":"category","embeddable":true,"href":"https:\/\/cafeprensa.com.ar\/index.php\/wp-json\/wp\/v2\/categories?post=4437"},{"taxonomy":"post_tag","embeddable":true,"href":"https:\/\/cafeprensa.com.ar\/index.php\/wp-json\/wp\/v2\/tags?post=4437"}],"curies":[{"name":"wp","href":"https:\/\/api.w.org\/{rel}","templated":true}]}}