{"id":4440,"date":"2024-10-17T12:44:30","date_gmt":"2024-10-17T10:44:30","guid":{"rendered":"https:\/\/cafeprensa.com.ar\/?p=4440"},"modified":"2024-10-17T12:44:30","modified_gmt":"2024-10-17T10:44:30","slug":"en-el-dia-de-la-lealtad-el-p-j-asumio-con-empeno-el-rol-de-bernardo-el-ayudante-del-zorro","status":"publish","type":"post","link":"https:\/\/cafeprensa.com.ar\/index.php\/2024\/10\/17\/en-el-dia-de-la-lealtad-el-p-j-asumio-con-empeno-el-rol-de-bernardo-el-ayudante-del-zorro\/","title":{"rendered":"EN EL DIA DE LA LEALTAD EL P.J ASUMIO CON EMPE\u00d1O EL ROL DE BERNARDO EL AYUDANTE DEL ZORRO"},"content":{"rendered":"<p style=\"text-align: left;\">A <strong>79 a\u00f1os del d\u00eda de la Lealtad Peronista, el Movimiento Nacional<\/strong> agoniza y el P.J. es<br \/>\nun museo lleno de s\u00edmbolos pero falto de contenido, confundiendo lealtad con<br \/>\nobsecuencia.<br \/>\nHoy, el sue\u00f1o permanente de producir un cambio que nos vuelva a los or\u00edgenes, se<br \/>\ntransform\u00f3 en la pesadilla de tener que explicar todo tipo de desv\u00edos, donde el Partido<br \/>\nrenunci\u00f3 a la historia pol\u00edtica, cuyos sellos degradaron y cuyas banderas arriaron.<br \/>\nPrivatizaron el P.J, fomentando la cultura prebendaria y no la del trabajo. <strong>Confundieron<\/strong><br \/>\n<strong>Justicia Social con planes, birra, porro y bols\u00f3n, jugando con las necesidades cal\u00f3ricas y<\/strong><br \/>\n<strong>proteicas de los despose\u00eddos.<\/strong><br \/>\nLa identidad de un peronista se define porque se considera heredero de una historia, con<br \/>\nsus aciertos y errores, con sus remordimientos y sus glorias. <strong>Es Peronista el que<\/strong><br \/>\n<strong>reconoce la historia de Evita y de Per\u00f3n.<\/strong> El que acepta la historia y las sinuosidades de<br \/>\nla \u00e9poca como son.<br \/>\nSin masa cr\u00edtica, no entendieron que la lealtad no es coyuntural, sino un acuerdo t\u00e1cito,<br \/>\nsem\u00e1ntico, cultural, pol\u00edtico e ideol\u00f3gico que deber\u00edan tener todos los Justicialistas,<br \/>\nhacia adentro y hacia afuera y de cara a la sociedad.<br \/>\nLealtad no es obediencia debida; no es personal; no es corporativismo; no puede ser<br \/>\nunidireccional ni acr\u00edtica; no es un cheque en blanco; no se define por votos, per\u00edodos<br \/>\nelectivos y mucho menos por un cargo.<br \/>\nLa verdadera lealtad obliga a enfrentar los errores, lo otro es la obsecuencia que es una<br \/>\nenfermedad mortal para la pol\u00edtica.<br \/>\n<strong>Los Peronistas precisamos de disensos, a\u00fan dentro del gobierno provincial, porque<\/strong><br \/>\n<strong>constituyen espacios para escuchar nuevos aportes, impresiones y reflexiones que<\/strong><br \/>\n<strong>conformaran un escenario de diferencias y un pensamiento para la transformaci\u00f3n.<\/strong><br \/>\n<strong>Ahora se acuerdan de Per\u00f3n, en pos de ganar volumen pol\u00edtico y recuperar un espacio<\/strong><br \/>\n<strong>preponderante en la agenda cotidiana, despu\u00e9s de engendrar al psiqui\u00e1trico Milei que<\/strong><br \/>\n<strong>profundiza las necesidades cal\u00f3ricas y proteicas de los despose\u00eddos, sumi\u00e9ndolos en el<\/strong><br \/>\n<strong>pantano de la ignorancia y la pobreza.<\/strong><br \/>\nMientras Milei y la Casta Financiera que lo acompa\u00f1a incrementan el ajuste, sin Plan<br \/>\nEcon\u00f3mico, pulverizando salarios, incrementado el hambre y la desocupaci\u00f3n;<br \/>\npromoviendo la destrucci\u00f3n de la clase media; desfinanciando educaci\u00f3n y salud y<br \/>\nreprimiendo a jubilados y ni\u00f1os, en el partido asumieron con empe\u00f1o el <strong>Rol de<\/strong><br \/>\n<strong>Bernardo, el ayudante del Zorro.<\/strong><br \/>\nEl que quiera conducir con \u00e9xito tiene que exponerse; el que quiere \u00e9xitos mediocres,<br \/>\nque no se exponga nunca; y si no quiere cometer ning\u00fan error, lo mejor es que nunca<br \/>\nhaga nada.<\/p>\n<p style=\"text-align: left;\"><strong>Enrique ROMERO, Martin RODRIGUEZ, Tuta ALDERETE, Turi AGLIANO, Gabriel<\/strong><br \/>\n<strong>ACOSTA, \u00c1ngel JUAREZ, Mart\u00edn TORRES y Gustavo SALAS CORRREA<\/strong><\/p>\n","protected":false},"excerpt":{"rendered":"<p>A 79 a\u00f1os del d\u00eda de la Lealtad Peronista, el Movimiento Nacional agoniza y el P.J. es un museo lleno de s\u00edmbolos pero falto de contenido, confundiendo lealtad con obsecuencia. Hoy, el sue\u00f1o permanente de producir un cambio que nos vuelva a los or\u00edgenes, se transform\u00f3 en la pesadilla de tener que explicar todo tipo &hellip;<\/p>\n","protected":false},"author":2,"featured_media":4441,"comment_status":"open","ping_status":"open","sticky":false,"template":"","format":"standard","meta":{"footnotes":""},"categories":[1],"tags":[],"class_list":["post-4440","post","type-post","status-publish","format-standard","has-post-thumbnail","hentry","category-blog"],"_links":{"self":[{"href":"https:\/\/cafeprensa.com.ar\/index.php\/wp-json\/wp\/v2\/posts\/4440","targetHints":{"allow":["GET"]}}],"collection":[{"href":"https:\/\/cafeprensa.com.ar\/index.php\/wp-json\/wp\/v2\/posts"}],"about":[{"href":"https:\/\/cafeprensa.com.ar\/index.php\/wp-json\/wp\/v2\/types\/post"}],"author":[{"embeddable":true,"href":"https:\/\/cafeprensa.com.ar\/index.php\/wp-json\/wp\/v2\/users\/2"}],"replies":[{"embeddable":true,"href":"https:\/\/cafeprensa.com.ar\/index.php\/wp-json\/wp\/v2\/comments?post=4440"}],"version-history":[{"count":1,"href":"https:\/\/cafeprensa.com.ar\/index.php\/wp-json\/wp\/v2\/posts\/4440\/revisions"}],"predecessor-version":[{"id":4442,"href":"https:\/\/cafeprensa.com.ar\/index.php\/wp-json\/wp\/v2\/posts\/4440\/revisions\/4442"}],"wp:featuredmedia":[{"embeddable":true,"href":"https:\/\/cafeprensa.com.ar\/index.php\/wp-json\/wp\/v2\/media\/4441"}],"wp:attachment":[{"href":"https:\/\/cafeprensa.com.ar\/index.php\/wp-json\/wp\/v2\/media?parent=4440"}],"wp:term":[{"taxonomy":"category","embeddable":true,"href":"https:\/\/cafeprensa.com.ar\/index.php\/wp-json\/wp\/v2\/categories?post=4440"},{"taxonomy":"post_tag","embeddable":true,"href":"https:\/\/cafeprensa.com.ar\/index.php\/wp-json\/wp\/v2\/tags?post=4440"}],"curies":[{"name":"wp","href":"https:\/\/api.w.org\/{rel}","templated":true}]}}