{"id":4443,"date":"2024-10-17T12:59:41","date_gmt":"2024-10-17T10:59:41","guid":{"rendered":"https:\/\/cafeprensa.com.ar\/?p=4443"},"modified":"2024-10-17T12:59:41","modified_gmt":"2024-10-17T10:59:41","slug":"miserias-y-secretos-de-un-tal-leopoldo-moreau","status":"publish","type":"post","link":"https:\/\/cafeprensa.com.ar\/index.php\/2024\/10\/17\/miserias-y-secretos-de-un-tal-leopoldo-moreau\/","title":{"rendered":"Miserias y secretos de un tal Leopoldo Moreau"},"content":{"rendered":"<div class=\"td-post-header td-pb-padding-side\">\n<header>\n<p class=\"td-post-sub-title\"><span style=\"font-size: 8pt;\"><strong>Por Christian Sanz, director period\u00edstico de Diario Mendoza Today.<\/strong><\/span><\/p>\n<\/header>\n<\/div>\n<div class=\"td-post-content td-pb-padding-side\">\n<p><strong>Leopoldo Ra\u00fal Guido Moreau<\/strong>\u00a0\u200bgan\u00f3 incipiente notoriedad en octubre de 2018,\u00a0<strong>despu\u00e9s de haber\u00a0denunciado que hab\u00eda polic\u00edas infiltrados en los incidentes perif\u00e9ricos al Congreso Nacional\u00a0<\/strong>\u2014en el marco del debate del Presupuesto\u2014 agitando a viva voz una foto que era\u2026\u00a0<strong>\u00a1de 2017! <\/strong>Quienes lo conocen, no se sorprendieron. Es un personaje surgido del surrealismo argento, que sabe regalar papelones por doquier. Como cuando justific\u00f3 el ataque al periodista\u00a0<strong>Julio Baz\u00e1n<\/strong>, a\u00fan cuando \u00e9l mismo es presidente de la\u00a0<strong>Comisi\u00f3n de Libertad de Expresi\u00f3n<\/strong>.<\/p>\n<p>En el mismo sentido, su incontenible verborragia lo llev\u00f3 a ser procesado por discriminaci\u00f3n luego de injuriar al legislador del PRO\u00a0<strong>Waldo Wolf<\/strong> por su origen jud\u00edo. Sin embargo, lo m\u00e1s sorprendente fue verlo convertido en kirchnerista luego de haber sido un duro cr\u00edtico de N\u00e9stor y Cristina. Por caso,\u00a0<strong>en el a\u00f1o 2006 sostuvo<\/strong>\u00a0que\u00a0<strong>\u201cKirchner\u00a0pierde la noci\u00f3n de tiempo y espacio, deber\u00eda avergonzarse por su apoyo al Pacto de Olivos, a la privatizaci\u00f3n de YPF y a la reelecci\u00f3n de [Carlos] Menem y por \u201cseguir los consejos de [Domingo] Cavallo, su asesor financiero de entonces\u201d.<\/strong><\/p>\n<p>Dos a\u00f1os despu\u00e9s, insufl\u00f3 tras bambalinas el\u00a0<strong>voto \u201cno positivo\u201d<\/strong>\u00a0de Julio Cobos para tumbar el intento de los K de incrementar las retenciones m\u00f3viles al campo. Ciertamente, sus contradicciones no deber\u00edan sorprender: critic\u00f3 duramente al macrismo por la supuesta represi\u00f3n que llevaba adelante, olvidando su propio devenir en los d\u00edas de la dictadura militar.<\/p>\n<p>En esos idus, Moreau supo trabajar en diario\u00a0<strong>La Opini\u00f3n<\/strong>, mientras su propio due\u00f1o,\u00a0<strong>Jacobo Timerman<\/strong> permanec\u00eda detenido por los uniformados. Fue en 1977, cuando el general\u00a0<strong>Te\u00f3filo Goyret<\/strong>\u00a0intervino de facto el peri\u00f3dico y expuls\u00f3 a buena parte de los trabajadores. \u00bfPor qu\u00e9 Moreau no fue parte de la eyecci\u00f3n?\u00a0<strong>La respuesta la cont\u00f3 el portal Tribuna de Periodistas en esta nota<\/strong>.<\/p>\n<p>Los d\u00edas de periodismo para \u00e9l se terminaron justo al momento de llegada la democracia. A partir de 1983, Moreau supo acomodarse a la teta del Estado,\u00a0<strong>sin soluci\u00f3n de continuidad<\/strong>. Casi siempre, hasta el d\u00eda de hoy \u2014con peque\u00f1as excepciones\u2014, vivi\u00f3 del dinero p\u00fablico. No obstante, la \u201cdiferencia\u201d dineraria la logr\u00f3 gracias a los sobresueldos que le pagaba el narcolavador\u00a0<strong>Alfredo Yabr\u00e1n<\/strong>, al igual que a muchos otros legisladores, tanto radicales como peronistas.<\/p>\n<p>A cambio de ese dinero, Moreau hac\u00eda lo que le ordenara el extinto empresario postal. Por ejemplo, fogonear la denuncia del\u00a0<strong>esc\u00e1ndalo IBM-Banco Naci\u00f3n<\/strong>. Se trat\u00f3 de una maniobra a trav\u00e9s de la cual Yabr\u00e1n intent\u00f3 contrarrestar los embates de\u00a0<strong>Domingo Cavallo<\/strong>. Dicho sea de paso, participaron de la misma opereta los periodistas\u00a0<strong>Daniel Hadad<\/strong>\u00a0y\u00a0<strong>Bernardo Neustadt<\/strong>, ambos \u2014tambi\u00e9n\u2014 a sueldo del empresario postal.<\/p>\n<p>Fue una jugada brillante, porque los principales\u00a0<strong>\u201calfiles\u201d<\/strong> del cavallismo aparec\u00edan implicados en ese hecho de corrupci\u00f3n y debieron abandonar sus ostentosos cargos durante el menemismo. Volviendo a Moreau: en alg\u00fan momento crey\u00f3 que pod\u00eda ser presidente y se anim\u00f3 a presentarse como candidato. Fue para las elecciones del 27 de abril de 2003. No le fue muy bien:\u00a0<strong>obtuvo 2,34 % de votos<\/strong>.<\/p>\n<p>Un poco antes, en su libro\u00a0<strong>La prueba<\/strong>, del a\u00f1o 2001,\u00a0<strong>Juan Gasparini<\/strong>\u00a0asegur\u00f3 que Moreau fue uno de los presuntos beneficiarios de los sobornos en el Senado de la Naci\u00f3n, destapados durante el gobierno de La Alianza.<\/p>\n<p>El referente radical protest\u00f3 p\u00fablicamente entonces,\u00a0<strong>pero desisti\u00f3 de querellar al periodista en la Justicia<\/strong>.<\/p>\n<p>Pasaron los a\u00f1os y, como se dijo, Moreau decidi\u00f3 abrevar en el kirchnerismo, merced a su entonces yerno,\u00a0<strong>Leandro Santoro<\/strong>, a quien \u00e9l mismo ayud\u00f3 a acomodarse en la Legislatura porte\u00f1a. Fue entonces que tom\u00f3 reimpulso y decidi\u00f3 fundar el <strong>Movimiento Nacional Alfonsinista<\/strong>, el cual poco despu\u00e9s se ali\u00f3 al kirchnerato. Por suerte, Ra\u00fal Alfons\u00edn no lleg\u00f3 a vivir para ver algo semejante.<\/p>\n<p>Basta recordar que en agosto de 2006, el otrora presidente radical sostuvo que los Kirchner encabezaban\u00a0<strong>\u201cuna campa\u00f1a\u201d para \u201creinventar la historia\u201d de los 70<\/strong>. Finalmente, quien super\u00f3 a N\u00e9stor y Cristina, aquel que est\u00e1 decidido a reescribir los setenta, es su propio ex delf\u00edn, el siempre\u00a0<strong>camale\u00f3nico Moreau.<\/strong><\/p>\n<\/div>\n","protected":false},"excerpt":{"rendered":"<p>Por Christian Sanz, director period\u00edstico de Diario Mendoza Today. Leopoldo Ra\u00fal Guido Moreau\u00a0\u200bgan\u00f3 incipiente notoriedad en octubre de 2018,\u00a0despu\u00e9s de haber\u00a0denunciado que hab\u00eda polic\u00edas infiltrados en los incidentes perif\u00e9ricos al Congreso Nacional\u00a0\u2014en el marco del debate del Presupuesto\u2014 agitando a viva voz una foto que era\u2026\u00a0\u00a1de 2017! Quienes lo conocen, no se sorprendieron. Es un &hellip;<\/p>\n","protected":false},"author":2,"featured_media":4444,"comment_status":"open","ping_status":"open","sticky":false,"template":"","format":"standard","meta":{"footnotes":""},"categories":[33,25],"tags":[1176],"class_list":["post-4443","post","type-post","status-publish","format-standard","has-post-thumbnail","hentry","category-nacionales","category-politica","tag-leopoldo-moreau"],"_links":{"self":[{"href":"https:\/\/cafeprensa.com.ar\/index.php\/wp-json\/wp\/v2\/posts\/4443","targetHints":{"allow":["GET"]}}],"collection":[{"href":"https:\/\/cafeprensa.com.ar\/index.php\/wp-json\/wp\/v2\/posts"}],"about":[{"href":"https:\/\/cafeprensa.com.ar\/index.php\/wp-json\/wp\/v2\/types\/post"}],"author":[{"embeddable":true,"href":"https:\/\/cafeprensa.com.ar\/index.php\/wp-json\/wp\/v2\/users\/2"}],"replies":[{"embeddable":true,"href":"https:\/\/cafeprensa.com.ar\/index.php\/wp-json\/wp\/v2\/comments?post=4443"}],"version-history":[{"count":1,"href":"https:\/\/cafeprensa.com.ar\/index.php\/wp-json\/wp\/v2\/posts\/4443\/revisions"}],"predecessor-version":[{"id":4445,"href":"https:\/\/cafeprensa.com.ar\/index.php\/wp-json\/wp\/v2\/posts\/4443\/revisions\/4445"}],"wp:featuredmedia":[{"embeddable":true,"href":"https:\/\/cafeprensa.com.ar\/index.php\/wp-json\/wp\/v2\/media\/4444"}],"wp:attachment":[{"href":"https:\/\/cafeprensa.com.ar\/index.php\/wp-json\/wp\/v2\/media?parent=4443"}],"wp:term":[{"taxonomy":"category","embeddable":true,"href":"https:\/\/cafeprensa.com.ar\/index.php\/wp-json\/wp\/v2\/categories?post=4443"},{"taxonomy":"post_tag","embeddable":true,"href":"https:\/\/cafeprensa.com.ar\/index.php\/wp-json\/wp\/v2\/tags?post=4443"}],"curies":[{"name":"wp","href":"https:\/\/api.w.org\/{rel}","templated":true}]}}