{"id":4462,"date":"2024-10-18T14:47:39","date_gmt":"2024-10-18T12:47:39","guid":{"rendered":"https:\/\/cafeprensa.com.ar\/?p=4462"},"modified":"2024-10-18T14:47:39","modified_gmt":"2024-10-18T12:47:39","slug":"revuelo-en-yerba-buena","status":"publish","type":"post","link":"https:\/\/cafeprensa.com.ar\/index.php\/2024\/10\/18\/revuelo-en-yerba-buena\/","title":{"rendered":"Revuelo en Yerba Buena"},"content":{"rendered":"<div class=\"td-post-header td-pb-padding-side\">\n<header>\n<p class=\"entry-title\">Casanova se fue de la Intendencia y renunci\u00f3 a su banca como edil.<\/p>\n<\/header>\n<\/div>\n<div class=\"td-post-content td-pb-padding-side\">\n<p>En\u00a0Yerba Buena\u00a0se viven d\u00edas de revuelo, renuncias y tensiones. Ocurre que son diversas las versiones que circulan respecto al paso al costado que dio\u00a0<strong>Guillermo Casanova<\/strong>, quien hasta el mi\u00e9rcoles se desempe\u00f1aba como secretario de Relaciones Institucionales del Municipio que encabeza\u00a0<strong>Pablo Macchiarola<\/strong>. Lo que gener\u00f3 sorpresa es que el dirigente del PRO, quien en los comicios de 2023 result\u00f3 electo edil, tambi\u00e9n renunci\u00f3 a su banca en el Concejo Deliberante. <strong>\u201cEs por motivos personales, prefiero no hacer declaraciones\u201d,<\/strong> se excus\u00f3.<\/p>\n<p>Casanova hab\u00eda llegado al cuerpo legislativo por <strong>Compromiso PRO Tucum\u00e1n<\/strong> y asumi\u00f3 a fines de octubre de 2023. El 1 de diciembre public\u00f3 que fue convocado por el intendente para estar al frente de la Secretar\u00eda de Relaciones Institucionales. Por este motivo solicit\u00f3 licencia en el Concejo y, por corrimiento de lista, asumi\u00f3 en su lugar\u00a0<strong>\u00c1lvaro Apud<\/strong>, quien continuar\u00e1 en esa banca ya que el ex funcionario notific\u00f3 ayer sobre su renuncia al esca\u00f1o.<\/p>\n<p>Son distintas las versiones que envuelven al paso a costado que dio Casanova. Por un lado, en la Intendencia afirman que el rendimiento laboral del ahora ex secretario no habr\u00eda estado a la altura de las circunstancias por lo que le habr\u00edan solicitado la renuncia. Otras versiones, en cambio, afirman que podr\u00eda tratarse de una reprimenda por ciertas declaraciones o comportamientos que habr\u00eda tenido Apud para con el Departamento Ejecutivo Municipal.<\/p>\n<p>Sucede que la Intendencia trabaja en una reforma del <strong>C\u00f3digo de Planeamiento Urbano.<\/strong> Una de las determinaciones que se analizan es elevar de 5.000 a 7.500 metros cuadrados el umbral para que los nuevos proyectos inmobiliarios no pasen por el cuerpo deliberativo para su an\u00e1lisis y aprobaci\u00f3n. <strong>Apud denunci\u00f3 entonces que el Ejecutivo Municipal quiere quitarle funciones al Concejo, lo que habr\u00eda sido tomado como una bravuconada. Otros, en cambio, no descartan que se est\u00e9 gestando un acercamiento a sectores libertarios.<\/strong><\/p>\n<\/div>\n","protected":false},"excerpt":{"rendered":"<p>Casanova se fue de la Intendencia y renunci\u00f3 a su banca como edil. En\u00a0Yerba Buena\u00a0se viven d\u00edas de revuelo, renuncias y tensiones. Ocurre que son diversas las versiones que circulan respecto al paso al costado que dio\u00a0Guillermo Casanova, quien hasta el mi\u00e9rcoles se desempe\u00f1aba como secretario de Relaciones Institucionales del Municipio que encabeza\u00a0Pablo Macchiarola. Lo &hellip;<\/p>\n","protected":false},"author":2,"featured_media":4463,"comment_status":"open","ping_status":"open","sticky":false,"template":"","format":"standard","meta":{"footnotes":""},"categories":[34,25],"tags":[1180,1179],"class_list":["post-4462","post","type-post","status-publish","format-standard","has-post-thumbnail","hentry","category-locales","category-politica","tag-compromiso-pro-tucuman","tag-guillermo-casanova"],"_links":{"self":[{"href":"https:\/\/cafeprensa.com.ar\/index.php\/wp-json\/wp\/v2\/posts\/4462","targetHints":{"allow":["GET"]}}],"collection":[{"href":"https:\/\/cafeprensa.com.ar\/index.php\/wp-json\/wp\/v2\/posts"}],"about":[{"href":"https:\/\/cafeprensa.com.ar\/index.php\/wp-json\/wp\/v2\/types\/post"}],"author":[{"embeddable":true,"href":"https:\/\/cafeprensa.com.ar\/index.php\/wp-json\/wp\/v2\/users\/2"}],"replies":[{"embeddable":true,"href":"https:\/\/cafeprensa.com.ar\/index.php\/wp-json\/wp\/v2\/comments?post=4462"}],"version-history":[{"count":1,"href":"https:\/\/cafeprensa.com.ar\/index.php\/wp-json\/wp\/v2\/posts\/4462\/revisions"}],"predecessor-version":[{"id":4464,"href":"https:\/\/cafeprensa.com.ar\/index.php\/wp-json\/wp\/v2\/posts\/4462\/revisions\/4464"}],"wp:featuredmedia":[{"embeddable":true,"href":"https:\/\/cafeprensa.com.ar\/index.php\/wp-json\/wp\/v2\/media\/4463"}],"wp:attachment":[{"href":"https:\/\/cafeprensa.com.ar\/index.php\/wp-json\/wp\/v2\/media?parent=4462"}],"wp:term":[{"taxonomy":"category","embeddable":true,"href":"https:\/\/cafeprensa.com.ar\/index.php\/wp-json\/wp\/v2\/categories?post=4462"},{"taxonomy":"post_tag","embeddable":true,"href":"https:\/\/cafeprensa.com.ar\/index.php\/wp-json\/wp\/v2\/tags?post=4462"}],"curies":[{"name":"wp","href":"https:\/\/api.w.org\/{rel}","templated":true}]}}