{"id":4568,"date":"2024-10-27T07:00:39","date_gmt":"2024-10-27T06:00:39","guid":{"rendered":"https:\/\/cafeprensa.com.ar\/?p=4568"},"modified":"2024-10-27T05:54:24","modified_gmt":"2024-10-27T04:54:24","slug":"macome-huesen-se-incorporo-de-lleno-a-ser-parte-de-este-espacio","status":"publish","type":"post","link":"https:\/\/cafeprensa.com.ar\/index.php\/2024\/10\/27\/macome-huesen-se-incorporo-de-lleno-a-ser-parte-de-este-espacio\/","title":{"rendered":"Macome: \u00abHuesen se incorpor\u00f3 de lleno a ser parte de este espacio\u00bb\u00bb"},"content":{"rendered":"<p>El legislador provincial de La Libertad Avanza, <strong>Jos\u00e9 Macome<\/strong>, en di\u00e1logo con Caf\u00e9 Prensa se refiri\u00f3 al lanzamiento del espacio a nivel nacional en la provincia. Durante el evento asistieron la secretaria general de Presidencia, Karina Milei; el diputado Mart\u00edn Menem y el vicejefe de Gabinete Lisandro Catal\u00e1n.<\/p>\n<p>Macome se\u00f1al\u00f3 que contaron un gran p\u00fablico que acompa\u00f1\u00f3 el lanzamiento del espacio. Actualmente, LLA en Tucum\u00e1n \u00abcumpli\u00f3 con las adhesiones al presentar las 4 mil requeridas. Esperamos la autorizaci\u00f3n de las Justicia Electoral para presentar las fichas de afiliaci\u00f3n.\u00bb<\/p>\n<p>Respecto al anuncio del diputado provincial Gerardo Huesen para afiliarse oficialmente a las filas de LLA, el legislador se\u00f1al\u00f3 que \u00abse incorpora de lleno a ser parte de este equipo a nivel territorial. Como dice Milei mientras existan ideas y visi\u00f3n de futuro, quienes quieran sumarse bienvenido sea\u00bb. Finalmente, aclar\u00f3 que el di\u00e1logo para su pase al partido fue \u00abde Gerardo con las autoridades del partido. Otro di\u00e1logo con otras personas no lo s\u00e9, pero es un tema de \u00e9l\u00bb. \u00abFuerza Republicana tambi\u00e9n seguir\u00e1 siendo un acompa\u00f1ante de este espacio que se cre\u00f3\u00bb, cerr\u00f3 respecto a esta cuesti\u00f3n.<\/p>\n<p>Escucha la nota completa:<\/p>\n<audio class=\"wp-audio-shortcode\" id=\"audio-4568-1\" preload=\"none\" style=\"width: 100%;\" controls=\"controls\"><source type=\"audio\/mpeg\" src=\"https:\/\/cafeprensa.com.ar\/wp-content\/uploads\/2024\/10\/26-10-Jose-Macome-Cafe-Prensa.mp3?_=1\" \/><a href=\"https:\/\/cafeprensa.com.ar\/wp-content\/uploads\/2024\/10\/26-10-Jose-Macome-Cafe-Prensa.mp3\">https:\/\/cafeprensa.com.ar\/wp-content\/uploads\/2024\/10\/26-10-Jose-Macome-Cafe-Prensa.mp3<\/a><\/audio>\n","protected":false},"excerpt":{"rendered":"<p>El legislador provincial de La Libertad Avanza, Jos\u00e9 Macome, en di\u00e1logo con Caf\u00e9 Prensa se refiri\u00f3 al lanzamiento del espacio a nivel nacional en la provincia. Durante el evento asistieron la secretaria general de Presidencia, Karina Milei; el diputado Mart\u00edn Menem y el vicejefe de Gabinete Lisandro Catal\u00e1n. Macome se\u00f1al\u00f3 que contaron un gran p\u00fablico &hellip;<\/p>\n","protected":false},"author":2,"featured_media":4570,"comment_status":"open","ping_status":"open","sticky":false,"template":"","format":"standard","meta":{"footnotes":""},"categories":[34],"tags":[411,407,200,525,830,408,1198],"class_list":["post-4568","post","type-post","status-publish","format-standard","has-post-thumbnail","hentry","category-locales","tag-fuerza-republicana","tag-gerardo-huesen","tag-javier-milei","tag-jose-macome","tag-karina-milei","tag-la-libertad-avanza","tag-lisandro-catalan"],"_links":{"self":[{"href":"https:\/\/cafeprensa.com.ar\/index.php\/wp-json\/wp\/v2\/posts\/4568","targetHints":{"allow":["GET"]}}],"collection":[{"href":"https:\/\/cafeprensa.com.ar\/index.php\/wp-json\/wp\/v2\/posts"}],"about":[{"href":"https:\/\/cafeprensa.com.ar\/index.php\/wp-json\/wp\/v2\/types\/post"}],"author":[{"embeddable":true,"href":"https:\/\/cafeprensa.com.ar\/index.php\/wp-json\/wp\/v2\/users\/2"}],"replies":[{"embeddable":true,"href":"https:\/\/cafeprensa.com.ar\/index.php\/wp-json\/wp\/v2\/comments?post=4568"}],"version-history":[{"count":1,"href":"https:\/\/cafeprensa.com.ar\/index.php\/wp-json\/wp\/v2\/posts\/4568\/revisions"}],"predecessor-version":[{"id":4571,"href":"https:\/\/cafeprensa.com.ar\/index.php\/wp-json\/wp\/v2\/posts\/4568\/revisions\/4571"}],"wp:featuredmedia":[{"embeddable":true,"href":"https:\/\/cafeprensa.com.ar\/index.php\/wp-json\/wp\/v2\/media\/4570"}],"wp:attachment":[{"href":"https:\/\/cafeprensa.com.ar\/index.php\/wp-json\/wp\/v2\/media?parent=4568"}],"wp:term":[{"taxonomy":"category","embeddable":true,"href":"https:\/\/cafeprensa.com.ar\/index.php\/wp-json\/wp\/v2\/categories?post=4568"},{"taxonomy":"post_tag","embeddable":true,"href":"https:\/\/cafeprensa.com.ar\/index.php\/wp-json\/wp\/v2\/tags?post=4568"}],"curies":[{"name":"wp","href":"https:\/\/api.w.org\/{rel}","templated":true}]}}