{"id":4584,"date":"2024-10-28T12:05:49","date_gmt":"2024-10-28T11:05:49","guid":{"rendered":"https:\/\/cafeprensa.com.ar\/?p=4584"},"modified":"2024-10-28T12:05:49","modified_gmt":"2024-10-28T11:05:49","slug":"el-diputado-gerardo-huesen-abandono-el-partido-de-bussi","status":"publish","type":"post","link":"https:\/\/cafeprensa.com.ar\/index.php\/2024\/10\/28\/el-diputado-gerardo-huesen-abandono-el-partido-de-bussi\/","title":{"rendered":"El diputado Gerardo Huesen abandono el partido de Bussi"},"content":{"rendered":"<div class=\"the-post-header s-head-modern s-head-modern-a has-share-meta-right\">\n<div class=\"post-meta post-meta-a post-meta-left post-meta-single has-below\">\n<p class=\"is-title post-title\">Deja Fuerza Republicana y se suma a La Libertad Avanza<\/p>\n<div class=\"meta-below-has-right\">\n<div class=\"post-share post-share-b spc-social-colors  post-share-b3 post-share-b-circles post-share-b3-circles\"><em>El vicejefe de Gabinete de la Naci\u00f3n cosech\u00f3 un nuevo diputado nacional para el bloque del oficialismo.<\/em><\/div>\n<\/div>\n<\/div>\n<\/div>\n<div class=\"the-post s-post-modern\">\n<article id=\"post-69495\" class=\"post-69495 post type-post status-publish format-standard has-post-thumbnail category-tucuman tag-gerardo-huesen tag-jose-macome\">\n<div class=\"post-content-wrap has-share-float\">\n<div class=\"post-content cf entry-content content-spacious\">\n<p>En un movimiento que sacude el escenario pol\u00edtico tucumano, el <em><strong>diputado nacional Gerardo Huesen anunci\u00f3 su incorporaci\u00f3n a La Libertad Avanza, el partido liderado por el presidente de la Naci\u00f3n, Javier Milei<\/strong><\/em>. Huesen abandona as\u00ed Fuerza Republicana, partido con el que hab\u00eda sido electo, para unirse al equipo de <strong>Milei en el Congreso.<\/strong><\/p>\n<p>El pase de Huesen se concret\u00f3 tras una reuni\u00f3n con el vicejefe de <strong>Gabinete de la Naci\u00f3n, Lisandro Catal\u00e1n, el legislador Jos\u00e9 Macome,<\/strong> el apoderado del partido Mat\u00edas Sabat\u00e9 y otros referentes tucumanos de La Libertad Avanza. Si bien Huesen actuaba en Diputados como aliado del oficialismo, ahora se sumar\u00e1 a los diputados propios de La Libertad Avanza.<\/p>\n<p>Catal\u00e1n, quien visit\u00f3 Tucum\u00e1n para el lanzamiento oficial de La Libertad Avanza en la provincia, encabez\u00f3 el encuentro en el que Huesen defini\u00f3 su incorporaci\u00f3n.<\/p>\n<p>Con este cambio, La Libertad Avanza gana un nuevo referente en Tucum\u00e1n, que se suma al trabajo de otros dirigentes provinciales en el Congreso y en el \u00e1mbito legislativo local. La llegada de Huesen representa, adem\u00e1s, un fortalecimiento del bloque libertario en la C\u00e1mara de Diputados, un espacio clave para el avance de las propuestas del presidente Milei.<\/p>\n<p>Huesen expres\u00f3 que, al formar parte de La Libertad Avanza, espera contribuir a la implementaci\u00f3n de las reformas estructurales que Milei propone para el pa\u00eds.<\/p>\n<\/div>\n<\/div>\n<\/article>\n<\/div>\n","protected":false},"excerpt":{"rendered":"<p>Deja Fuerza Republicana y se suma a La Libertad Avanza El vicejefe de Gabinete de la Naci\u00f3n cosech\u00f3 un nuevo diputado nacional para el bloque del oficialismo. En un movimiento que sacude el escenario pol\u00edtico tucumano, el diputado nacional Gerardo Huesen anunci\u00f3 su incorporaci\u00f3n a La Libertad Avanza, el partido liderado por el presidente de &hellip;<\/p>\n","protected":false},"author":2,"featured_media":4585,"comment_status":"open","ping_status":"open","sticky":false,"template":"","format":"standard","meta":{"footnotes":""},"categories":[33,25],"tags":[1203],"class_list":["post-4584","post","type-post","status-publish","format-standard","has-post-thumbnail","hentry","category-nacionales","category-politica","tag-diputado-gerardo-huesen"],"_links":{"self":[{"href":"https:\/\/cafeprensa.com.ar\/index.php\/wp-json\/wp\/v2\/posts\/4584","targetHints":{"allow":["GET"]}}],"collection":[{"href":"https:\/\/cafeprensa.com.ar\/index.php\/wp-json\/wp\/v2\/posts"}],"about":[{"href":"https:\/\/cafeprensa.com.ar\/index.php\/wp-json\/wp\/v2\/types\/post"}],"author":[{"embeddable":true,"href":"https:\/\/cafeprensa.com.ar\/index.php\/wp-json\/wp\/v2\/users\/2"}],"replies":[{"embeddable":true,"href":"https:\/\/cafeprensa.com.ar\/index.php\/wp-json\/wp\/v2\/comments?post=4584"}],"version-history":[{"count":1,"href":"https:\/\/cafeprensa.com.ar\/index.php\/wp-json\/wp\/v2\/posts\/4584\/revisions"}],"predecessor-version":[{"id":4586,"href":"https:\/\/cafeprensa.com.ar\/index.php\/wp-json\/wp\/v2\/posts\/4584\/revisions\/4586"}],"wp:featuredmedia":[{"embeddable":true,"href":"https:\/\/cafeprensa.com.ar\/index.php\/wp-json\/wp\/v2\/media\/4585"}],"wp:attachment":[{"href":"https:\/\/cafeprensa.com.ar\/index.php\/wp-json\/wp\/v2\/media?parent=4584"}],"wp:term":[{"taxonomy":"category","embeddable":true,"href":"https:\/\/cafeprensa.com.ar\/index.php\/wp-json\/wp\/v2\/categories?post=4584"},{"taxonomy":"post_tag","embeddable":true,"href":"https:\/\/cafeprensa.com.ar\/index.php\/wp-json\/wp\/v2\/tags?post=4584"}],"curies":[{"name":"wp","href":"https:\/\/api.w.org\/{rel}","templated":true}]}}