{"id":4587,"date":"2024-10-28T12:58:08","date_gmt":"2024-10-28T11:58:08","guid":{"rendered":"https:\/\/cafeprensa.com.ar\/?p=4587"},"modified":"2024-10-28T12:58:45","modified_gmt":"2024-10-28T11:58:45","slug":"homenaje-a-alfonsina-storni","status":"publish","type":"post","link":"https:\/\/cafeprensa.com.ar\/index.php\/2024\/10\/28\/homenaje-a-alfonsina-storni\/","title":{"rendered":"Homenaje a Alfonsina Storni"},"content":{"rendered":"<div id=\"encabezado-entrada\">\n<div class=\"single-header container\">\n<div class=\"single-header__metadata\">\n<p class=\"encabezado-entrada__titulo\">Distingui\u00f3 a escritores y poetas de la ciudad<\/p>\n<p class=\"encabezado-entrada__fecha\" title=\"25\/10\/2024, 11:17\">El Concejo Deliberante de San Miguel de Tucum\u00e1n rindi\u00f3 homenaje a la emblem\u00e1tica poeta argentina Alfonsina Storni, s\u00edmbolo de la liberaci\u00f3n feminista, en un nuevo aniversario de su fallecimiento. El acto, organizado por la concejal <strong>Ana Gonz\u00e1lez<\/strong>\u00a0y por el vicepresidente primero del cuerpo\u00a0<strong>Carlos Ale<\/strong>, cont\u00f3 con la participaci\u00f3n de la titular de la Filial Tucum\u00e1n de la Sociedad Argentina de Escritores,\u00a0<strong>Alejandra Burzac de Saenz<\/strong>.<\/p>\n<p title=\"25\/10\/2024, 11:17\"><img loading=\"lazy\" decoding=\"async\" class=\"alignnone wp-image-4590 size-large\" src=\"https:\/\/cafeprensa.com.ar\/wp-content\/uploads\/2024\/10\/IMG-20241028-WA0005-1024x1024.jpg\" alt=\"\" width=\"1024\" height=\"1024\" srcset=\"https:\/\/cafeprensa.com.ar\/wp-content\/uploads\/2024\/10\/IMG-20241028-WA0005-1024x1024.jpg 1024w, https:\/\/cafeprensa.com.ar\/wp-content\/uploads\/2024\/10\/IMG-20241028-WA0005-300x300.jpg 300w, https:\/\/cafeprensa.com.ar\/wp-content\/uploads\/2024\/10\/IMG-20241028-WA0005-150x150.jpg 150w, https:\/\/cafeprensa.com.ar\/wp-content\/uploads\/2024\/10\/IMG-20241028-WA0005-768x768.jpg 768w, https:\/\/cafeprensa.com.ar\/wp-content\/uploads\/2024\/10\/IMG-20241028-WA0005.jpg 1440w\" sizes=\"auto, (max-width: 1024px) 100vw, 1024px\" \/><\/p>\n<p title=\"25\/10\/2024, 11:17\">\n<\/div>\n<\/div>\n<\/div>\n<div class=\"contenido-pagina__principal container\">\n<p><strong>\u00abRendimos homenaje en este d\u00eda, a 86 a\u00f1os de su muerte f\u00edsica, a Alfonsina Storni y adem\u00e1s de mantener viva su obra, queremos distinguir tambi\u00e9n a escritores y poetas tucumanos quienes se destacan con un aporte fundamental a la cultura\u00bb,<\/strong> expuso Gonz\u00e1lez, presidenta de la Comisi\u00f3n de la Mujer.<\/p>\n<p><strong>\u00abLes agradezco a la concejal Gonzalez y al vicepresidente del Concejo por este reconocimiento<\/strong>. El arte, la poes\u00eda, puede no parecer importante pero para los seres humanos es indispensable. Las pol\u00edticas culturales son importantes, entiendo que en este momento el hambre es urgente, pero la cultura no deja de ser importante\u00bb, expres\u00f3 a su turno Burzac de Saenz.<\/p>\n<p><img loading=\"lazy\" decoding=\"async\" class=\"alignnone size-medium wp-image-4591\" src=\"https:\/\/cafeprensa.com.ar\/wp-content\/uploads\/2024\/10\/IMG-20241028-WA0007-300x300.jpg\" alt=\"\" width=\"300\" height=\"300\" srcset=\"https:\/\/cafeprensa.com.ar\/wp-content\/uploads\/2024\/10\/IMG-20241028-WA0007-300x300.jpg 300w, https:\/\/cafeprensa.com.ar\/wp-content\/uploads\/2024\/10\/IMG-20241028-WA0007-1024x1024.jpg 1024w, https:\/\/cafeprensa.com.ar\/wp-content\/uploads\/2024\/10\/IMG-20241028-WA0007-150x150.jpg 150w, https:\/\/cafeprensa.com.ar\/wp-content\/uploads\/2024\/10\/IMG-20241028-WA0007-768x768.jpg 768w, https:\/\/cafeprensa.com.ar\/wp-content\/uploads\/2024\/10\/IMG-20241028-WA0007.jpg 1440w\" sizes=\"auto, (max-width: 300px) 100vw, 300px\" \/><\/p>\n<p>Luego, los concejales entregaron distinciones a los escritores y poetas:<\/p>\n<p><strong>1.- Dra. Honoria Zelaya de Nader<\/strong><br \/>\n<strong>2.- Lic. Ricardo Bocos<\/strong><br \/>\n<strong>3.- Prof. Sergio Nu\u00f1ez<\/strong><br \/>\n<strong>4.- Roc\u00edo Golbach<\/strong><br \/>\n<strong>5.- Marcelina P\u00e9rez de Haro<\/strong><br \/>\n<strong>6.- Gustavo D\u00edaz Arias<\/strong><br \/>\n<strong>7.- Eduardo Lemme<\/strong><br \/>\n<strong>8.- Mar\u00eda Julia Lisi<\/strong><br \/>\n<strong>9.- Alejandra Burzac de Saenz<\/strong><br \/>\n<strong>10.- Ruth Ramasco<\/strong><\/p>\n<\/div>\n","protected":false},"excerpt":{"rendered":"<p>Distingui\u00f3 a escritores y poetas de la ciudad El Concejo Deliberante de San Miguel de Tucum\u00e1n rindi\u00f3 homenaje a la emblem\u00e1tica poeta argentina Alfonsina Storni, s\u00edmbolo de la liberaci\u00f3n feminista, en un nuevo aniversario de su fallecimiento. El acto, organizado por la concejal Ana Gonz\u00e1lez\u00a0y por el vicepresidente primero del cuerpo\u00a0Carlos Ale, cont\u00f3 con la &hellip;<\/p>\n","protected":false},"author":2,"featured_media":4589,"comment_status":"open","ping_status":"open","sticky":false,"template":"","format":"standard","meta":{"footnotes":""},"categories":[54,34],"tags":[1205,1206,1204,191],"class_list":["post-4587","post","type-post","status-publish","format-standard","has-post-thumbnail","hentry","category-interes-ganeral","category-locales","tag-ale","tag-bocos","tag-gonzlez","tag-hcd"],"_links":{"self":[{"href":"https:\/\/cafeprensa.com.ar\/index.php\/wp-json\/wp\/v2\/posts\/4587","targetHints":{"allow":["GET"]}}],"collection":[{"href":"https:\/\/cafeprensa.com.ar\/index.php\/wp-json\/wp\/v2\/posts"}],"about":[{"href":"https:\/\/cafeprensa.com.ar\/index.php\/wp-json\/wp\/v2\/types\/post"}],"author":[{"embeddable":true,"href":"https:\/\/cafeprensa.com.ar\/index.php\/wp-json\/wp\/v2\/users\/2"}],"replies":[{"embeddable":true,"href":"https:\/\/cafeprensa.com.ar\/index.php\/wp-json\/wp\/v2\/comments?post=4587"}],"version-history":[{"count":3,"href":"https:\/\/cafeprensa.com.ar\/index.php\/wp-json\/wp\/v2\/posts\/4587\/revisions"}],"predecessor-version":[{"id":4594,"href":"https:\/\/cafeprensa.com.ar\/index.php\/wp-json\/wp\/v2\/posts\/4587\/revisions\/4594"}],"wp:featuredmedia":[{"embeddable":true,"href":"https:\/\/cafeprensa.com.ar\/index.php\/wp-json\/wp\/v2\/media\/4589"}],"wp:attachment":[{"href":"https:\/\/cafeprensa.com.ar\/index.php\/wp-json\/wp\/v2\/media?parent=4587"}],"wp:term":[{"taxonomy":"category","embeddable":true,"href":"https:\/\/cafeprensa.com.ar\/index.php\/wp-json\/wp\/v2\/categories?post=4587"},{"taxonomy":"post_tag","embeddable":true,"href":"https:\/\/cafeprensa.com.ar\/index.php\/wp-json\/wp\/v2\/tags?post=4587"}],"curies":[{"name":"wp","href":"https:\/\/api.w.org\/{rel}","templated":true}]}}