{"id":4595,"date":"2024-10-28T13:28:59","date_gmt":"2024-10-28T12:28:59","guid":{"rendered":"https:\/\/cafeprensa.com.ar\/?p=4595"},"modified":"2024-10-28T13:28:59","modified_gmt":"2024-10-28T12:28:59","slug":"nuevos-valores-para-los-accesos-a-los-parques-nacionales","status":"publish","type":"post","link":"https:\/\/cafeprensa.com.ar\/index.php\/2024\/10\/28\/nuevos-valores-para-los-accesos-a-los-parques-nacionales\/","title":{"rendered":"Nuevos valores para los accesos a los Parques Nacionales"},"content":{"rendered":"<article class=\"precontent\">\n<p class=\"sufix-ficha\">El Gobierno oficializ\u00f3 la medida a trav\u00e9s del Bolet\u00edn Oficial. Adem\u00e1s, incorpor\u00f3 nuevas categor\u00edas y beneficios para estudiantes y Veteranos de Guerra.}<\/p>\n<\/article>\n<article class=\"content\">\n<div class=\"columns cincuenta-rest\">\n<div class=\"col\">\n<p>El Gobierno actualiz\u00f3 los valores de las entradas a\u00a0<strong>los Parques Nacionales<\/strong>\u00a0y estableci\u00f3 que la fecha de vigencia ser\u00e1 a partir del 4 de noviembre, apenas un mes despu\u00e9s de que comience el per\u00edodo estival que establece la Ley de Contrato de Trabajo.<\/p>\n<p>El nuevo cuadro tarifario\u00a0<strong>qued\u00f3 establecido a trav\u00e9s de la Resoluci\u00f3n 228\/2024<\/strong>\u00a0que public\u00f3 la\u00a0<strong>Administraci\u00f3n de Parques Nacionales a trav\u00e9s del Bolet\u00edn Oficial<\/strong>, donde se detallan los espacios tur\u00edsticos que ver\u00e1n reflejadas las actualizaciones durante el pr\u00f3ximo mes.<\/p>\n<p>Se trata de los parques\u00a0<strong>Nahuel Huapi\u00a0<\/strong>en la ciudad de Bariloche; los\u00a0<strong>Alerces en Chubut; Los Arrayanes<\/strong>\u00a0en Neuqu\u00e9n; el\u00a0<strong>Lan\u00edn<\/strong>\u00a0en el punto tripartito de Neuqu\u00e9n, R\u00edo Negro y Chubut. Tambi\u00e9n forman parte del listado<strong>\u00a0Lago Puelo<\/strong>,\u00a0<strong>Los Glaciares<\/strong>,\u00a0<strong>Talampaya<\/strong>\u00a0en La Rioja,\u00a0<strong>Sierra de las Quijadas<\/strong>\u00a0en San Luis,\u00a0<strong>El Palmar<\/strong>\u00a0en Entre R\u00edos,\u00a0<strong>Iguaz\u00fa<\/strong>\u00a0en Misiones, y\u00a0<strong>Tierra del Fuego<\/strong>.<\/p>\n<p><img loading=\"lazy\" decoding=\"async\" class=\"alignnone wp-image-4597 size-full\" src=\"https:\/\/cafeprensa.com.ar\/wp-content\/uploads\/2024\/10\/parque-nacional-talampaya.webp\" alt=\"\" width=\"700\" height=\"467\" srcset=\"https:\/\/cafeprensa.com.ar\/wp-content\/uploads\/2024\/10\/parque-nacional-talampaya.webp 700w, https:\/\/cafeprensa.com.ar\/wp-content\/uploads\/2024\/10\/parque-nacional-talampaya-300x200.webp 300w\" sizes=\"auto, (max-width: 700px) 100vw, 700px\" \/><\/p>\n<p>Bajo la premisa de \u201csostener los niveles de inversi\u00f3n en infraestructura y servicios, a fin de que los visitantes puedan apreciar y vivenciar en toda su dimensi\u00f3n la riqueza y diversidad de las \u00c1reas Protegidas y estar a la altura de los est\u00e1ndares de calidad que exige el turismo nacional e internacional que concurre a ellas\u201d, el directorio de la Administraci\u00f3n Nacional estableci\u00f3 que dichos valores reemplazan a los que se hab\u00edan actualizado el pasado 26 de abril, bajo la misma modalidad.<\/p>\n<p>Adem\u00e1s, el organismo se\u00f1al\u00f3 que en los \u00faltimos a\u00f1os \u201cse han sumado nuevas \u00c1reas Protegidas al Sistema Nacional que custodia esta Administraci\u00f3n\u201d, lo que llev\u00f3 a un incremento del nivel de operaciones, por lo tanto, las necesidades de financiamiento tambi\u00e9n debieron incrementarse para poder brindar un adecuado servicio de atenci\u00f3n.<\/p>\n<p>La disposici\u00f3n publicada en la madrugada del lunes, tambi\u00e9n incorpor\u00f3 como tarifa promocional el\u00a0<strong>\u201cFlexipass\u201d, que consiste en modalidades promocionales<\/strong>\u00a0de tres d\u00edas, de los cuales solo se pagan dos; y una segunda opci\u00f3n de siete d\u00edas, en el cual se abonan tres d\u00edas y medio. Esta oportunidad deber\u00e1 ser utilizada \u201cdentro de los seis (6) meses de adquirido, de manera consecutiva o alternada y dentro de una misma \u00c1rea Protegida\u201d.<\/p>\n<p>Al mismo tiempo, se \u201cpropicia el &#8216;Pase Anual&#8217; con acceso ilimitado a todos los Parques Nacionales y \u00c1reas Protegidas por un per\u00edodo de doce (12) meses desde su adquisici\u00f3n, cuyo valor de venta equivale a cinco (5) d\u00edas seg\u00fan la categor\u00eda General del Parque Nacional Iguaz\u00fa\u201d. Cabe destacar que para ambas promociones, ser\u00e1 necesario adquirir el boleto \u00fanicamente por v\u00eda web. Esto responde a la necesidad de gestionar \u201cde manera m\u00e1s eficaz y eficiente las tarifas promocionales\u201d, describe el texto.<\/p>\n<p><img loading=\"lazy\" decoding=\"async\" class=\"alignnone wp-image-4598 size-full\" src=\"https:\/\/cafeprensa.com.ar\/wp-content\/uploads\/2024\/10\/parque-nacional-glaciar-perito-moreno.webp\" alt=\"\" width=\"860\" height=\"500\" srcset=\"https:\/\/cafeprensa.com.ar\/wp-content\/uploads\/2024\/10\/parque-nacional-glaciar-perito-moreno.webp 860w, https:\/\/cafeprensa.com.ar\/wp-content\/uploads\/2024\/10\/parque-nacional-glaciar-perito-moreno-300x174.webp 300w, https:\/\/cafeprensa.com.ar\/wp-content\/uploads\/2024\/10\/parque-nacional-glaciar-perito-moreno-768x447.webp 768w\" sizes=\"auto, (max-width: 860px) 100vw, 860px\" \/><\/p>\n<h4><strong>Entre otros descuentos<\/strong><\/h4>\n<p>A las promociones que actualmente estaban vigentes en algunos de los puntos tur\u00edsticos detallados, se aplicar\u00e1 un descuento del 50 por ciento a todo el listado de atractivos que servir\u00e1 para una segunda visita a realizarse dentro de las 72 horas siguientes al primer ingreso.<\/p>\n<p>En cambio, solo para algunos lugares como el Iguaz\u00fa, Los Glaciares, Tierra del Fuego, Lago Puelo, Nahuel Huapi, Los Arrayanes, Los Alerces, Lan\u00edn, El Palmar, Talampaya y Sierra de las Quijadas, se aplicar\u00e1 una bonificaci\u00f3n del 50 por ciento para todas las modalidades de venta. Y en particular, para el\u00a0<strong>Parque Nacional Tierra del Fuego<\/strong>, correr\u00e1 dicha bonificaci\u00f3n para el segundo d\u00eda de visita \u201csolamente para los tickets adquiridos a trav\u00e9s de la venta web\u201d, aclara el texto.<\/p>\n<p>Entre otro de los puntos de la resoluci\u00f3n, se incorpora la categor\u00eda \u201cExentos\u201d que s\u00f3lo podr\u00e1 ser utilizada por<strong>\u00a0Veteranos de Guerra de Malvinas, \u201ca efectos de homenajear y honorar a los ex combatientes del conflicto por las Islas Malvinas, Georgias Del Sur y Sandwich Del Sur\u201d<\/strong>. Una opci\u00f3n similar se extiende a los estudiantes, quienes tendr\u00e1n su propia categor\u00eda, que correr\u00e1 para aquellos visitantes que cumplan con dicha condici\u00f3n \u201cindependientemente de su lugar de residencia y nivel educativo\u201d.<\/p>\n<p>Como punto importante, el Gobierno se\u00f1al\u00f3 que \u201cen la carteler\u00eda que refiere informaci\u00f3n sobre los Derechos de Acceso, deber\u00e1 consignarse en tipograf\u00eda y tama\u00f1o legibles la siguiente frase:\u00a0<strong>\u201cCon su aporte, usted est\u00e1 contribuyendo directamente al sostenimiento y desarrollo de todas las \u00c1reas Protegidas que conforman la Administraci\u00f3n de Parques Nacionales.\u201d<\/strong>.<\/p>\n<\/div>\n<\/div>\n<\/article>\n","protected":false},"excerpt":{"rendered":"<p>El Gobierno oficializ\u00f3 la medida a trav\u00e9s del Bolet\u00edn Oficial. Adem\u00e1s, incorpor\u00f3 nuevas categor\u00edas y beneficios para estudiantes y Veteranos de Guerra.} El Gobierno actualiz\u00f3 los valores de las entradas a\u00a0los Parques Nacionales\u00a0y estableci\u00f3 que la fecha de vigencia ser\u00e1 a partir del 4 de noviembre, apenas un mes despu\u00e9s de que comience el per\u00edodo &hellip;<\/p>\n","protected":false},"author":2,"featured_media":4596,"comment_status":"open","ping_status":"open","sticky":false,"template":"","format":"standard","meta":{"footnotes":""},"categories":[28,33],"tags":[1207],"class_list":["post-4595","post","type-post","status-publish","format-standard","has-post-thumbnail","hentry","category-economia","category-nacionales","tag-parques-nacionales"],"_links":{"self":[{"href":"https:\/\/cafeprensa.com.ar\/index.php\/wp-json\/wp\/v2\/posts\/4595","targetHints":{"allow":["GET"]}}],"collection":[{"href":"https:\/\/cafeprensa.com.ar\/index.php\/wp-json\/wp\/v2\/posts"}],"about":[{"href":"https:\/\/cafeprensa.com.ar\/index.php\/wp-json\/wp\/v2\/types\/post"}],"author":[{"embeddable":true,"href":"https:\/\/cafeprensa.com.ar\/index.php\/wp-json\/wp\/v2\/users\/2"}],"replies":[{"embeddable":true,"href":"https:\/\/cafeprensa.com.ar\/index.php\/wp-json\/wp\/v2\/comments?post=4595"}],"version-history":[{"count":1,"href":"https:\/\/cafeprensa.com.ar\/index.php\/wp-json\/wp\/v2\/posts\/4595\/revisions"}],"predecessor-version":[{"id":4599,"href":"https:\/\/cafeprensa.com.ar\/index.php\/wp-json\/wp\/v2\/posts\/4595\/revisions\/4599"}],"wp:featuredmedia":[{"embeddable":true,"href":"https:\/\/cafeprensa.com.ar\/index.php\/wp-json\/wp\/v2\/media\/4596"}],"wp:attachment":[{"href":"https:\/\/cafeprensa.com.ar\/index.php\/wp-json\/wp\/v2\/media?parent=4595"}],"wp:term":[{"taxonomy":"category","embeddable":true,"href":"https:\/\/cafeprensa.com.ar\/index.php\/wp-json\/wp\/v2\/categories?post=4595"},{"taxonomy":"post_tag","embeddable":true,"href":"https:\/\/cafeprensa.com.ar\/index.php\/wp-json\/wp\/v2\/tags?post=4595"}],"curies":[{"name":"wp","href":"https:\/\/api.w.org\/{rel}","templated":true}]}}