{"id":4616,"date":"2024-10-30T11:52:18","date_gmt":"2024-10-30T10:52:18","guid":{"rendered":"https:\/\/cafeprensa.com.ar\/?p=4616"},"modified":"2024-10-30T11:52:18","modified_gmt":"2024-10-30T10:52:18","slug":"abriran-importacion-de-autos","status":"publish","type":"post","link":"https:\/\/cafeprensa.com.ar\/index.php\/2024\/10\/30\/abriran-importacion-de-autos\/","title":{"rendered":"Abrir\u00e1n importaci\u00f3n de autos"},"content":{"rendered":"<div class=\"td-post-header td-pb-padding-side\">\n<header>\n<p class=\"entry-title\">Impactante diferencia de precios entre 0Km en Argentina y EE.UU.<\/p>\n<p class=\"td-post-sub-title\">La noticia lleg\u00f3 de manos del ministro de Desregulaci\u00f3n y Transformaci\u00f3n del Estado, Federico Sturzenegger, quien despu\u00e9s de varios rumores, confirm\u00f3 que junto con el presidente Javier Milei trabajan para dar v\u00eda libre a la importaci\u00f3n de autos a particulares.<\/p>\n<\/header>\n<\/div>\n<div class=\"td-post-content td-pb-padding-side\">\n<p>La decisi\u00f3n pondr\u00eda fin a una larga una larga espera de muchos compradores que quieren tener algunas marcas o modelos de 0km que no se venden en la Argentina, y que solo podr\u00e1n hacerlo si los traen por sus propios medios.<\/p>\n<div class=\"code-block code-block-1\">\n<div class=\"td-all-devices\"><\/div>\n<\/div>\n<p>Hasta el momento, \u00fanicamente los autos cl\u00e1sicos y aquellos de repatriados que viv\u00edan en el exterior son los que pod\u00edan ingresar al mercado, lo mismo que en el caso de los repuestos.<\/p>\n<div class=\"code-block code-block-8\">\n<div class=\"td-all-devices\"><\/div>\n<\/div>\n<p><strong>Pero m\u00e1s all\u00e1 de darse el gusto de tener ciertos autos inalcanzables en el mercado local, lo que tambi\u00e9n existe es una gran diferencia de precios entre las cotizaciones de los 0km en Argentina y en EE.UU., desde donde ingresan gran parte de los repuestos y donde se miran muchos de los modelos m\u00e1s deseados.<\/strong><strong>Los precios de los autos en Argentina versus EE.UU.<\/strong><\/p>\n<p>La diferencia de precio entre un 0km en Estados Unidos y Argentina es abismal. Y muchos de los \u00faltimos lanzamientos que se dieron en el mercado local, a partir de la apertura de las importaciones, ratifican este dato (que no es nuevo).<\/p>\n<div class=\"code-block code-block-9\">\n<div class=\"td-all-devices\"><\/div>\n<\/div>\n<p>En general,\u00a0<strong>la diferencia se manifiesta en modelos m\u00e1s caros y de alta gama<\/strong>.\u00a0<strong>Un caso es el Ford Mustang GT<\/strong>, que recientemente se lanz\u00f3 la preventa a un precio de $113.900.250.<strong>\u00a0En d\u00f3lar blue, el valor es de u$s93.370 aproximadamente, mientras que en EE.UU sale u$s42.860, es decir, menos de la mitad<\/strong>. Tambi\u00e9n hay versiones m\u00e1s econ\u00f3micas del mismo modelo que llega al mercado local en una \u00fanica versi\u00f3n.<\/p>\n<figure class=\"wp-block-image\"><img decoding=\"async\" class=\"td-animation-stack-type0-2\" src=\"https:\/\/resizer.iproimg.com\/unsafe\/filters:format(webp):quality(70)\/https:\/\/assets.iprofesional.com\/assets\/jpg\/2024\/10\/585075.jpg\" alt=\"https:\/\/resizer.iproimg.com\/unsafe\/filters:format(webp):quality(70)\/https:\/\/assets.iprofesional.com\/assets\/jpg\/2024\/10\/585075.jpg\" \/><\/figure>\n<p><span style=\"font-size: 8pt;\"><strong><em>Ford Mustang GT, reci\u00e9n llegado a la Argentina.<\/em><\/strong><\/span><\/p>\n<p>Otro caso es el\u00a0<strong>Ford Bronco Wildtrak, en Argentina sale $136.090.800 o u$s111.549 (al cambio blue). En el pa\u00eds del norte, sale u$s60.225\u00a0<\/strong>en la misma versi\u00f3n, aunque tambi\u00e9n existen opciones m\u00e1s econ\u00f3micas.<\/p>\n<figure class=\"wp-block-image\"><img decoding=\"async\" class=\"td-animation-stack-type0-2\" src=\"https:\/\/resizer.iproimg.com\/unsafe\/filters:format(webp):quality(70)\/https:\/\/assets.iprofesional.com\/assets\/jpg\/2024\/07\/578809.jpg\" alt=\"https:\/\/resizer.iproimg.com\/unsafe\/filters:format(webp):quality(70)\/https:\/\/assets.iprofesional.com\/assets\/jpg\/2024\/07\/578809.jpg\" \/><\/figure>\n<p><span style=\"font-size: 8pt;\"><strong><em>Ford Bronco Wildtrak, uno de los modelos que se vende en Argentina.<\/em><\/strong><\/span><\/p>\n<div class=\"code-block code-block-12\">\n<div class=\"td-all-devices\"><\/div>\n<\/div>\n<p>Otro ejemplo:\u00a0<strong>la F150 Raptor sale $124.749.900 en el mercado local (u$s101.639) mientras que en EE.UU cuesta apenas u$s78.540.<br \/>\n<\/strong><br \/>\nEn el caso de la Maverick, la camioneta m\u00e1s chica, sale Maverick $36.240.800 en Argentina (u$s29.705 blue) y en Estados Unidos u$s23.920.<\/p>\n<figure class=\"wp-block-image\"><img decoding=\"async\" class=\"td-animation-stack-type0-2\" src=\"https:\/\/resizer.iproimg.com\/unsafe\/filters:format(webp):quality(70)\/https:\/\/assets.iprofesional.com\/assets\/jpg\/2024\/10\/586471.jpg\" alt=\"https:\/\/resizer.iproimg.com\/unsafe\/filters:format(webp):quality(70)\/https:\/\/assets.iprofesional.com\/assets\/jpg\/2024\/10\/586471.jpg\" \/><\/figure>\n<p><span style=\"font-size: 8pt;\"><strong><em>Ford F-150 Raptor, otro\u00a0<\/em><em>modelo con amplia diferencia de precio.<\/em><\/strong><\/span><\/p>\n<p>Otra marca de referencia en Estados Unidos es Jeep, competidora en el segmento de los SUV todoterreno de Ford.<\/p>\n<figure class=\"wp-block-image\"><img decoding=\"async\" class=\"td-animation-stack-type0-2\" src=\"https:\/\/resizer.iproimg.com\/unsafe\/filters:format(webp):quality(70)\/https:\/\/assets.iprofesional.com\/assets\/jpg\/2024\/04\/572439.jpg\" alt=\"https:\/\/resizer.iproimg.com\/unsafe\/filters:format(webp):quality(70)\/https:\/\/assets.iprofesional.com\/assets\/jpg\/2024\/04\/572439.jpg\" \/><\/figure>\n<p><span style=\"font-size: 8pt;\"><strong><em>Jeep Wrangler, un cl\u00e1sico del mercado de EE.UU, m\u00e1s caro en Argentina.<\/em><\/strong><\/span><\/p>\n<p>La camioneta Gladiator sale en Argentina u$s108.400, mientras que se vende en el pa\u00eds de origen u$s34.106.<\/p>\n<figure class=\"wp-block-image\"><img decoding=\"async\" class=\"td-animation-stack-type0-2\" src=\"https:\/\/resizer.iproimg.com\/unsafe\/filters:format(webp):quality(70)\/https:\/\/assets.iprofesional.com\/assets\/jpg\/2024\/10\/586473.jpg\" alt=\"https:\/\/resizer.iproimg.com\/unsafe\/filters:format(webp):quality(70)\/https:\/\/assets.iprofesional.com\/assets\/jpg\/2024\/10\/586473.jpg\" \/><\/figure>\n<p><span style=\"font-size: 8pt;\"><strong><em>Jeep Gladiator, sale m\u00e1s del doble en Argentina vs EE.UU.<\/em><\/strong><\/span><\/p>\n<p>En cuanto al Wrangler Rubicom sale u$s103.900, frente a los u$s61.295 de EE.UU.<\/p>\n<div>\n<div class=\"centered-text-area\">\n<div class=\"centered-text\">\n<div class=\"s1478e7a6fd236dfa10ab06ab322654e4-content\"><span class=\"ctaText\">Te puede interesar:<\/span>\u00a0\u00a0<span class=\"postTitle\">Estas son las principales ofertas del Mercado en tu Barrio para esta semana, hasta el viernes 1\u00b0 de noviembre<\/span><\/div>\n<\/div>\n<\/div>\n<div class=\"ctaButton\"><\/div>\n<\/div>\n<p>En el caso de RAM, la 1500 que se vende en el mercado local, aunque fue renovada en el mercado del norte, sale u$s95.700, mientras que en su pa\u00eds de origen sale u$s40.275.<\/p>\n<figure class=\"wp-block-image\"><img decoding=\"async\" class=\"td-animation-stack-type0-2\" src=\"https:\/\/resizer.iproimg.com\/unsafe\/filters:format(webp):quality(70)\/https:\/\/assets.iprofesional.com\/assets\/jpg\/2024\/10\/586472.jpg\" alt=\"https:\/\/resizer.iproimg.com\/unsafe\/filters:format(webp):quality(70)\/https:\/\/assets.iprofesional.com\/assets\/jpg\/2024\/10\/586472.jpg\" \/><\/figure>\n<p><em><span style=\"font-size: 8pt;\"><strong>RAM 1500, otra camioneta con diferencia de precio entre Argentina y EE.UU<\/strong><\/span>.<\/em><\/p>\n<p>La versi\u00f3n 2500, sale u$s114.000 en Argentina, versus u$s42.250 que sale en el mercado norteamericano.<\/p>\n<p><strong><u>Qui\u00e9nes pueden importar autos<\/u><\/strong><br \/>\nActualmente, no se puede importar autos 0km en la Argentina, y solo pueden hacerlo las automotrices e importadores oficiales, o para uso diplom\u00e1tico. Lo que est\u00e1 permitido es importar autos cl\u00e1sicos o antiguos, y repuestos.<\/p>\n<p>En la web de Canciller\u00eda se explican los pasos a seguir:<\/p>\n<p><strong>Documentaci\u00f3n a presentar:<\/strong><\/p>\n<p>Nota solicitando la autorizaci\u00f3n firmada por el Jefe de Misi\u00f3n o su Subrogante Legal. Cuando el veh\u00edculo fuera para uso particular, deber\u00e1 contar tambi\u00e9n con la firma del beneficiario interesado.<\/p>\n<p>Para veh\u00edculos 0km factura pro-forma o factura comercial, seg\u00fan sea el caso. En cada caso, la factura \u2013pro-forma y\/o la comercial- deber\u00e1n contener:<\/p>\n<ul class=\"wp-block-list\">\n<li>La leyenda: \u201cadquirido bajo r\u00e9gimen de Franquicia Diplom\u00e1tica-Decreto 25\/1970-Art.6, 14 o 15 (seg\u00fan sea el caso).<\/li>\n<li>N\u00b0 de VIN (Vehicle Identification Number) provisorio o definitivo -seg\u00fan sea el caso.<\/li>\n<li>Para los veh\u00edculos usados (fabricados durante el a\u00f1o o el a\u00f1o inmediato anterior a la solicitud) factura comercial certificada.<\/li>\n<li>Para los veh\u00edculos de mayor antig\u00fcedad deber\u00e1n presentar una declaraci\u00f3n jurada de valor del veh\u00edculo, y documentaci\u00f3n que acredite titularidad del mismo.<\/li>\n<\/ul>\n<div>\n<div class=\"centered-text-area\">\n<div class=\"centered-text\">\n<div class=\"s1478e7a6fd236dfa10ab06ab322654e4-content\"><span class=\"ctaText\">Te puede interesar:<\/span>\u00a0\u00a0<span class=\"postTitle\">\u00bfUn horno? As\u00ed estar\u00e1 el tiempo este martes en Tucum\u00e1n<\/span><\/div>\n<\/div>\n<\/div>\n<div class=\"ctaButton\"><\/div>\n<\/div>\n<p>El veh\u00edculo a importar deber\u00e1 contar con \u201cLicencia de Configuraci\u00f3n de Modelo\u201d, homologado por el Ministerio de Producci\u00f3n y Trabajo de la Naci\u00f3n: LCM.<\/p>\n<p>A partir de eso se llena un Formulario de solicitud:<\/p>\n<ul class=\"wp-block-list\">\n<li>a) Uso oficial: FDF N\u00b0 0001<\/li>\n<li>b) Uso particular: FDF N\u00b0 000<\/li>\n<\/ul>\n<p>A partir de la nueva posibilidad,\u00a0<strong>tendr\u00e1 que establecerse un cambio mediante el cual los particulares puedan importar su veh\u00edculo 0Km sin necesidad de ser diplom\u00e1ticos<\/strong>.<\/p>\n<p>Para ellos, el veh\u00edculo tendr\u00e1 que estar homologado, tr\u00e1mite que realizar el INTI, y todav\u00eda falta saber c\u00f3mo se realizar\u00e1n esos pasos.<\/p>\n<p>Mientras tanto, desde una terminal ya hab\u00edan anticipado que\u00a0<strong>varios de los tr\u00e1mites de homologaci\u00f3n de veh\u00edculos hace tiempo se est\u00e1n simplificando para reducir la burocracia<\/strong>.<\/p>\n<p>A esto se suma la apertura de las importaciones en general, lo que hizo que, en pocos meses, el mercado cambie su composici\u00f3n, y otra vez vuelvan a venderse m\u00e1s modelos fabricados en otros pa\u00edses.<\/p>\n<p>As\u00ed, lentamente, el mercado automotor empieza a tomar otros rumbos, y mientras unos festejan, hay algo de temor por la nueva competencia que podr\u00e1 ingresar con menos restricciones.<\/p>\n<\/div>\n","protected":false},"excerpt":{"rendered":"<p>Impactante diferencia de precios entre 0Km en Argentina y EE.UU. La noticia lleg\u00f3 de manos del ministro de Desregulaci\u00f3n y Transformaci\u00f3n del Estado, Federico Sturzenegger, quien despu\u00e9s de varios rumores, confirm\u00f3 que junto con el presidente Javier Milei trabajan para dar v\u00eda libre a la importaci\u00f3n de autos a particulares. La decisi\u00f3n pondr\u00eda fin a &hellip;<\/p>\n","protected":false},"author":2,"featured_media":4617,"comment_status":"open","ping_status":"open","sticky":false,"template":"","format":"standard","meta":{"footnotes":""},"categories":[28,33],"tags":[1212],"class_list":["post-4616","post","type-post","status-publish","format-standard","has-post-thumbnail","hentry","category-economia","category-nacionales","tag-autos-importado"],"_links":{"self":[{"href":"https:\/\/cafeprensa.com.ar\/index.php\/wp-json\/wp\/v2\/posts\/4616","targetHints":{"allow":["GET"]}}],"collection":[{"href":"https:\/\/cafeprensa.com.ar\/index.php\/wp-json\/wp\/v2\/posts"}],"about":[{"href":"https:\/\/cafeprensa.com.ar\/index.php\/wp-json\/wp\/v2\/types\/post"}],"author":[{"embeddable":true,"href":"https:\/\/cafeprensa.com.ar\/index.php\/wp-json\/wp\/v2\/users\/2"}],"replies":[{"embeddable":true,"href":"https:\/\/cafeprensa.com.ar\/index.php\/wp-json\/wp\/v2\/comments?post=4616"}],"version-history":[{"count":1,"href":"https:\/\/cafeprensa.com.ar\/index.php\/wp-json\/wp\/v2\/posts\/4616\/revisions"}],"predecessor-version":[{"id":4618,"href":"https:\/\/cafeprensa.com.ar\/index.php\/wp-json\/wp\/v2\/posts\/4616\/revisions\/4618"}],"wp:featuredmedia":[{"embeddable":true,"href":"https:\/\/cafeprensa.com.ar\/index.php\/wp-json\/wp\/v2\/media\/4617"}],"wp:attachment":[{"href":"https:\/\/cafeprensa.com.ar\/index.php\/wp-json\/wp\/v2\/media?parent=4616"}],"wp:term":[{"taxonomy":"category","embeddable":true,"href":"https:\/\/cafeprensa.com.ar\/index.php\/wp-json\/wp\/v2\/categories?post=4616"},{"taxonomy":"post_tag","embeddable":true,"href":"https:\/\/cafeprensa.com.ar\/index.php\/wp-json\/wp\/v2\/tags?post=4616"}],"curies":[{"name":"wp","href":"https:\/\/api.w.org\/{rel}","templated":true}]}}