{"id":4664,"date":"2024-11-04T11:23:02","date_gmt":"2024-11-04T10:23:02","guid":{"rendered":"https:\/\/cafeprensa.com.ar\/?p=4664"},"modified":"2024-11-04T11:23:02","modified_gmt":"2024-11-04T10:23:02","slug":"juicio-por-corrupcion","status":"publish","type":"post","link":"https:\/\/cafeprensa.com.ar\/index.php\/2024\/11\/04\/juicio-por-corrupcion\/","title":{"rendered":"Juicio por Corrupci\u00f3n"},"content":{"rendered":"<div class=\"td-post-header td-pb-padding-side\">\n<header>\n<p class=\"entry-title\"><strong>El \u00faltimo testigo de la fiscal\u00eda derrumb\u00f3 el \u201crelato\u201d de Yapura Astorga y el ex intendente qued\u00f3 acorralado.<\/strong><\/p>\n<p class=\"td-post-sub-title\">Se trata del propietario del s\u00faper tradicional de Taf\u00ed del Valle, quien por medio de su declaraci\u00f3n termin\u00f3 desenmascarando las maniobras del funcionario oficialista vertidas con total impunidad en el juicio.<\/p>\n<\/header>\n<\/div>\n<div class=\"td-post-content td-pb-padding-side\">\n<p>El mundo parece detenerse o, m\u00e1s bien, derrumbarse sobre la cabeza de\u00a0<strong>Jorge Yapura Astorga<\/strong>. Y es que cada vez falta menos para la sentencia del ex intendente de Taf\u00ed del Valle, d\u00f3nde podr\u00eda ser condenado por haber conseguido que su patrimonio haya registrado un enriquecimiento injustificado de varios millones de pesos en el per\u00edodo 2011 \u2013 2014 al frente del municipio tafinisto, seg\u00fan pruebas encontradas en una auditor\u00eda de la Corte Suprema de Justicia de la provincia de Tucum\u00e1n, por haber realizado compras en forma directa en el comercio Floppy III, perteneciente a su pareja\u00a0<strong>Nerina Julieta Mustaf\u00e1.<\/strong><\/p>\n<p>Cabe recordar que Yapura Astorga hab\u00eda declarado en su momento que \u00e9l mientras cumpl\u00eda su funci\u00f3n de intendente, le compraba al comercio Floppy III porque ten\u00eda el mejor precio, porque le fiaba al municipio, entre otros injustificados argumentos. Pero vayamos por partes en lo que hace al juicio. El primer d\u00eda se realiz\u00f3 la lectura del pedido de elevaci\u00f3n a juicio, en el cual se imputa al ex intendente y a los otros siete acusados y luego comenzaron las declaraciones testimoniales.<\/p>\n<figure class=\"wp-block-image size-full is-resized\"><a class=\"td-modal-image\" href=\"https:\/\/tucumandespierta.com\/wp-content\/uploads\/2024\/10\/El-clan-Yapura-Astorga.webp\"><img loading=\"lazy\" decoding=\"async\" class=\"wp-image-264745 td-animation-stack-type0-2\" src=\"https:\/\/tucumandespierta.com\/wp-content\/uploads\/2024\/10\/El-clan-Yapura-Astorga.webp\" sizes=\"auto, (max-width: 720px) 100vw, 720px\" srcset=\"https:\/\/tucumandespierta.com\/wp-content\/uploads\/2024\/10\/El-clan-Yapura-Astorga.webp 720w, https:\/\/tucumandespierta.com\/wp-content\/uploads\/2024\/10\/El-clan-Yapura-Astorga-640x360.webp 640w, https:\/\/tucumandespierta.com\/wp-content\/uploads\/2024\/10\/El-clan-Yapura-Astorga-681x383.webp 681w\" alt=\"El clan Yapura Astorga\" width=\"720\" height=\"405\" \/><\/a><figcaption class=\"wp-element-caption\">Jorge Yapura Astorga y los otros siete imputados en la causa<\/figcaption><\/figure>\n<p>Al momento de su declaraci\u00f3n,\u00a0<strong>Yapura Astorga<\/strong>\u00a0neg\u00f3 haber realizado alg\u00fan negocio indebido, y asegur\u00f3 que su patrimonio no se agrand\u00f3, advirtiendo en ese mismo tramo que hab\u00eda informes de la AFIP que le daban la raz\u00f3n. El tambi\u00e9n ex legislador oficialista hizo un recorrido por su carrera comercial y pol\u00edtica y dijo que durante su gesti\u00f3n hab\u00eda trabajado las 24 horas por\u00a0<strong>Taf\u00ed del Valle<\/strong>\u00a0sin obtener un peso de r\u00e9dito.<\/p>\n<p><strong>Y se retract\u00f3 de una declaraci\u00f3n judicial que hab\u00eda hecho en 2015 cuando hab\u00eda manifestado que adem\u00e1s de ser intendente ten\u00eda una sociedad comercial con Mustaf\u00e1.<\/strong>\u00a0<mark class=\"has-inline-color\">\u201cEso no es as\u00ed\u201d, le dijo al auxiliar fiscal\u00a0<strong>Gerardo Arch<\/strong>\u00a0cuando se le record\u00f3 este testimonio. \u201cSiempre estuve a Derecho y estoy esperando que se haga el juicio. Estuve 16 a\u00f1os en la intendencia de Taf\u00ed del Valle. Jam\u00e1s me enriquec\u00ed. Y no lo digo solo yo, lo dicen los informes de la AFIP. Esto es toda una campa\u00f1a con tintes pol\u00edticos\u201d, hab\u00eda afirmado.<\/mark><\/p>\n<p>En ese sentido responsabilizo a ex gestiones por lo que le estaba sucediendo.\u00a0<mark class=\"has-inline-color\">\u201cNadie se puede enriquecer por esos montos. Esto es una cuesti\u00f3n de \u2018polleras\u2019 (sic), de otro tipo de problemas, y por eso se denuncia. Nunca pudo haber pasado lo que se dice. Todo fue pol\u00edtico. Esto no tiene asidero legal. Todo empez\u00f3 cuando le dije que no a\u00a0(Jos\u00e9) Alperovich\u00a0por la construcci\u00f3n de un hotel. Ah\u00ed empez\u00f3 esta campa\u00f1a. Todo esto est\u00e1 afectando mi buen nombre y honor y yo siempre estuve sujeto a Derecho. Estuve 16 a\u00f1os en la Municipalidad y nunca tuve problemas\u201d,<\/mark>\u00a0expresaba Yapura Astorga.<\/p>\n<p><strong>\u201cTodo lo que se compraba desde el municipio se controlaba. Nosotros asist\u00edamos a mucha gente, y por eso se hac\u00edan las compras, pero siempre con control. Y compr\u00e1bamos en muchos comercios, en los de Taf\u00ed, no solo en ese que dice la denuncia\u201d, agreg\u00f3. Las compras estaban respaldadas por todos los presupuestos y no hubo compras abusivas, todo estuvo en orden y aprobado por el Concejo Deliberante, con la firma de los seis concejales. Insisto, todo esto es pol\u00edtico y as\u00ed va a quedar demostrado en el juicio\u201d, conclu\u00eda en ese momento el jefe del clan Yapura Astorga.<\/strong><\/p>\n<p>La mayor parte de su defensa durante la audiencia se bas\u00f3 en esos dichos, asesorado por su defensor,\u00a0<strong>Macario Santamarina<\/strong>. Lo cierto es que la credibilidad del sindicado es menor a la de un d\u00f3lar celeste, lo cual qued\u00f3 comprobado cuando tuvo lugar uno de los testimonios m\u00e1s importantes como lo fue el de la auditora de la Corte que realiz\u00f3 al an\u00e1lisis contable, y cuyo trabajo sirvi\u00f3 de base para sostener la acusaci\u00f3n, nos referimos a\u00a0<strong>Patricia Ladetto<\/strong>.<\/p>\n<figure class=\"wp-block-image size-full is-resized\"><a class=\"td-modal-image\" href=\"https:\/\/tucumandespierta.com\/wp-content\/uploads\/2024\/09\/Patricia-Ladetto-frente-al-tribunal.webp\"><img loading=\"lazy\" decoding=\"async\" class=\"wp-image-263049 td-animation-stack-type0-2\" src=\"https:\/\/tucumandespierta.com\/wp-content\/uploads\/2024\/09\/Patricia-Ladetto-frente-al-tribunal.webp\" sizes=\"auto, (max-width: 720px) 100vw, 720px\" srcset=\"https:\/\/tucumandespierta.com\/wp-content\/uploads\/2024\/09\/Patricia-Ladetto-frente-al-tribunal.webp 720w, https:\/\/tucumandespierta.com\/wp-content\/uploads\/2024\/09\/Patricia-Ladetto-frente-al-tribunal-300x225.webp 300w, https:\/\/tucumandespierta.com\/wp-content\/uploads\/2024\/09\/Patricia-Ladetto-frente-al-tribunal-560x420.webp 560w, https:\/\/tucumandespierta.com\/wp-content\/uploads\/2024\/09\/Patricia-Ladetto-frente-al-tribunal-80x60.webp 80w, https:\/\/tucumandespierta.com\/wp-content\/uploads\/2024\/09\/Patricia-Ladetto-frente-al-tribunal-100x75.webp 100w, https:\/\/tucumandespierta.com\/wp-content\/uploads\/2024\/09\/Patricia-Ladetto-frente-al-tribunal-180x135.webp 180w, https:\/\/tucumandespierta.com\/wp-content\/uploads\/2024\/09\/Patricia-Ladetto-frente-al-tribunal-238x178.webp 238w, https:\/\/tucumandespierta.com\/wp-content\/uploads\/2024\/09\/Patricia-Ladetto-frente-al-tribunal-265x198.webp 265w, https:\/\/tucumandespierta.com\/wp-content\/uploads\/2024\/09\/Patricia-Ladetto-frente-al-tribunal-640x480.webp 640w, https:\/\/tucumandespierta.com\/wp-content\/uploads\/2024\/09\/Patricia-Ladetto-frente-al-tribunal-681x511.webp 681w\" alt=\"Patricia Ladetto frente al tribunal\" width=\"720\" height=\"540\" \/><\/a><figcaption class=\"wp-element-caption\">La contadora Patricia Ladetto en plena declaraci\u00f3n testimonial<\/figcaption><\/figure>\n<p>La contadora inform\u00f3 que bas\u00f3 su informe en la\u00a0<strong>ley 6970 de administraci\u00f3n financiera de la provincia de Tucum\u00e1n<\/strong>. Durante varias horas la especialista contest\u00f3 las preguntas de los auxiliares fiscales Dres.\u00a0<strong>Gerardo Arch<\/strong>\u00a0y\u00a0<strong>Rafael Heredia Carre\u00f1o<\/strong>, quienes act\u00faan bajo la supervisi\u00f3n del titular de la fiscal\u00eda,\u00a0<strong>Daniel Marranzino<\/strong>.\u00a0<mark class=\"has-inline-color\">La contadora asegur\u00f3 que algunas de las compras se hicieron bajo la figura de la necesidad y urgencia, pero \u201cesto deber\u00eda basarse en un imprevisto, algo que no qued\u00f3 comprobado\u201d.<\/mark><\/p>\n<p><strong><mark class=\"has-inline-color\">\u201cPor la Ley de administraci\u00f3n financiera toda contrataci\u00f3n debe ser por licitaci\u00f3n p\u00fablica, pero hay excepciones. Puede haber contrataci\u00f3n directa, pero es la m\u00e1xima excepci\u00f3n. Eso es s\u00f3lo por necesidad urgencia y por los montos m\u00ednimos para resolver esa situaci\u00f3n\u201d, dijo. Y afirm\u00f3 que en estos casos no es s\u00f3lo buscar el precio menor. \u201cDebemos ver precio y calidad. Las dos cosas\u201d. Y remarc\u00f3 que \u201clos fondos p\u00fablicos son el dinero que aporta cada uno de los ciudadanos al Estado para que se resuelvan las necesidades que tenemos\u201d.<\/mark><\/strong><\/p>\n<p>Tambi\u00e9n\u00a0<strong>Ladetto<\/strong>\u00a0record\u00f3 que\u00a0<strong><mark class=\"has-inline-color\">\u201cyo hice un informe t\u00e9cnico contable bas\u00e1ndose en las pruebas del expediente. Es distinto de una pericial ya que no fui a investigar en el negocio. Fueron las pruebas que se aportaron en la causa tras una denuncia por enriquecimiento il\u00edcito. Fueron los denunciantes los que aportaron pruebas como declaraciones juradas de Nerina, pruebas del banco Macro, los recibos de sueldo de la Legislatura y res\u00famenes de cuenta adem\u00e1s de documentaci\u00f3n por la compra de veh\u00edculos y de terrenos\u201d.<\/mark><\/strong><\/p>\n<p><mark class=\"has-inline-color\">\u201cNo hab\u00eda pedido de compras que las avalaran, s\u00f3lo el procedimiento de pago\u201d, afirm\u00f3. Y aclar\u00f3: \u201cni se establec\u00eda la cantidad que se compraba. Se dice s\u00f3lo el precio\u201d. Y luego remat\u00f3 su an\u00e1lisis:<strong>\u00a0\u201cel patrimonio de Jorge, de su hijo y de Nerina desde 2011 hasta 2014 tuvo un incremento patrimonial no justificado\u201d<\/strong>, y explic\u00f3 que por ejemplo \u201cnunca se hicieron declaraciones juradas que manifestaran que los veh\u00edculos y los terrenos hab\u00edan sido adquiridos\u201d.<\/mark><\/p>\n<p><mark class=\"has-inline-color\">\u201cArrib\u00e9 a la conclusi\u00f3n de que eran maniobras violatorias normativas, ya que \u201cno hay ordenanzas que las avalen\u201d. Se ped\u00eda por una cosa y se pagaba por otra\u201d. Seg\u00fan Ladetto, la Municipalidad incluso no habr\u00eda podido realizar compras en el negocio Floppy III ya que \u201ctampoco ten\u00eda libre deuda de rentas\u201d. \u201cNo se puede contratar a alguien que le est\u00e1 debiendo al Estado. Es decir, el Estado no se puede comprar a s\u00ed mismo. Si soy intendente y mi concubina tiene un negocio no puedo contratarme a m\u00ed mismo. Es violatorio de todas las normativas\u201d<\/mark>,\u00a0<strong>asever\u00f3<\/strong>.<\/p>\n<p>Antes de interrumpir su declaraci\u00f3n, Ladetto aport\u00f3 otro dato:\u00a0<strong>\u201cen ese per\u00edodo, Yapura Astorga jam\u00e1s present\u00f3 una declaraci\u00f3n jurada. Menos su hijo Jorge\u201d. <\/strong>Lo cierto es que, sobre llovido, mojado, como se\u00f1ala que refr\u00e1n popular. Esto se debe al hecho de que en la semana que se fue para jam\u00e1s volver, m\u00e1s precisamente, el pasado jueves 31 de octubre, declar\u00f3 el \u00faltimo testigo del juicio contra el\u00a0<strong>clan Yapura Astorga<\/strong>, el cual fue presentado por la Fiscal\u00eda.<\/p>\n<p>Se trata del propietario del\u00a0<strong>s\u00faper Dar\u00edo<\/strong>, tradicional en Taf\u00ed del Valle, quien por medio de su declaraci\u00f3n habr\u00eda terminado desenmascarando a\u00a0<strong>Jorge Yapura Astorga<\/strong>.\u00a0<mark class=\"has-inline-color\">Esto lo logr\u00f3 dejando asentado que nunca lo llamaron de parte de la municipalidad de\u00a0<strong>Taf\u00ed del Valle<\/strong>\u00a0en el periodo 2011-2015 para ser proveedor, es decir, para concursar precio<\/mark>, etc.<\/p>\n<p>Lo cierto es que este testigo echa por tierra los dichos de\u00a0<strong>Yapura Astorga<\/strong>, porque nunca han llamado a otro supermercado para cotejar precios.\u00a0<mark class=\"has-inline-color\">\u201c<strong>\u00bfA usted le ofrecieron ser proveedor o comprar en su negocio, me refiero a la municipalidad?\u201d<\/strong><\/mark>, le pregunt\u00f3 el fiscal.\u00a0<strong><mark class=\"has-inline-color\">\u201cNo, nunca. Nunca\u201d<\/mark><\/strong>, respondi\u00f3 el testigo.\u00a0<strong><mark class=\"has-inline-color\">\u201c\u00bfUsted recibi\u00f3 de la municipalidad, en este periodo, alguna nota, notificaci\u00f3n formal, invit\u00e1ndonos a ser proveedor de la misma, de la municipalidad?\u201d<\/mark><\/strong>, volvi\u00f3 a interrogar el fiscal.\u00a0<strong><mark class=\"has-inline-color\">\u201cNo, nunca\u201d<\/mark><\/strong>, respondi\u00f3 nuevamente el testigo.<\/p>\n<p>A continuaci\u00f3n, desestim\u00f3 uno de los planteos de\u00a0<strong>Yapura Astorga<\/strong>\u00a0en lo que hace a la supuesta calidad superior de los productos comercializados por Floppy III. Y es que, en su testimonio, el testigo respondi\u00f3\u00a0<mark class=\"has-inline-color\"><strong>cuando fue consultado acerca de que si la carne que \u00e9l vende es mejor que la expendida en su momento por Floppy III<\/strong>,<\/mark>\u00a0y respondi\u00f3\u00a0<strong><mark class=\"has-inline-color\">\u201cSI\u201d<\/mark><\/strong>. Pero esto no ser\u00eda todo en la jornada del pasado d\u00eda jueves.<\/p>\n<p><mark class=\"has-inline-color\">Y es que despu\u00e9s le preguntan si \u00e9l tiene espalda para aguantar en el caso de que la municipalidad tafinista lo contratara para comprarle, y si pudiera soportar el tiempo que sea necesario hasta el momento del cobro. A lo que el testigo se\u00f1al\u00f3 que \u201cs\u00ed\u201d porque \u00e9l es proveedor de las escuelas, es decir, es proveedor del Estado porque es la provincia con las escuelas del Valle.<\/mark><\/p>\n<p>En definitiva, lo cierto es que\u00a0<strong>Jorga Yapura Astorga<\/strong>\u00a0qued\u00f3 totalmente desacreditado en lo que hace a su testimonio inicial en el juicio en su contra. Y es que el testigo termin\u00f3 ridiculizando al ex intendente de Taf\u00ed del Valle, como tambi\u00e9n cabe recordar que qued\u00f3 totalmente \u201cdesenmascarado\u201d hace exactamente una semana cuando desde\u00a0<strong>Tucum\u00e1n Despierta<\/strong>\u00a0revelamos por medio de una investigaci\u00f3n algo que dio que hablar hasta en los medios nacionales.<\/p>\n<p><mark class=\"has-inline-color\">Nuestro medio sac\u00f3 a la luz que\u00a0<strong>Yapura Astorga<\/strong>\u00a0y su concubina,\u00a0<strong>Nerina Julieta Mustaf\u00e1<\/strong>, adquirieron bienes por la cifra de m\u00e1s de\u00a0<strong>$700 millones de pesos<\/strong>.<\/mark><\/p>\n<figure class=\"wp-block-image size-full is-resized\"><a class=\"td-modal-image\" href=\"https:\/\/tucumandespierta.com\/wp-content\/uploads\/2024\/10\/Jorge-Yapura-Astorga-y-Nerina-Julieta-Mustafa.webp\"><img loading=\"lazy\" decoding=\"async\" class=\"wp-image-265765 td-animation-stack-type0-2\" src=\"https:\/\/tucumandespierta.com\/wp-content\/uploads\/2024\/10\/Jorge-Yapura-Astorga-y-Nerina-Julieta-Mustafa.webp\" sizes=\"auto, (max-width: 720px) 100vw, 720px\" srcset=\"https:\/\/tucumandespierta.com\/wp-content\/uploads\/2024\/10\/Jorge-Yapura-Astorga-y-Nerina-Julieta-Mustafa.webp 720w, https:\/\/tucumandespierta.com\/wp-content\/uploads\/2024\/10\/Jorge-Yapura-Astorga-y-Nerina-Julieta-Mustafa-640x363.webp 640w, https:\/\/tucumandespierta.com\/wp-content\/uploads\/2024\/10\/Jorge-Yapura-Astorga-y-Nerina-Julieta-Mustafa-681x386.webp 681w\" alt=\"Jorge Yapura Astorga y Nerina Julieta Mustaf\u00e1\" width=\"720\" height=\"408\" \/><\/a><figcaption class=\"wp-element-caption\">Jorge Yapura Astorga y Nerina Julieta Mustaf\u00e1<\/figcaption><\/figure>\n<p>Seg\u00fan la investigaci\u00f3n,\u00a0el funcionario oficialista se inscribi\u00f3 en la AFIP (Administracion Federal de Ingresos P\u00fablicos) con una actividad principal de \u201cservicio de transporte automotor de cargas\u201d y otra secundaria de \u201cventa al por menor de carnes rojas, menudencia y chacinados frescos\u201d.<\/p>\n<p>Sin embargo, se destaca que la inscripci\u00f3n sucedi\u00f3 en 2022, cuando ya hab\u00eda comprado\u00a0siete de un total de nueve veh\u00edculos. Los rodados aparecen en documentos de la Subsecretar\u00eda de Asuntos Registrales Direcci\u00f3n Nacional de los Registros Nacionales de la\u00a0Propiedad del Automotor y de Cr\u00e9ditos Prendarios.<\/p>\n<p>Recordemos que\u00a0<strong>Yapura Astorga<\/strong>\u00a0fue\u00a0denunciado penalmente en 2015 y es el juicio que enfrenta actualmente el ex intendente;\u00a0pero pese a esto adquiri\u00f3 veh\u00edculos\u00a0sin poder justificarlos\u00a0a trav\u00e9s de su patrimonio legal.<\/p>\n<p>En ese sentido, la repercusi\u00f3n tuvo lugar en varios medios nacionales, como es el caso de\u00a0<a href=\"https:\/\/noticiasargentinas.com\/politica\/escandalo-en-tucuman--jorge-yapura-astorga-y-su-ex-concubina-gastaron-mas-de-700-millones-de-pesos-en-vehiculos_a671fa14d37051238fab4974b\">Noticias Argentinas<\/a>,\u00a0<a href=\"https:\/\/www.perfil.com\/noticias\/politica\/juicio-al-exintendente-de-tafi-viejo-por-corrupcion-gasto-mas-de-700-millones-de-pesos-en-autos.phtml\">el diario Perfil<\/a>,\u00a0<a href=\"https:\/\/www.lavozdetandil.com.ar\/nota-escandalo-en-tucuman-el-ex-intendente-de-tafi-del-valle-y-su-concubina-gastaron-mas-de-700-millones-de-pesos-en-vehiculos-121871\">La Voz de Tandil<\/a>, el sitio\u00a0<a href=\"https:\/\/novedadesdelsur.com.ar\/contenido\/70685\/escandalo-en-tucuman-jorge-yapura-astorga-y-su-ex-concubina-gastaron-mas-de-700-\">Novedades del Sur<\/a>\u00a0de Santa Fe. Tambi\u00e9n\u00a0<a href=\"https:\/\/www.instagram.com\/p\/DBrDHDiP3g-\/?utm_source=ig_web_copy_link\">radio Rivadavia en Buenos Aires<\/a>, diario\u00a0<a href=\"https:\/\/nuevarioja.com.ar\/sociedad\/escandalo-en-tucuman-jorge-yapura-astorga-y-su-ex-concubina-gastaron-mas-de-700-millones-de-pesos-en-vehiculos.htm\">Nueva Rioja<\/a>\u00a0y algunos locales como es el caso de\u00a0<a href=\"https:\/\/cafeprensa.com.ar\/index.php\/2024\/10\/28\/jorge-yapura-astorga-y-su-ex-concubina-gastaron-mas-de-700-millones-en-vehiculos\/\">Caf\u00e9 Prensa\u00a0<\/a>y Tucum\u00e1n 24.<\/p>\n<p>La lectura de alegatos tendr\u00eda lugar el d\u00eda 12 del corriente mes y la sentencia se dictar\u00eda el d\u00eda 15 de noviembre, seg\u00fan manifest\u00f3 el tribunal integrado por los Dres. Romagnoli, Fradejas y Morales Lezica.<\/p>\n<figure class=\"wp-block-image size-full is-resized\"><a class=\"td-modal-image\" href=\"https:\/\/tucumandespierta.com\/wp-content\/uploads\/2024\/09\/El-tribunal-compuesto-por.webp\"><img loading=\"lazy\" decoding=\"async\" class=\"wp-image-263048 td-animation-stack-type0-2\" src=\"https:\/\/tucumandespierta.com\/wp-content\/uploads\/2024\/09\/El-tribunal-compuesto-por.webp\" sizes=\"auto, (max-width: 720px) 100vw, 720px\" srcset=\"https:\/\/tucumandespierta.com\/wp-content\/uploads\/2024\/09\/El-tribunal-compuesto-por.webp 720w, https:\/\/tucumandespierta.com\/wp-content\/uploads\/2024\/09\/El-tribunal-compuesto-por-300x185.webp 300w, https:\/\/tucumandespierta.com\/wp-content\/uploads\/2024\/09\/El-tribunal-compuesto-por-680x420.webp 680w, https:\/\/tucumandespierta.com\/wp-content\/uploads\/2024\/09\/El-tribunal-compuesto-por-640x396.webp 640w, https:\/\/tucumandespierta.com\/wp-content\/uploads\/2024\/09\/El-tribunal-compuesto-por-681x421.webp 681w\" alt=\"El tribunal compuesto por\" width=\"720\" height=\"445\" \/><\/a><figcaption class=\"wp-element-caption\">El tribunal se encuentra conformado por los Dres. Gustavo Aldo Romagnoli,\u00a0Fabi\u00e1n Adolfo Fradejas\u00a0y\u00a0Luis Fernando Morales Lezica<\/figcaption><\/figure>\n<p>La opini\u00f3n p\u00fablica provincial y nacional est\u00e1 al tanto de las fechor\u00edas del\u00a0<strong>clan Yapura Astorga<\/strong>\u00a0y espera una condena ejemplificadora para terminar con el refr\u00e1n popular que manifiesta:\u00a0<mark class=\"has-inline-color\"><strong>\u201c<em>La justicia<\/em>\u00a0es como las serpientes,\u00a0<em>solo<\/em>\u00a0muerde a los\u00a0<em>descalzos<\/em>\u201d.<\/strong><\/mark><\/p>\n<p>Fuente: https:\/\/tucumandespierta.com\/juicio-por-corrupcion-el-ultimo-testigo-de-la-fiscalia-derrumbo-el-relato-de-yapura-astorga-y-el-ex-intendente-quedo-acorralado\/<\/p>\n<\/div>\n","protected":false},"excerpt":{"rendered":"<p>El \u00faltimo testigo de la fiscal\u00eda derrumb\u00f3 el \u201crelato\u201d de Yapura Astorga y el ex intendente qued\u00f3 acorralado. Se trata del propietario del s\u00faper tradicional de Taf\u00ed del Valle, quien por medio de su declaraci\u00f3n termin\u00f3 desenmascarando las maniobras del funcionario oficialista vertidas con total impunidad en el juicio. El mundo parece detenerse o, m\u00e1s &hellip;<\/p>\n","protected":false},"author":2,"featured_media":4665,"comment_status":"open","ping_status":"open","sticky":false,"template":"","format":"standard","meta":{"footnotes":""},"categories":[47,34],"tags":[1004,1219],"class_list":["post-4664","post","type-post","status-publish","format-standard","has-post-thumbnail","hentry","category-justicia","category-locales","tag-tafi-del-valle","tag-yapura-astorga"],"_links":{"self":[{"href":"https:\/\/cafeprensa.com.ar\/index.php\/wp-json\/wp\/v2\/posts\/4664","targetHints":{"allow":["GET"]}}],"collection":[{"href":"https:\/\/cafeprensa.com.ar\/index.php\/wp-json\/wp\/v2\/posts"}],"about":[{"href":"https:\/\/cafeprensa.com.ar\/index.php\/wp-json\/wp\/v2\/types\/post"}],"author":[{"embeddable":true,"href":"https:\/\/cafeprensa.com.ar\/index.php\/wp-json\/wp\/v2\/users\/2"}],"replies":[{"embeddable":true,"href":"https:\/\/cafeprensa.com.ar\/index.php\/wp-json\/wp\/v2\/comments?post=4664"}],"version-history":[{"count":1,"href":"https:\/\/cafeprensa.com.ar\/index.php\/wp-json\/wp\/v2\/posts\/4664\/revisions"}],"predecessor-version":[{"id":4666,"href":"https:\/\/cafeprensa.com.ar\/index.php\/wp-json\/wp\/v2\/posts\/4664\/revisions\/4666"}],"wp:featuredmedia":[{"embeddable":true,"href":"https:\/\/cafeprensa.com.ar\/index.php\/wp-json\/wp\/v2\/media\/4665"}],"wp:attachment":[{"href":"https:\/\/cafeprensa.com.ar\/index.php\/wp-json\/wp\/v2\/media?parent=4664"}],"wp:term":[{"taxonomy":"category","embeddable":true,"href":"https:\/\/cafeprensa.com.ar\/index.php\/wp-json\/wp\/v2\/categories?post=4664"},{"taxonomy":"post_tag","embeddable":true,"href":"https:\/\/cafeprensa.com.ar\/index.php\/wp-json\/wp\/v2\/tags?post=4664"}],"curies":[{"name":"wp","href":"https:\/\/api.w.org\/{rel}","templated":true}]}}