{"id":4707,"date":"2024-11-07T14:10:17","date_gmt":"2024-11-07T13:10:17","guid":{"rendered":"https:\/\/cafeprensa.com.ar\/?p=4707"},"modified":"2024-11-07T14:10:17","modified_gmt":"2024-11-07T13:10:17","slug":"mas-de-70-ballenas-muertas-en-peninsula-valdes","status":"publish","type":"post","link":"https:\/\/cafeprensa.com.ar\/index.php\/2024\/11\/07\/mas-de-70-ballenas-muertas-en-peninsula-valdes\/","title":{"rendered":"M\u00e1s de 70 ballenas muertas en Pen\u00ednsula Vald\u00e9s"},"content":{"rendered":"<div class=\"lay --apertura\">\n<div class=\"row\">\n<div class=\"col-12\">\n<p class=\"com-title --font-primary --sixxl --font-extra\"><span style=\"font-size: 12pt;\">Los especialistas creen que la situaci\u00f3n se debe a una toxina asociada a un fen\u00f3meno denominado \u201cmarea roja\u201d; en el per\u00edodo del 19 al 29 de octubre se registraron 21 casos<\/span><\/p>\n<\/div>\n<\/div>\n<\/div>\n<div class=\"lay-sidebar\">\n<div class=\"sidebar__main\">\n<section class=\"cuerpo__nota\" data-mrf-recirculation=\"n_links\">\n<div class=\"row\">\n<div class=\"col-deskxl-10 offset-deskxl-1 col-desksm-11\">\n<div class=\"row\">\n<div class=\"col-12\">\n<p class=\"com-paragraph  --capital --s\">Un panorama desolador atraviesa a<strong>\u00a0<\/strong><a class=\"com-link\" title=\"Pen\u00ednsula Vald\u00e9s\" href=\"https:\/\/www.lanacion.com.ar\/sociedad\/investigacion-argentina-constatan-el-relato-de-capitanes-y-guias-sobre-una-tecnica-de-la-ballena-nid22072024\/\" target=\"_self\" data-mrf-link=\"https:\/\/www.lanacion.com.ar\/sociedad\/investigacion-argentina-constatan-el-relato-de-capitanes-y-guias-sobre-una-tecnica-de-la-ballena-nid22072024\/\" rel=\"noopener\"><strong>Pen\u00ednsula Vald\u00e9s<\/strong><\/a>, en Chubut, donde en los \u00faltimos d\u00edas se registraron por decenas las muertes de ballenas de la especie franca austral. Hasta este mi\u00e9rcoles, se contaron 71 cad\u00e1veres en las costas de esa localidad patag\u00f3nica.<\/p>\n<p class=\"com-paragraph   --s\">Si bien los especialistas se\u00f1alan que este tipo de episodios es \u201cnatural\u201d que \u201cse da en todos los mares\u201d, preocupa el fuerte crecimiento que hubo en la cantidad de fallecimientos, ya que en 2022 se registraron 13 casos y en 2023 la cifra ascendi\u00f3 a 30, seg\u00fan se\u00f1ala el diario\u00a0<a class=\"com-link\" title=\"Tiempo Sur\" href=\"https:\/\/www.tiemposur.com.ar\/info-general\/preocupacion-en-chubut-registraron-71-ballenas-muertas-y-sospechan-que-se-habrian-intoxicado\" target=\"_blank\" rel=\"nofollow noopener\" data-mrf-link=\"https:\/\/www.tiemposur.com.ar\/info-general\/preocupacion-en-chubut-registraron-71-ballenas-muertas-y-sospechan-que-se-habrian-intoxicado\"><em>Tiempo Sur<\/em><\/a>.<\/p>\n<p class=\"com-paragraph   --s\">En este sentido, la presidenta del Concejo Deliberante de Puerto Pir\u00e1mides -el lugar desde donde parten las embarcaciones tur\u00edsticas para hacer el avistaje de estos mam\u00edferos- e integrante de la red de varamientos,\u00a0<strong>Gabriela Bellazzi,\u00a0<\/strong>se\u00f1al\u00f3 que la situaci\u00f3n podr\u00eda estar relacionada con\u00a0<strong>una toxina natural asociada al fen\u00f3meno conocido como \u201cmarea roja\u201d<\/strong>.<\/p>\n<p><img loading=\"lazy\" decoding=\"async\" class=\"alignnone wp-image-4708 size-large\" src=\"https:\/\/cafeprensa.com.ar\/wp-content\/uploads\/2024\/11\/ballena3-1024x657.jpg\" alt=\"\" width=\"1024\" height=\"657\" srcset=\"https:\/\/cafeprensa.com.ar\/wp-content\/uploads\/2024\/11\/ballena3-1024x657.jpg 1024w, https:\/\/cafeprensa.com.ar\/wp-content\/uploads\/2024\/11\/ballena3-300x193.jpg 300w, https:\/\/cafeprensa.com.ar\/wp-content\/uploads\/2024\/11\/ballena3-768x493.jpg 768w, https:\/\/cafeprensa.com.ar\/wp-content\/uploads\/2024\/11\/ballena3.jpg 1200w\" sizes=\"auto, (max-width: 1024px) 100vw, 1024px\" \/><\/p>\n<p class=\"com-paragraph   --s\">Seg\u00fan explic\u00f3, la presencia de la toxina en cuesti\u00f3n se relaciona con la primavera y el aumento de las temperaturas marinas y luego \u201ces absorbida por los organismos que las ballenas consumen. Cuando los filtran, detall\u00f3, quedan expuestas a niveles letales de la sustancia.<\/p>\n<p class=\"com-paragraph   --s\">Otro aspecto que suma preocupaci\u00f3n tiene que ver con el impacto que produce la acumulaci\u00f3n de los animales en la costa, m\u00e1s all\u00e1 de la existencia de empresas y organizaciones que ayudan a la reubicaci\u00f3n para evitar que lleguen a las zonas tur\u00edsticas, debido a que el proceso de descomposici\u00f3n \u201cproduce gases que pueden hacer que los cuerpos exploten\u201d.<\/p>\n<p class=\"com-paragraph   --s\">En este contexto, el diario\u00a0<a class=\"com-link\" title=\"El Chubut \" href=\"https:\/\/www.elchubut.com.ar\/sociedad\/2024-11-6-16-1-0-el-gobierno-provincial-trabaja-en-la-disposicion-de-ballenas-muertas-en-peninsula-valdes\" target=\"_blank\" rel=\"nofollow noopener\" data-mrf-link=\"https:\/\/www.elchubut.com.ar\/sociedad\/2024-11-6-16-1-0-el-gobierno-provincial-trabaja-en-la-disposicion-de-ballenas-muertas-en-peninsula-valdes\"><em>El Chubut\u00a0<\/em><\/a>precis\u00f3 que el Ministerio de Turismo provincial \u201clleva adelante trabajos junto a otros organismos para la reubicaci\u00f3n de los mam\u00edferos varados\u201d.<\/p>\n<p class=\"com-paragraph   --s\">En la remoci\u00f3n de los ejemplares -afirman- intervienen la Direcci\u00f3n de Flora y Fauna y la Administraci\u00f3n de Vialidad Provincial, la Administradora del \u00c1rea Natural Protegida Pen\u00ednsula Vald\u00e9s, el municipio de Puerto Pir\u00e1mides, la Red Fauna y los balleneros que brindan el servicio de avistaje.<\/p>\n<p class=\"com-paragraph   --s\">En tanto, desde e gobierno que encabeza Ignacio Torres se\u00f1alaron que el informe elaborado por el Programa de Monitoreo Sanitario Ballena Franca Austral indica que, entre los d\u00edas 19 y 29 de octubre, se registraron un total de 21 ballenas muertas. Entre ellas se contaron dos cr\u00edas.<\/p>\n<p class=\"com-paragraph   --s\">El reporte se\u00f1ala tambi\u00e9n que una de las principales hip\u00f3tesis es que lo sucedido tiene su origen en \u201c<strong>el consumo de algas t\u00f3xicas durante una floraci\u00f3n algal nociva en el Golfo Nuevo<\/strong>\u201d.<\/p>\n<\/div>\n<\/div>\n<\/div>\n<\/div>\n<\/section>\n<\/div>\n<\/div>\n","protected":false},"excerpt":{"rendered":"<p>Los especialistas creen que la situaci\u00f3n se debe a una toxina asociada a un fen\u00f3meno denominado \u201cmarea roja\u201d; en el per\u00edodo del 19 al 29 de octubre se registraron 21 casos Un panorama desolador atraviesa a\u00a0Pen\u00ednsula Vald\u00e9s, en Chubut, donde en los \u00faltimos d\u00edas se registraron por decenas las muertes de ballenas de la especie &hellip;<\/p>\n","protected":false},"author":2,"featured_media":4709,"comment_status":"open","ping_status":"open","sticky":false,"template":"","format":"standard","meta":{"footnotes":""},"categories":[33,170],"tags":[1229,1230,1228],"class_list":["post-4707","post","type-post","status-publish","format-standard","has-post-thumbnail","hentry","category-nacionales","category-turismo","tag-ballenas-muertas","tag-golfo-nuevo","tag-peninsula-valdes"],"_links":{"self":[{"href":"https:\/\/cafeprensa.com.ar\/index.php\/wp-json\/wp\/v2\/posts\/4707","targetHints":{"allow":["GET"]}}],"collection":[{"href":"https:\/\/cafeprensa.com.ar\/index.php\/wp-json\/wp\/v2\/posts"}],"about":[{"href":"https:\/\/cafeprensa.com.ar\/index.php\/wp-json\/wp\/v2\/types\/post"}],"author":[{"embeddable":true,"href":"https:\/\/cafeprensa.com.ar\/index.php\/wp-json\/wp\/v2\/users\/2"}],"replies":[{"embeddable":true,"href":"https:\/\/cafeprensa.com.ar\/index.php\/wp-json\/wp\/v2\/comments?post=4707"}],"version-history":[{"count":1,"href":"https:\/\/cafeprensa.com.ar\/index.php\/wp-json\/wp\/v2\/posts\/4707\/revisions"}],"predecessor-version":[{"id":4710,"href":"https:\/\/cafeprensa.com.ar\/index.php\/wp-json\/wp\/v2\/posts\/4707\/revisions\/4710"}],"wp:featuredmedia":[{"embeddable":true,"href":"https:\/\/cafeprensa.com.ar\/index.php\/wp-json\/wp\/v2\/media\/4709"}],"wp:attachment":[{"href":"https:\/\/cafeprensa.com.ar\/index.php\/wp-json\/wp\/v2\/media?parent=4707"}],"wp:term":[{"taxonomy":"category","embeddable":true,"href":"https:\/\/cafeprensa.com.ar\/index.php\/wp-json\/wp\/v2\/categories?post=4707"},{"taxonomy":"post_tag","embeddable":true,"href":"https:\/\/cafeprensa.com.ar\/index.php\/wp-json\/wp\/v2\/tags?post=4707"}],"curies":[{"name":"wp","href":"https:\/\/api.w.org\/{rel}","templated":true}]}}