{"id":4711,"date":"2024-11-07T14:18:34","date_gmt":"2024-11-07T13:18:34","guid":{"rendered":"https:\/\/cafeprensa.com.ar\/?p=4711"},"modified":"2024-11-07T14:18:34","modified_gmt":"2024-11-07T13:18:34","slug":"argentinos-en-rio-de-janeiro","status":"publish","type":"post","link":"https:\/\/cafeprensa.com.ar\/index.php\/2024\/11\/07\/argentinos-en-rio-de-janeiro\/","title":{"rendered":"Argentinos en R\u00edo de Janeiro"},"content":{"rendered":"<header class=\"news-headline\">\n<p class=\"news-headline__title\">Devaluaci\u00f3n del real: \u00abboom\u00bb , se\u00f1al de alarma para el Banco Central y la industria.<\/p>\n<\/header>\n<article class=\"article-body article-body--first-paragraph content-protected-false\" data-td-script-src=\"https:\/\/www.ambito.com\/td\/modulos\/encuestas\/js\/function-embeds-min-version-1730952576.js\"><strong>La devaluaci\u00f3n en Brasil enciende alarmas en la industria local y el Banco Central.<\/strong>\u00a0El triunfo de Donald Trump pone m\u00e1s presi\u00f3n al proceso de depreciaci\u00f3n del real que acumula una ca\u00edda cercana al 20% interanual. Los fabricantes de manufacturas del pa\u00eds vecino ganan competitividad mientras los argentinos la pierden.<strong> Las agencias de turismo ya hablan de un \u201cboom\u201d de argentinos en R\u00edo de Janeiro. El riesgo para la estrategia cambiaria de Javier Milei.<\/strong><\/p>\n<p><img loading=\"lazy\" decoding=\"async\" class=\"alignnone wp-image-4714 size-full\" src=\"https:\/\/cafeprensa.com.ar\/wp-content\/uploads\/2024\/11\/Ipanema_Rio_Janeiro_Brasil_Catarina-Belova_Shutterstock-640x428-1.jpg\" alt=\"\" width=\"640\" height=\"428\" srcset=\"https:\/\/cafeprensa.com.ar\/wp-content\/uploads\/2024\/11\/Ipanema_Rio_Janeiro_Brasil_Catarina-Belova_Shutterstock-640x428-1.jpg 640w, https:\/\/cafeprensa.com.ar\/wp-content\/uploads\/2024\/11\/Ipanema_Rio_Janeiro_Brasil_Catarina-Belova_Shutterstock-640x428-1-300x201.jpg 300w\" sizes=\"auto, (max-width: 640px) 100vw, 640px\" \/><\/p>\n<\/article>\n<article class=\"article-body article-body--second-paragraph content-protected-false\">A partir del triunfo del candidato republicano en las elecciones presidenciales, el mundo espera un d\u00f3lar m\u00e1s fuerte. Los pa\u00edses emergentes tomaron nota y en ese grupo Brasil es nuestra principal referencia. Luego de un salto al comienzo de la rueda, con intervenci\u00f3n de la autoridad monetaria,\u00a0<strong>pudo revertir la ca\u00edda sobre el final y cerrar la jornada sin cambios.<\/strong><\/p>\n<\/article>\n<article class=\"article-body article-body--third-paragraph content-protected-false\">Al margen de la foto del d\u00eda, la pel\u00edcula muestra otra historia.\u00a0<strong>Esta semana se aceler\u00f3 el pulso de la devaluaci\u00f3n y el d\u00f3lar ya equivale a 5,7 reales. La moneda del pa\u00eds vecino acumula una ca\u00edda del 20% interanual\u00a0<\/strong>. \u201cLa fluctuaci\u00f3n se debe a la situaci\u00f3n fiscal y a la expectativa de que crezcan las tasas de inter\u00e9s en Estados Unidos\u201d, explic\u00f3 a \u00c1mbito un ex integrante del equipo econ\u00f3mico de Lula.<\/p>\n<p><img loading=\"lazy\" decoding=\"async\" class=\"alignnone wp-image-4712 size-full\" src=\"https:\/\/cafeprensa.com.ar\/wp-content\/uploads\/2024\/11\/6897901791_b0e66ed8fd_b.jpg\" alt=\"\" width=\"1024\" height=\"768\" srcset=\"https:\/\/cafeprensa.com.ar\/wp-content\/uploads\/2024\/11\/6897901791_b0e66ed8fd_b.jpg 1024w, https:\/\/cafeprensa.com.ar\/wp-content\/uploads\/2024\/11\/6897901791_b0e66ed8fd_b-300x225.jpg 300w, https:\/\/cafeprensa.com.ar\/wp-content\/uploads\/2024\/11\/6897901791_b0e66ed8fd_b-768x576.jpg 768w\" sizes=\"auto, (max-width: 1024px) 100vw, 1024px\" \/><\/p>\n<\/article>\n<article class=\"article-body article-body--fourth-paragraph content-protected-false\">El escenario enciende las alarmas en la industria local. Brasil es el principal socio comercial de Argentina, el primer origen de nuestras importaciones y principal destino de las manufacturas de origen industrial. Seis de cada diez d\u00f3lares que se exportan al pa\u00eds vecino son productos con alto valor agregado.<\/p>\n<\/article>\n<article class=\"article-body article-body--remaining-paragraph content-protected-false\"><strong>La devaluaci\u00f3n en Brasil se suma a un c\u00f3ctel peligroso para los fabricantes argentinos: ca\u00edda de la demanda local, suba de costos, apreciaci\u00f3n cambiaria.<\/strong>\u00a0Por si fuera poco, en los pr\u00f3ximos d\u00edas el presidente Lula da Silva anunciar\u00e1 un fuerte ajuste del gasto para achicar el d\u00e9ficit fiscal.<\/p>\n<p>Los industriales argentinos temen que la ca\u00edda de la demanda en Brasil redunde en una \u201cinvasi\u00f3n\u201d de manufacturas del pa\u00eds vecino. Todo se da en un contexto de apertura comercial y eliminaci\u00f3n de controles aduaneros.\u00a0<strong>Textiles, autopartes, alimentos, qu\u00edmicos, electrodom\u00e9sticos, acero, maquinaria agr\u00edcola, son algunos de los sectores que podr\u00edan verse afectados<\/strong>\u00a0en caso de que se de una nueva oleada importadora.<\/p>\n<p><strong>El \u201cboom\u201d de argentinos en R\u00edo<\/strong><\/p>\n<p>El turismo es uno de los sectores que m\u00e1s r\u00e1pido reacciona a los cambio de coyuntura cambiaria. Una de las agencias m\u00e1s relevantes, le dijo a este medio que este a\u00f1o creci\u00f3 fuerte el inter\u00e9s por destinos del exterior.\u00a0<strong>\u201cEl boom por Brasil no para de crecer, R\u00edo de Janeiro va a estar invadido de argentinos\u201d, especific\u00f3 la fuente del sector.<\/strong><\/p>\n<p>Seg\u00fan datos de Despegar,\u00a0<strong>las b\u00fasquedas a nivel internacional aumentaron un 108% en comparaci\u00f3n con el segundo trimestre del a\u00f1o<\/strong>. El ranking de destinos lo lidera R\u00edo de Janeiro y luego le sigue Florian\u00f3polis. Mientras tanto, las b\u00fasquedas de turistas extranjeros para visitar Argentina cayeron un 15% entre junio de 2024 y el mismo mes del 2023.<\/p>\n<p><img loading=\"lazy\" decoding=\"async\" class=\"alignnone wp-image-4713 size-full\" src=\"https:\/\/cafeprensa.com.ar\/wp-content\/uploads\/2024\/11\/cq5dam.thumbnail.cropped.750.422.jpeg\" alt=\"\" width=\"750\" height=\"422\" srcset=\"https:\/\/cafeprensa.com.ar\/wp-content\/uploads\/2024\/11\/cq5dam.thumbnail.cropped.750.422.jpeg 750w, https:\/\/cafeprensa.com.ar\/wp-content\/uploads\/2024\/11\/cq5dam.thumbnail.cropped.750.422-300x169.jpeg 300w, https:\/\/cafeprensa.com.ar\/wp-content\/uploads\/2024\/11\/cq5dam.thumbnail.cropped.750.422-390x220.jpeg 390w\" sizes=\"auto, (max-width: 750px) 100vw, 750px\" \/><\/p>\n<p><strong>\u201cEl inter\u00e9s de los viajeros sigue creciendo. Es impulsado por el cambio favorable, los paquetes, las cuotas sin inter\u00e9s y la posibilidad de adquirir vuelos directos a m\u00e1s de 11 destinos de Brasil\u201d<\/strong>, explic\u00f3 Alejandro Festa, Gerente de Hospedajes y Servicios Tur\u00edsticos de Despegar.<\/p>\n<p><strong>El riesgo para la estrategia cambiaria de Javier Milei<\/strong><\/p>\n<p>La cuenta de servicios comienza a transformarse en un problema para el Banco Central. De exhibir un super\u00e1vit de u$s 84 millones en enero, luego del salto cambiario del 118%, pas\u00f3 a tener un rojo de u$s 650 millones en septiembre. Todo esto, a pesar de que el d\u00f3lar turista est\u00e1 casi $500 por debajo del financiero.<\/p>\n<p><strong>El deterioro de la cuenta corriente siembra preguntas sobre la estrategia cambiaria.\u00a0<\/strong>El Gobierno dice que la apreciaci\u00f3n del peso lleg\u00f3 para quedarse. Pero economistas de distintas orientaciones plantean reparos a esa idea: los controles cambiarios contin\u00faan y el escenario internacional no ayuda.<\/p>\n<p>El m\u00e1s contundente fue<strong>\u00a0el ex economista jefe\u00a0del Instituto Internacional de Finanzas y estratega jefe de divisas<a href=\"https:\/\/x.com\/GoldmanSachs\">\u00a0<\/a>Goldman Sachs, Robin Brooks: \u201cLos argentinos a\u00fan no se han dado cuenta, pero la victoria de Trump, s\u00ed implica aranceles estadounidenses a China y otros pa\u00edses, ejercer\u00e1 una gran presi\u00f3n devaluatoria sobre el peso. Eso no est\u00e1 en el precio actual\u201d.<\/strong><\/p>\n<\/article>\n","protected":false},"excerpt":{"rendered":"<p>Devaluaci\u00f3n del real: \u00abboom\u00bb , se\u00f1al de alarma para el Banco Central y la industria. La devaluaci\u00f3n en Brasil enciende alarmas en la industria local y el Banco Central.\u00a0El triunfo de Donald Trump pone m\u00e1s presi\u00f3n al proceso de depreciaci\u00f3n del real que acumula una ca\u00edda cercana al 20% interanual. Los fabricantes de manufacturas del &hellip;<\/p>\n","protected":false},"author":2,"featured_media":4715,"comment_status":"open","ping_status":"open","sticky":false,"template":"","format":"standard","meta":{"footnotes":""},"categories":[35,170],"tags":[1232,1231],"class_list":["post-4711","post","type-post","status-publish","format-standard","has-post-thumbnail","hentry","category-internacionales","category-turismo","tag-argentinos","tag-rio-de-janeiro"],"_links":{"self":[{"href":"https:\/\/cafeprensa.com.ar\/index.php\/wp-json\/wp\/v2\/posts\/4711","targetHints":{"allow":["GET"]}}],"collection":[{"href":"https:\/\/cafeprensa.com.ar\/index.php\/wp-json\/wp\/v2\/posts"}],"about":[{"href":"https:\/\/cafeprensa.com.ar\/index.php\/wp-json\/wp\/v2\/types\/post"}],"author":[{"embeddable":true,"href":"https:\/\/cafeprensa.com.ar\/index.php\/wp-json\/wp\/v2\/users\/2"}],"replies":[{"embeddable":true,"href":"https:\/\/cafeprensa.com.ar\/index.php\/wp-json\/wp\/v2\/comments?post=4711"}],"version-history":[{"count":1,"href":"https:\/\/cafeprensa.com.ar\/index.php\/wp-json\/wp\/v2\/posts\/4711\/revisions"}],"predecessor-version":[{"id":4716,"href":"https:\/\/cafeprensa.com.ar\/index.php\/wp-json\/wp\/v2\/posts\/4711\/revisions\/4716"}],"wp:featuredmedia":[{"embeddable":true,"href":"https:\/\/cafeprensa.com.ar\/index.php\/wp-json\/wp\/v2\/media\/4715"}],"wp:attachment":[{"href":"https:\/\/cafeprensa.com.ar\/index.php\/wp-json\/wp\/v2\/media?parent=4711"}],"wp:term":[{"taxonomy":"category","embeddable":true,"href":"https:\/\/cafeprensa.com.ar\/index.php\/wp-json\/wp\/v2\/categories?post=4711"},{"taxonomy":"post_tag","embeddable":true,"href":"https:\/\/cafeprensa.com.ar\/index.php\/wp-json\/wp\/v2\/tags?post=4711"}],"curies":[{"name":"wp","href":"https:\/\/api.w.org\/{rel}","templated":true}]}}