{"id":4720,"date":"2024-11-09T17:19:54","date_gmt":"2024-11-09T16:19:54","guid":{"rendered":"https:\/\/cafeprensa.com.ar\/?p=4720"},"modified":"2024-11-09T17:36:05","modified_gmt":"2024-11-09T16:36:05","slug":"yedlin-el-camino-del-peronismo-es-reconstruir-unidad-y-generar-una-oposicion-nitida","status":"publish","type":"post","link":"https:\/\/cafeprensa.com.ar\/index.php\/2024\/11\/09\/yedlin-el-camino-del-peronismo-es-reconstruir-unidad-y-generar-una-oposicion-nitida\/","title":{"rendered":"Yedlin: \u00abEl camino del peronismo es reconstruir unidad y generar una oposici\u00f3n n\u00edtida\u00bb"},"content":{"rendered":"<p>El diputado <strong>Pablo Yedlin<\/strong> en di\u00e1logo telef\u00f3nico con Caf\u00e9 Prensa se refiri\u00f3 a la designaci\u00f3n de Cristina Kirchner en la presidencia del PJ. Destac\u00f3 que \u00abes importante que el PJ recupere el rol importante\u00bb que ten\u00eda como partido,<\/p>\n<p>Por un lado, se\u00f1al\u00f3 que desde el espacio buscaran reconstruir una unidad y una oposici\u00f3n n\u00edtida que resulte una alternativa al Gobierno de Javier Milei. Por otro lado, manifest\u00f3 que el peronismo comprende que la gente \u00abvot\u00f3 un cambio que no es el que ofrece Javier Milei, pero se debe tener en cuenta esta demanda\u00bb.<\/p>\n<p>Respecto a la elecci\u00f3n de Cristina Kirchner a la cabeza del PJ Nacional, el diputado expres\u00f3 que esta alternativa, fue \u00abla mejor opci\u00f3n para presidir porque no ocupaba un cargo pol\u00edtico\u00bb, y en b\u00fasqueda de la unidad. Finalmente, respecto a una posible visita de la exvicepresidenta a la provincia, Yedlin respondi\u00f3 que es probable que por su designaci\u00f3n recorra todo el pa\u00eds, pero que hasta el momento no hay ninguna informaci\u00f3n sobre una pr\u00f3xima visita a Tucum\u00e1n.<\/p>\n<p>Escucha la nota completa:<\/p>\n<audio class=\"wp-audio-shortcode\" id=\"audio-4720-1\" preload=\"none\" style=\"width: 100%;\" controls=\"controls\"><source type=\"audio\/mpeg\" src=\"https:\/\/cafeprensa.com.ar\/wp-content\/uploads\/2024\/11\/09-11-Pablo-Yedlin-Cafe-Prensa.mp3?_=1\" \/><a href=\"https:\/\/cafeprensa.com.ar\/wp-content\/uploads\/2024\/11\/09-11-Pablo-Yedlin-Cafe-Prensa.mp3\">https:\/\/cafeprensa.com.ar\/wp-content\/uploads\/2024\/11\/09-11-Pablo-Yedlin-Cafe-Prensa.mp3<\/a><\/audio>\n","protected":false},"excerpt":{"rendered":"<p>El diputado Pablo Yedlin en di\u00e1logo telef\u00f3nico con Caf\u00e9 Prensa se refiri\u00f3 a la designaci\u00f3n de Cristina Kirchner en la presidencia del PJ. Destac\u00f3 que \u00abes importante que el PJ recupere el rol importante\u00bb que ten\u00eda como partido, Por un lado, se\u00f1al\u00f3 que desde el espacio buscaran reconstruir una unidad y una oposici\u00f3n n\u00edtida que &hellip;<\/p>\n","protected":false},"author":2,"featured_media":4731,"comment_status":"open","ping_status":"open","sticky":false,"template":"","format":"standard","meta":{"footnotes":""},"categories":[34],"tags":[251,1238,200,342,452,265,442,121,1214,160,1239],"class_list":["post-4720","post","type-post","status-publish","format-standard","has-post-thumbnail","hentry","category-locales","tag-cristina-kirchner","tag-interna-del-peronismo","tag-javier-milei","tag-juan-manzur","tag-oposicion","tag-osvaldo-jaldo","tag-pablo-yedlin","tag-pj","tag-quintela","tag-tucuman","tag-unidad"],"_links":{"self":[{"href":"https:\/\/cafeprensa.com.ar\/index.php\/wp-json\/wp\/v2\/posts\/4720","targetHints":{"allow":["GET"]}}],"collection":[{"href":"https:\/\/cafeprensa.com.ar\/index.php\/wp-json\/wp\/v2\/posts"}],"about":[{"href":"https:\/\/cafeprensa.com.ar\/index.php\/wp-json\/wp\/v2\/types\/post"}],"author":[{"embeddable":true,"href":"https:\/\/cafeprensa.com.ar\/index.php\/wp-json\/wp\/v2\/users\/2"}],"replies":[{"embeddable":true,"href":"https:\/\/cafeprensa.com.ar\/index.php\/wp-json\/wp\/v2\/comments?post=4720"}],"version-history":[{"count":4,"href":"https:\/\/cafeprensa.com.ar\/index.php\/wp-json\/wp\/v2\/posts\/4720\/revisions"}],"predecessor-version":[{"id":4739,"href":"https:\/\/cafeprensa.com.ar\/index.php\/wp-json\/wp\/v2\/posts\/4720\/revisions\/4739"}],"wp:featuredmedia":[{"embeddable":true,"href":"https:\/\/cafeprensa.com.ar\/index.php\/wp-json\/wp\/v2\/media\/4731"}],"wp:attachment":[{"href":"https:\/\/cafeprensa.com.ar\/index.php\/wp-json\/wp\/v2\/media?parent=4720"}],"wp:term":[{"taxonomy":"category","embeddable":true,"href":"https:\/\/cafeprensa.com.ar\/index.php\/wp-json\/wp\/v2\/categories?post=4720"},{"taxonomy":"post_tag","embeddable":true,"href":"https:\/\/cafeprensa.com.ar\/index.php\/wp-json\/wp\/v2\/tags?post=4720"}],"curies":[{"name":"wp","href":"https:\/\/api.w.org\/{rel}","templated":true}]}}