{"id":4723,"date":"2024-11-09T17:30:37","date_gmt":"2024-11-09T16:30:37","guid":{"rendered":"https:\/\/cafeprensa.com.ar\/?p=4723"},"modified":"2024-11-09T17:30:37","modified_gmt":"2024-11-09T16:30:37","slug":"vina-el-proyecto-del-presupuesto-2025-llegara-al-recinto-para-su-tratamiento-en-la-segunda-semana-de-diciembre","status":"publish","type":"post","link":"https:\/\/cafeprensa.com.ar\/index.php\/2024\/11\/09\/vina-el-proyecto-del-presupuesto-2025-llegara-al-recinto-para-su-tratamiento-en-la-segunda-semana-de-diciembre\/","title":{"rendered":"Vi\u00f1a: \u00abEl proyecto del Presupuesto 2025 llegar\u00e1 al recinto para su tratamiento en la segunda semana de diciembre\u00bb"},"content":{"rendered":"<p>El legislador provincial <strong>Claudio Vi\u00f1a<\/strong> en di\u00e1logo con Caf\u00e9 Prensa se refiri\u00f3 al proyecto del Presupuesto 2025. El funcionario legislativo se\u00f1al\u00f3 que mantuvieron la primera reuni\u00f3n este \u00faltimo viernes donde vieron una parte del archivo, ya que reciben de manera sesgada la informaci\u00f3n para ir analizando cada parte del proyecto. Pero que, hasta ahora, la iniciativa muestra un presupuesto razonable.<\/p>\n<p>Adem\u00e1s, anticip\u00f3 que el proyecto llegar\u00e1 al recinto para su tratamiento en la segunda semana de diciembre. Sin embargo, aclar\u00f3 que, dentro del borrador, el articulo 20, referido a los excedentes financieros en algunos organismos, modifica que puedan utilizarse discrecionalmente. En lugar de trasladarse a una cuenta separada, se tomar\u00e1 este sobrante como parte de la partida siguiente, donde se otorgar\u00e1 proporcional a los excedentes con los que ya cuenta la entidad. De esta forma, los organismos deber\u00e1n usar el 100% de las partidas en el funcionamiento del mismo.<\/p>\n<p>Finalmente, se refiri\u00f3 a sus proyectos para abordar la problem\u00e1tica de la ludopat\u00eda. Vi\u00f1a se\u00f1al\u00f3 que adem\u00e1s de sus proyectos, existen otras iniciativas pendientes por tratar. Sin embargo, \u00abla ludopat\u00eda se reconoce como un nuevo flagelo. Pero, a\u00fan no contamos con una legislaci\u00f3n que combata esta problem\u00e1tica. Es una deuda pendiente que tenemos en la provincia\u00bb, cerr\u00f3.<\/p>\n<p>Escucha la nota completa:<\/p>\n<audio class=\"wp-audio-shortcode\" id=\"audio-4723-1\" preload=\"none\" style=\"width: 100%;\" controls=\"controls\"><source type=\"audio\/mpeg\" src=\"https:\/\/cafeprensa.com.ar\/wp-content\/uploads\/2024\/11\/09-11-Claudio-Vina-parte1-Cafe-Prensa.mp3?_=1\" \/><a href=\"https:\/\/cafeprensa.com.ar\/wp-content\/uploads\/2024\/11\/09-11-Claudio-Vina-parte1-Cafe-Prensa.mp3\">https:\/\/cafeprensa.com.ar\/wp-content\/uploads\/2024\/11\/09-11-Claudio-Vina-parte1-Cafe-Prensa.mp3<\/a><\/audio>\n<audio class=\"wp-audio-shortcode\" id=\"audio-4723-2\" preload=\"none\" style=\"width: 100%;\" controls=\"controls\"><source type=\"audio\/mpeg\" src=\"https:\/\/cafeprensa.com.ar\/wp-content\/uploads\/2024\/11\/09-11-Claudio-Vina-parte-2-Cafe-Prensa.mp3?_=2\" \/><a href=\"https:\/\/cafeprensa.com.ar\/wp-content\/uploads\/2024\/11\/09-11-Claudio-Vina-parte-2-Cafe-Prensa.mp3\">https:\/\/cafeprensa.com.ar\/wp-content\/uploads\/2024\/11\/09-11-Claudio-Vina-parte-2-Cafe-Prensa.mp3<\/a><\/audio>\n<p>&nbsp;<\/p>\n","protected":false},"excerpt":{"rendered":"<p>El legislador provincial Claudio Vi\u00f1a en di\u00e1logo con Caf\u00e9 Prensa se refiri\u00f3 al proyecto del Presupuesto 2025. El funcionario legislativo se\u00f1al\u00f3 que mantuvieron la primera reuni\u00f3n este \u00faltimo viernes donde vieron una parte del archivo, ya que reciben de manera sesgada la informaci\u00f3n para ir analizando cada parte del proyecto. Pero que, hasta ahora, la &hellip;<\/p>\n","protected":false},"author":2,"featured_media":4733,"comment_status":"open","ping_status":"open","sticky":false,"template":"","format":"standard","meta":{"footnotes":""},"categories":[34],"tags":[226,1241,496,921,265,1240,670],"class_list":["post-4723","post","type-post","status-publish","format-standard","has-post-thumbnail","hentry","category-locales","tag-claudio-vina","tag-comision-de-hacienda-y-presupuesto","tag-honorable-legislatura","tag-ludopatia","tag-osvaldo-jaldo","tag-presupuesto-2025","tag-proyectos"],"_links":{"self":[{"href":"https:\/\/cafeprensa.com.ar\/index.php\/wp-json\/wp\/v2\/posts\/4723","targetHints":{"allow":["GET"]}}],"collection":[{"href":"https:\/\/cafeprensa.com.ar\/index.php\/wp-json\/wp\/v2\/posts"}],"about":[{"href":"https:\/\/cafeprensa.com.ar\/index.php\/wp-json\/wp\/v2\/types\/post"}],"author":[{"embeddable":true,"href":"https:\/\/cafeprensa.com.ar\/index.php\/wp-json\/wp\/v2\/users\/2"}],"replies":[{"embeddable":true,"href":"https:\/\/cafeprensa.com.ar\/index.php\/wp-json\/wp\/v2\/comments?post=4723"}],"version-history":[{"count":3,"href":"https:\/\/cafeprensa.com.ar\/index.php\/wp-json\/wp\/v2\/posts\/4723\/revisions"}],"predecessor-version":[{"id":4737,"href":"https:\/\/cafeprensa.com.ar\/index.php\/wp-json\/wp\/v2\/posts\/4723\/revisions\/4737"}],"wp:featuredmedia":[{"embeddable":true,"href":"https:\/\/cafeprensa.com.ar\/index.php\/wp-json\/wp\/v2\/media\/4733"}],"wp:attachment":[{"href":"https:\/\/cafeprensa.com.ar\/index.php\/wp-json\/wp\/v2\/media?parent=4723"}],"wp:term":[{"taxonomy":"category","embeddable":true,"href":"https:\/\/cafeprensa.com.ar\/index.php\/wp-json\/wp\/v2\/categories?post=4723"},{"taxonomy":"post_tag","embeddable":true,"href":"https:\/\/cafeprensa.com.ar\/index.php\/wp-json\/wp\/v2\/tags?post=4723"}],"curies":[{"name":"wp","href":"https:\/\/api.w.org\/{rel}","templated":true}]}}