{"id":4756,"date":"2024-11-11T14:48:54","date_gmt":"2024-11-11T13:48:54","guid":{"rendered":"https:\/\/cafeprensa.com.ar\/?p=4756"},"modified":"2024-11-11T14:48:54","modified_gmt":"2024-11-11T13:48:54","slug":"el-ex-vice-de-massa-dice-que-milei-y-caputo-estan-haciendo-un-gran-trabajo","status":"publish","type":"post","link":"https:\/\/cafeprensa.com.ar\/index.php\/2024\/11\/11\/el-ex-vice-de-massa-dice-que-milei-y-caputo-estan-haciendo-un-gran-trabajo\/","title":{"rendered":"El ex vice de Massa dice que \u00abMilei y Caputo est\u00e1n haciendo un gran trabajo\u00bb"},"content":{"rendered":"<p class=\"page-header\">\u00a0Prev\u00e9 un \u00abrotundo \u00e9xito\u00bb electoral del Gobierno en 2025<\/p>\n<p><b>El ex viceministro Gabriel Rubinstein, que fue el secretario de Pol\u00edtica Econ\u00f3mica durante el mandato de Sergio Massa, elogi\u00f3 el plan econ\u00f3mico del gobierno de Javier Milei, augur\u00f3 que podr\u00e1 mostrar \u201cun rotundo \u00e9xito\u201d en variables clave para la macro y hasta que ese rumbo podr\u00eda hacerle ganar las pr\u00f3ximas elecciones al oficialismo, pero que tiene una serie de riesgos tanto econ\u00f3micos como pol\u00edtico para el futuro.<\/b><\/p>\n<p>En un hilo en su cuenta de la red social X, el ex funcionario del Palacio de Hacienda entre julio de 2022 y diciembre de 2023, que en ocasiones anteriores ya hab\u00eda tambi\u00e9n reconocido logros de la gesti\u00f3n actual, dijo que a pesar de <strong>\u201cuna gran variedad de falacias\u201d en el discurso econ\u00f3mico actual, una serie de indicadores son muy favorables.<\/strong><\/p>\n<p><img loading=\"lazy\" decoding=\"async\" class=\"alignnone wp-image-4758 size-full\" src=\"https:\/\/cafeprensa.com.ar\/wp-content\/uploads\/2024\/11\/multimedia.normal.a36b0d2f623f0dcb.4761627269656c20527562696e737465696e5f6e6f726d616c2e77656270.webp\" alt=\"\" width=\"701\" height=\"417\" srcset=\"https:\/\/cafeprensa.com.ar\/wp-content\/uploads\/2024\/11\/multimedia.normal.a36b0d2f623f0dcb.4761627269656c20527562696e737465696e5f6e6f726d616c2e77656270.webp 701w, https:\/\/cafeprensa.com.ar\/wp-content\/uploads\/2024\/11\/multimedia.normal.a36b0d2f623f0dcb.4761627269656c20527562696e737465696e5f6e6f726d616c2e77656270-300x178.webp 300w\" sizes=\"auto, (max-width: 701px) 100vw, 701px\" \/><\/p>\n<p>Enumer\u00f3 algunos aspectos de ese discurso que a su juicio no son reales, tales como considerar que la Argentina estaba en la \u201cpeor crisis de la historia, que ven\u00edamos de 17,000% de inflaci\u00f3n, que hab\u00eda una deuda exuberante en pesos y una deuda externa comercial a punto de estallar, que se hizo un ajuste fiscal del 15% del PIB, que Milei nos salv\u00f3 de la hiperinflaci\u00f3n\u201d.<\/p>\n<p><b>Al mismo tiempo, destac\u00f3 que \u201cMilei, Caputo y equipo est\u00e1n haciendo un gran trabajo, y es probable se obtenga un rotundo \u00e9xito en meses y trimestres venideros\u201d. Entre esos logros enumer\u00f3 \u201cinflaci\u00f3n bien baja (hacia el 1% mensual), brecha cambiaria muy baja (menor al 20%), re acceso a mercados externos para rollover (riesgo pa\u00eds probablemente hacia 600 puntos), econom\u00eda creciendo a ritmo de 5% anual, etc\u00e9tera\u201d, dijo Rubinstein.<\/b><\/p>\n<p>De todas formas, plante\u00f3 el ex viceministro de Sergio Massa, \u201cel \u2018modelo Milei\u2019 compra riesgos relevantes (pol\u00edticos, econ\u00f3micos y financieros), que en alg\u00fan momento pueden obligarlo a \u00e9l o, al gobierno que en su momento pudiera sucederlo, a realizar \u2018ajustes econ\u00f3micos\u2019 de cierta importancia\u201d, continu\u00f3. Enumer\u00f3 tres tipos de riesgos distintos.<\/p>\n<p>Entre los pol\u00edticos, mencion\u00f3 que aunque<strong> \u201cla idea de que se necesita 70% de consenso qued\u00f3 identificada con el \u2018status quo\u2019 (consenso para no hacer nada y que sigan los privilegios de \u2018la casta\u2019), no tener un amplio consenso aumenta mucho los riesgos de reversibilidad\u201d.<\/strong><\/p>\n<p>\u201cLa \u00faltima vez que Argentina no tuvo estos riesgos fue en 2007. Gracias a la herencia de una muy buena macro liderada por Lavagna (super\u00e1vit fiscal primario de 3% PIB, d\u00f3lar alto, inflaci\u00f3n baja, alto crecimiento, etc.), no importaba si ganaba Lavagna, Carri\u00f3 o Cristina. No hab\u00eda riesgos de reversi\u00f3n macro. Ahora todav\u00eda estos riesgos son importantes\u201d, apunt\u00f3.<\/p>\n<p>Por su parte, entre los riesgos econ\u00f3micos postul\u00f3 como principal <strong>\u201cla imposibilidad de poder dar certeza que el d\u00f3lar bajo ser\u00e1 \u2018eterno\u2019\u201d y que \u201chasta ahora los modelos de d\u00f3lar bajo terminaron mal\u201d y que esa situaci\u00f3n genere como consecuencia \u201criesgos significativos de aumento de desempleo, empleos de menor calidad, cuentas externas con composici\u00f3n m\u00e1s fr\u00e1gil, econom\u00edas regionales con poco dinamismo, m\u00e1s dificultad de absorber shocks externos, y probablemente, cierto malestar social ligado a todo lo anterior\u201d, algo que equipar\u00f3 a los debates en a\u00f1os de Convertibilidad, sobre si era un modelo \u201cdeseable\u201d<\/strong> o no.<\/p>\n<p><img loading=\"lazy\" decoding=\"async\" class=\"alignnone wp-image-4759 size-full\" src=\"https:\/\/cafeprensa.com.ar\/wp-content\/uploads\/2024\/11\/Gabriel-Rubinstein-Secretaria-de-programacion-economica-e1659715133708-620x330-1.webp\" alt=\"\" width=\"620\" height=\"330\" srcset=\"https:\/\/cafeprensa.com.ar\/wp-content\/uploads\/2024\/11\/Gabriel-Rubinstein-Secretaria-de-programacion-economica-e1659715133708-620x330-1.webp 620w, https:\/\/cafeprensa.com.ar\/wp-content\/uploads\/2024\/11\/Gabriel-Rubinstein-Secretaria-de-programacion-economica-e1659715133708-620x330-1-300x160.webp 300w\" sizes=\"auto, (max-width: 620px) 100vw, 620px\" \/><\/p>\n<div>Por \u00faltimo, sobre los riesgos financieros mencion\u00f3 al esquema cambiario. \u201cCon d\u00f3lar percibido en forma mayoritaria como bajo, cualquier shock pol\u00edtico o externo, incita a comprar d\u00f3lares. Y si encima no hubiera d\u00f3lares en el BCRA para hacer frente a corridas, \u00e9stas pueden adquirir gran magnitud (estemos con o sin cepo, con d\u00f3lar flotante o fijo)\u201d, defini\u00f3 Rubinstein.<\/div>\n<p>\u201cS\u00f3lo pensemos un caso como el Tequila. Equilibrio macro, reservas en el BCRA, y de repente, violenta ca\u00edda de la demanda de pesos (versus suba de demanda de d\u00f3lares). Los dep\u00f3sitos cayeron 20% y fueron satisfechos en gran medida con los d\u00f3lares del BCRA. Actualmente, el stock de pesos \u2018que puede correr\u2019 al d\u00f3lar tiende hacia un equivalente de USD 120.000 millones (circulante, dep\u00f3sitos privados, bonos en pesos en privados no bancarios)\u201d, alert\u00f3.<\/p>\n<p>\u201cUn monto equivalente de USD 25.000 millones buscando dolarizarse, sin d\u00f3lares en el BCRA, implicar\u00eda altas probabilidades de subas muy fuertes del d\u00f3lar, antes que las cosas pudieran aplacarse. El modelo Milei no contempla, al menos hasta ahora, una soluci\u00f3n a estos riesgos\u201d, advirti\u00f3.<b><br \/>\n<\/b><\/p>\n<div><b>Como conclusi\u00f3n, el ex viceministro dijo que \u201ccasi todo va viento en popa\u201d. \u201cEs probable que con el \u00e9xito econ\u00f3mico Milei tenga un muy buen resultado electoral en 2025 y las chances de ganar en 2027 se perciban altas.<\/b>\u00a0Pero, ser\u00eda conveniente (o en alg\u00fan momento necesario) que, el modelo, pudiera mejorarse suficientemente, para minimizar los riesgos pol\u00edticos (reversibilidad), econ\u00f3micos (d\u00f3lar seguramente demasiado bajo), y financieros (mix de d\u00f3lar bajo y carencia de reservas en BCRA), de modo que la macro quede sostenidamente ordenada\u201d, dijo.<strong> \u201cY todo lo finalmente importante (reformas estatales y regulatorias, pro-competividad, y pro-inclusividad, algunas de las cuales el gobierno est\u00e1 encarando), fuera factible de ser concretado sin graves tropiezos\u201d,<\/strong> concluy\u00f3 Rubinstein.<\/div>\n<div><\/div>\n<div>\n<div class=\"twitter-tweet twitter-tweet-rendered\"><iframe id=\"twitter-widget-0\" class=\"\" title=\"X Post\" src=\"https:\/\/platform.twitter.com\/embed\/Tweet.html?creatorScreenName=contextotuc&amp;dnt=false&amp;embedId=twitter-widget-0&amp;features=eyJ0ZndfdGltZWxpbmVfbGlzdCI6eyJidWNrZXQiOltdLCJ2ZXJzaW9uIjpudWxsfSwidGZ3X2ZvbGxvd2VyX2NvdW50X3N1bnNldCI6eyJidWNrZXQiOnRydWUsInZlcnNpb24iOm51bGx9LCJ0ZndfdHdlZXRfZWRpdF9iYWNrZW5kIjp7ImJ1Y2tldCI6Im9uIiwidmVyc2lvbiI6bnVsbH0sInRmd19yZWZzcmNfc2Vzc2lvbiI6eyJidWNrZXQiOiJvbiIsInZlcnNpb24iOm51bGx9LCJ0ZndfZm9zbnJfc29mdF9pbnRlcnZlbnRpb25zX2VuYWJsZWQiOnsiYnVja2V0Ijoib24iLCJ2ZXJzaW9uIjpudWxsfSwidGZ3X21peGVkX21lZGlhXzE1ODk3Ijp7ImJ1Y2tldCI6InRyZWF0bWVudCIsInZlcnNpb24iOm51bGx9LCJ0ZndfZXhwZXJpbWVudHNfY29va2llX2V4cGlyYXRpb24iOnsiYnVja2V0IjoxMjA5NjAwLCJ2ZXJzaW9uIjpudWxsfSwidGZ3X3Nob3dfYmlyZHdhdGNoX3Bpdm90c19lbmFibGVkIjp7ImJ1Y2tldCI6Im9uIiwidmVyc2lvbiI6bnVsbH0sInRmd19kdXBsaWNhdGVfc2NyaWJlc190b19zZXR0aW5ncyI6eyJidWNrZXQiOiJvbiIsInZlcnNpb24iOm51bGx9LCJ0ZndfdXNlX3Byb2ZpbGVfaW1hZ2Vfc2hhcGVfZW5hYmxlZCI6eyJidWNrZXQiOiJvbiIsInZlcnNpb24iOm51bGx9LCJ0ZndfdmlkZW9faGxzX2R5bmFtaWNfbWFuaWZlc3RzXzE1MDgyIjp7ImJ1Y2tldCI6InRydWVfYml0cmF0ZSIsInZlcnNpb24iOm51bGx9LCJ0ZndfbGVnYWN5X3RpbWVsaW5lX3N1bnNldCI6eyJidWNrZXQiOnRydWUsInZlcnNpb24iOm51bGx9LCJ0ZndfdHdlZXRfZWRpdF9mcm9udGVuZCI6eyJidWNrZXQiOiJvbiIsInZlcnNpb24iOm51bGx9fQ%3D%3D&amp;frame=false&amp;hideCard=false&amp;hideThread=false&amp;id=1855638419914789140&amp;lang=es&amp;origin=https%3A%2F%2Fwww.contextotucuman.com%2Fnota%2F330736%2Fel-ex-vice-de-massa-dice-que-yquot%3Bmilei-y-caputo-estan-haciendo-un-gran-trabajoyquot%3B-y-preve-un-yquot%3Brotundo-exitoyquot%3B-electoral-del-gobierno-en-2025.html&amp;sessionId=0d58130b17c60e79c92e66cf3ed1e47d29fd359b&amp;siteScreenName=contextotuc&amp;theme=light&amp;widgetsVersion=2615f7e52b7e0%3A1702314776716&amp;width=550px\" frameborder=\"0\" scrolling=\"no\" allowfullscreen=\"allowfullscreen\" data-tweet-id=\"1855638419914789140\" data-mce-fragment=\"1\"><\/iframe><\/div>\n<\/div>\n","protected":false},"excerpt":{"rendered":"<p>\u00a0Prev\u00e9 un \u00abrotundo \u00e9xito\u00bb electoral del Gobierno en 2025 El ex viceministro Gabriel Rubinstein, que fue el secretario de Pol\u00edtica Econ\u00f3mica durante el mandato de Sergio Massa, elogi\u00f3 el plan econ\u00f3mico del gobierno de Javier Milei, augur\u00f3 que podr\u00e1 mostrar \u201cun rotundo \u00e9xito\u201d en variables clave para la macro y hasta que ese rumbo podr\u00eda &hellip;<\/p>\n","protected":false},"author":2,"featured_media":4757,"comment_status":"open","ping_status":"open","sticky":false,"template":"","format":"standard","meta":{"footnotes":""},"categories":[54,33],"tags":[1250,120],"class_list":["post-4756","post","type-post","status-publish","format-standard","has-post-thumbnail","hentry","category-interes-ganeral","category-nacionales","tag-gabriel-rubinstein","tag-massa"],"_links":{"self":[{"href":"https:\/\/cafeprensa.com.ar\/index.php\/wp-json\/wp\/v2\/posts\/4756","targetHints":{"allow":["GET"]}}],"collection":[{"href":"https:\/\/cafeprensa.com.ar\/index.php\/wp-json\/wp\/v2\/posts"}],"about":[{"href":"https:\/\/cafeprensa.com.ar\/index.php\/wp-json\/wp\/v2\/types\/post"}],"author":[{"embeddable":true,"href":"https:\/\/cafeprensa.com.ar\/index.php\/wp-json\/wp\/v2\/users\/2"}],"replies":[{"embeddable":true,"href":"https:\/\/cafeprensa.com.ar\/index.php\/wp-json\/wp\/v2\/comments?post=4756"}],"version-history":[{"count":1,"href":"https:\/\/cafeprensa.com.ar\/index.php\/wp-json\/wp\/v2\/posts\/4756\/revisions"}],"predecessor-version":[{"id":4760,"href":"https:\/\/cafeprensa.com.ar\/index.php\/wp-json\/wp\/v2\/posts\/4756\/revisions\/4760"}],"wp:featuredmedia":[{"embeddable":true,"href":"https:\/\/cafeprensa.com.ar\/index.php\/wp-json\/wp\/v2\/media\/4757"}],"wp:attachment":[{"href":"https:\/\/cafeprensa.com.ar\/index.php\/wp-json\/wp\/v2\/media?parent=4756"}],"wp:term":[{"taxonomy":"category","embeddable":true,"href":"https:\/\/cafeprensa.com.ar\/index.php\/wp-json\/wp\/v2\/categories?post=4756"},{"taxonomy":"post_tag","embeddable":true,"href":"https:\/\/cafeprensa.com.ar\/index.php\/wp-json\/wp\/v2\/tags?post=4756"}],"curies":[{"name":"wp","href":"https:\/\/api.w.org\/{rel}","templated":true}]}}