{"id":4829,"date":"2024-11-20T12:59:42","date_gmt":"2024-11-20T11:59:42","guid":{"rendered":"https:\/\/cafeprensa.com.ar\/?p=4829"},"modified":"2024-11-20T12:59:42","modified_gmt":"2024-11-20T11:59:42","slug":"los-empleados-de-urribarri-que-espiaban-a-nisman","status":"publish","type":"post","link":"https:\/\/cafeprensa.com.ar\/index.php\/2024\/11\/20\/los-empleados-de-urribarri-que-espiaban-a-nisman\/","title":{"rendered":"Los empleados de Urribarri que espiaban a Nisman"},"content":{"rendered":"<p class=\"storySummary\">Los modos de operar del ex gobernador entrerriano tienen muchos puntos en com\u00fan con los de Cristina Kirchner.<\/p>\n<div class=\"sc-80531b6b-0 chRIGJ container-text text-embed\">\n<p>Sergio Urribarri arm\u00f3 un esquema de corrupci\u00f3n con direccionamiento de contrataciones y retornos, mand\u00f3 destituir a la fiscal que lo investig\u00f3, se aferr\u00f3 a su cargo tras ser condenado y, cuando le confirmaron la condena, envi\u00f3 a su entorno a hablar de<em>\u00a0lawfare<\/em>\u00a0y\u00a0<em>persecuci\u00f3n pol\u00edtica<\/em>. <strong>\u00bfDe d\u00f3nde nos suena todo esto?<\/strong>\u00a0El ex gobernador entrerriano detenido este martes por corrupci\u00f3n es un\u00a0<em>Peque\u00f1o Manual de Kirchnerismo Ilustrado<\/em>.<\/p>\n<\/div>\n<div class=\"sc-80531b6b-0 chRIGJ container-text text-embed\">\n<p>El mapa de las coincidencias con los\u00a0<strong>modos<\/strong>\u00a0de Cristina Kirchner es a\u00fan mayor: si el fiscal Nisman acus\u00f3 a Cristina de armar un pacto con Ir\u00e1n para dejar impunes a los acusados de volar la AMIA usando en la tarea a\u00a0<strong>dirigentes de segunda o tercera l\u00ednea<\/strong>, funcionarios de estos rangos que militaban para Urribarri en Entre R\u00edos aparecen<strong>\u00a0espiando a Nisman<\/strong> poco antes de que el fiscal fuera hallado en su departamento de Puerto Madero con un tiro en la cabeza.<\/p>\n<p><img loading=\"lazy\" decoding=\"async\" class=\"alignnone wp-image-4830 size-full\" src=\"https:\/\/cafeprensa.com.ar\/wp-content\/uploads\/2024\/11\/hdTxknVF9_600x290__2.jpg\" alt=\"\" width=\"598\" height=\"290\" srcset=\"https:\/\/cafeprensa.com.ar\/wp-content\/uploads\/2024\/11\/hdTxknVF9_600x290__2.jpg 598w, https:\/\/cafeprensa.com.ar\/wp-content\/uploads\/2024\/11\/hdTxknVF9_600x290__2-300x145.jpg 300w\" sizes=\"auto, (max-width: 598px) 100vw, 598px\" \/><\/p>\n<\/div>\n<div class=\"sc-80531b6b-0 chRIGJ container-text text-embed\">\n<p>\u00bfC\u00f3mo es eso?<\/p>\n<\/div>\n<div class=\"sc-80531b6b-0 chRIGJ container-text text-embed\">\n<p>Luego de que Nisman apareciera asesinado -el 18 de enero de 2015-, los peritos inform\u00e1ticos hallaron en su tel\u00e9fono celular (Motorola XT626) un programa denominado\u00a0<em>\u201cMalware\u201d<\/em>\u00a0o\u00a0<em>\u201cTroyano\u201d\u00a0<\/em>que le hab\u00eda llegado al fiscal a trav\u00e9s de un mail de\u00a0<em>Yahoo!<\/em>.<\/p>\n<\/div>\n<div class=\"sc-80531b6b-0 chRIGJ container-text text-embed\">\n<p>El archivo se llamaba\u00a0<strong><em>\u201cestrictamente secreto y confidencial.pdf.jar\u201d.<\/em><\/strong><\/p>\n<\/div>\n<div class=\"sc-80531b6b-0 chRIGJ container-text text-embed\">\n<p>Los \u201ctroyanos\u201d son virus que le permiten a quien los env\u00eda acceder a todos los archivos de quien los recibe, aunque esta vez no se activ\u00f3: el mensaje estaba dise\u00f1ado para robar archivos que funcionaran bajo los sistemas\u00a0<em>Windows, Linux<\/em>\u00a0o\u00a0<em>Mac<\/em>\u00a0y el tel\u00e9fono de Nisman operaba con\u00a0<em>Android<\/em>. Cuando siguieron la pista del archivo \u201cenvenenado\u201d, los investigadores llegaron a una direcci\u00f3n de IP ubicada en Paran\u00e1, Entre R\u00edos. La IP era <strong>190.210.180.181<\/strong>.<\/p>\n<\/div>\n<div class=\"sc-80531b6b-0 chRIGJ container-text text-embed\">\n<p>Un IP (significa\u00a0<em>\u201cProtocolo de Internet\u201d<\/em>) es una direcci\u00f3n \u00fanica que identifica a un dispositivo en la web o en una red local. La pista llev\u00f3 a una casa en la calle Urquiza al 1700 de Paran\u00e1 -a ocho cuadras de la Casa de Gobierno-, donde trabajaban dos hombres llamados Pablo Pal\u00e1 y Alexis Lesa.<\/p>\n<\/div>\n<div class=\"sc-80531b6b-0 chRIGJ container-text text-embed\">\n<p>Ambos eran\u00a0<strong>militantes y empleados del gobernador Urribarri<\/strong>.<\/p>\n<\/div>\n<div class=\"sc-80531b6b-0 chRIGJ container-text text-embed\">\n<p>Pal\u00e1 trabajaba en el \u00e1rea de\u00a0<em>C\u00f3mputos<\/em>\u00a0del Tribunal de Cuentas de Entre R\u00edos. Lesa era el director de<em>\u00a0Inform\u00e1tica<\/em>\u00a0del Gobierno provincial.<\/p>\n<\/div>\n<div class=\"sc-80531b6b-0 chRIGJ container-text text-embed\">\n<p>Los dos fueron separados de sus cargos el a\u00f1o pasado, tras ser denunciados en otra causa por entrar al sistema de Migraciones y pedir datos sobre los movimientos del ex esp\u00eda Antonio Stiuso y de la jueza federal de San Isidro, Sandra Arroyo Salgado,\u00a0<strong>sin que ning\u00fan juez lo ordenara<\/strong>.<\/p>\n<p><img loading=\"lazy\" decoding=\"async\" class=\"alignnone wp-image-4831 size-full\" src=\"https:\/\/cafeprensa.com.ar\/wp-content\/uploads\/2024\/11\/sergio-urribarrijpgjpg.jpg\" alt=\"\" width=\"696\" height=\"391\" srcset=\"https:\/\/cafeprensa.com.ar\/wp-content\/uploads\/2024\/11\/sergio-urribarrijpgjpg.jpg 696w, https:\/\/cafeprensa.com.ar\/wp-content\/uploads\/2024\/11\/sergio-urribarrijpgjpg-300x169.jpg 300w, https:\/\/cafeprensa.com.ar\/wp-content\/uploads\/2024\/11\/sergio-urribarrijpgjpg-390x220.jpg 390w\" sizes=\"auto, (max-width: 696px) 100vw, 696px\" \/><\/p>\n<\/div>\n<div class=\"sc-80531b6b-0 chRIGJ container-text text-embed\">\n<p>Esto lo hicieron despu\u00e9s de la muerte de Nisman y desde la misma IP desde la que antes hab\u00edan enviado el programa esp\u00eda al fiscal. Para entrar a Migraciones usaron una clave de usuario que estaba asignada a la Direcci\u00f3n de Contrainteligencia de la SIDE, en ese momento a cargo del diputado ultra K Rodolfo Tailhade.<\/p>\n<\/div>\n<div class=\"sc-80531b6b-0 chRIGJ container-text text-embed\">\n<p>El usuario aparece en la causa como\u00a0<strong><em>WML<\/em><\/strong>. El jefe de la SIDE era Oscar Parrilli.<\/p>\n<\/div>\n<div class=\"sc-80531b6b-0 chRIGJ container-text text-embed\">\n<p>La C\u00e1mara Federal confirm\u00f3 en 2023 los procesamientos de Pal\u00e1 y Lesa por<strong>\u00a0<em>\u201crealizar acciones de inteligencia prohibidas\u201d.<\/em><\/strong><\/p>\n<\/div>\n<div class=\"sc-80531b6b-0 chRIGJ container-text text-embed\">\n<p>Ambos militaban en el movimiento entrerriano\u00a0<em>Oct\u00f3gono<\/em>, una especie de\u00a0<em>La C\u00e1mpora<\/em> local que segu\u00eda a Urribarri, y tambi\u00e9n figuraban en la causa de los \u201ccontratados truchos\u201d, a\u00fan en curso.<\/p>\n<\/div>\n<div class=\"sc-80531b6b-0 chRIGJ container-text text-embed\">\n<p>Como<em>\u00a0La C\u00e1mpora<\/em>\u00a0con M\u00e1ximo -el hijo de Cristina-, el grupo\u00a0<em>Oct\u00f3gono<\/em>\u00a0creci\u00f3 y se expandi\u00f3 por la administraci\u00f3n entrerriana de la mano del hijo del gobernador, Mauro Urribarri, que fue ministro de Gobierno y luego<strong>\u00a0Administrador de un Fondo Federal, nombrado por Alberto Fern\u00e1ndez<\/strong>. El entonces Presidente lo nombr\u00f3 en junio de 2021, cuando la megacausa de corrupci\u00f3n contra su padre <strong>ya estaba avanzada<\/strong>. As\u00ed, la familia<strong>\u00a0consegu\u00eda otra caja<\/strong>.<\/p>\n<\/div>\n<div class=\"sc-80531b6b-0 chRIGJ container-text text-embed\">\n<p>Hay m\u00e1s cuestiones de familia: ahora, junto a Urribarri padre, tambi\u00e9n fue preso su cu\u00f1ado, Juan Pablo Aguilera<\/p>\n<\/div>\n","protected":false},"excerpt":{"rendered":"<p>Los modos de operar del ex gobernador entrerriano tienen muchos puntos en com\u00fan con los de Cristina Kirchner. Sergio Urribarri arm\u00f3 un esquema de corrupci\u00f3n con direccionamiento de contrataciones y retornos, mand\u00f3 destituir a la fiscal que lo investig\u00f3, se aferr\u00f3 a su cargo tras ser condenado y, cuando le confirmaron la condena, envi\u00f3 a &hellip;<\/p>\n","protected":false},"author":2,"featured_media":4832,"comment_status":"open","ping_status":"open","sticky":false,"template":"","format":"standard","meta":{"footnotes":""},"categories":[47,33],"tags":[1058,981,1259],"class_list":["post-4829","post","type-post","status-publish","format-standard","has-post-thumbnail","hentry","category-justicia","category-nacionales","tag-cristina-fernandez-de-kirchner","tag-preso","tag-urribarri"],"_links":{"self":[{"href":"https:\/\/cafeprensa.com.ar\/index.php\/wp-json\/wp\/v2\/posts\/4829","targetHints":{"allow":["GET"]}}],"collection":[{"href":"https:\/\/cafeprensa.com.ar\/index.php\/wp-json\/wp\/v2\/posts"}],"about":[{"href":"https:\/\/cafeprensa.com.ar\/index.php\/wp-json\/wp\/v2\/types\/post"}],"author":[{"embeddable":true,"href":"https:\/\/cafeprensa.com.ar\/index.php\/wp-json\/wp\/v2\/users\/2"}],"replies":[{"embeddable":true,"href":"https:\/\/cafeprensa.com.ar\/index.php\/wp-json\/wp\/v2\/comments?post=4829"}],"version-history":[{"count":1,"href":"https:\/\/cafeprensa.com.ar\/index.php\/wp-json\/wp\/v2\/posts\/4829\/revisions"}],"predecessor-version":[{"id":4833,"href":"https:\/\/cafeprensa.com.ar\/index.php\/wp-json\/wp\/v2\/posts\/4829\/revisions\/4833"}],"wp:featuredmedia":[{"embeddable":true,"href":"https:\/\/cafeprensa.com.ar\/index.php\/wp-json\/wp\/v2\/media\/4832"}],"wp:attachment":[{"href":"https:\/\/cafeprensa.com.ar\/index.php\/wp-json\/wp\/v2\/media?parent=4829"}],"wp:term":[{"taxonomy":"category","embeddable":true,"href":"https:\/\/cafeprensa.com.ar\/index.php\/wp-json\/wp\/v2\/categories?post=4829"},{"taxonomy":"post_tag","embeddable":true,"href":"https:\/\/cafeprensa.com.ar\/index.php\/wp-json\/wp\/v2\/tags?post=4829"}],"curies":[{"name":"wp","href":"https:\/\/api.w.org\/{rel}","templated":true}]}}