{"id":4912,"date":"2024-11-27T17:19:21","date_gmt":"2024-11-27T16:19:21","guid":{"rendered":"https:\/\/cafeprensa.com.ar\/?p=4912"},"modified":"2024-11-27T17:19:21","modified_gmt":"2024-11-27T16:19:21","slug":"fernando-burlando-se-lanza-como-candidato-a-diputado","status":"publish","type":"post","link":"https:\/\/cafeprensa.com.ar\/index.php\/2024\/11\/27\/fernando-burlando-se-lanza-como-candidato-a-diputado\/","title":{"rendered":"Fernando Burlando se lanza como candidato a diputado"},"content":{"rendered":"<p class=\"paragraph\">A un mes de que termine el a\u00f1o,\u00a0<b>Fernando Burlando<\/b>,\u00a0<a href=\"https:\/\/www.ciudad.com.ar\/actualidad\/2024\/10\/16\/asi-reacciono-la-mama-de-juanita-sirimarco-al-confirmar-que-fernando-burlando-sera-su-abogado\/\" target=\"_blank\" rel=\"noopener\">reconocido abogado<\/a>, se lanza como<b>\u00a0<\/b><a href=\"https:\/\/www.ciudad.com.ar\/espectaculos\/2024\/11\/20\/fernando-burlando-tomo-una-drastica-decision-que-afectara-a-su-vida-para-siempre\/\" target=\"_blank\" rel=\"noopener\"><b>candidato a diputado por la provincia de Buenos Aires<\/b><\/a>. Mediante su primer\u00a0<b>spot de campa\u00f1a<\/b>, un video que public\u00f3 en\u00a0<b>Instagram<\/b>, critic\u00f3 al presidente\u00a0<b>Javier Milei<\/b>\u00a0y defendi\u00f3 a la vicepresidenta,\u00a0<b>Victoria Villarruel<\/b>.<\/p>\n<p class=\"paragraph\">\u201cQuiero decirle a los argentinos que he decidido ser candidato a diputado nacional por la provincia de Buenos Aires en las elecciones legislativas del a\u00f1o 2025.\u00a0<b>Cuando se lo cont\u00e9 a mis amigos, a mi familia, a mis afectos, me preguntaron para qu\u00e9. Para qu\u00e9 meterme en esa mugre, en ese barro de la pol\u00edtica, si estoy tranquilo, reconocido profesionalmente y no tengo mayores apremios econ\u00f3micos&#8230;<\/b>\u201d.<\/p>\n<figure class=\"\" data-testid=\"figure-testid\">\n<div class=\"aspect_ratio__container\"><picture class=\"responsive-image\"><source srcset=\"https:\/\/www.ciudad.com.ar\/resizer\/v2\/fernando-se-lanza-como-candidato-a-diputado-por-la-provincia-de-buenos-aires-V6VNWCF52RHM7NOM57VCX6PSXM.png?auth=1fb1a7bd0c88dbb3d2df598c7d55caa069ef9fac935afbf5ff51258881e28ec0&amp;width=767\" type=\"image\/jpg\" media=\"(max-width: 728px)\" \/><source srcset=\"https:\/\/www.ciudad.com.ar\/resizer\/v2\/fernando-se-lanza-como-candidato-a-diputado-por-la-provincia-de-buenos-aires-V6VNWCF52RHM7NOM57VCX6PSXM.png?auth=1fb1a7bd0c88dbb3d2df598c7d55caa069ef9fac935afbf5ff51258881e28ec0&amp;width=1023\" type=\"image\/jpg\" media=\"(max-width: 1023px)\" \/><source srcset=\"https:\/\/www.ciudad.com.ar\/resizer\/v2\/fernando-se-lanza-como-candidato-a-diputado-por-la-provincia-de-buenos-aires-V6VNWCF52RHM7NOM57VCX6PSXM.png?auth=1fb1a7bd0c88dbb3d2df598c7d55caa069ef9fac935afbf5ff51258881e28ec0&amp;width=1440\" type=\"image\/jpg\" \/><img loading=\"lazy\" decoding=\"async\" class=\"image content-image image_placeholder\" src=\"https:\/\/www.ciudad.com.ar\/resizer\/v2\/fernando-se-lanza-como-candidato-a-diputado-por-la-provincia-de-buenos-aires-V6VNWCF52RHM7NOM57VCX6PSXM.png?auth=1fb1a7bd0c88dbb3d2df598c7d55caa069ef9fac935afbf5ff51258881e28ec0&amp;width=767\" alt=\"Fernando se lanza como candidato a diputado por la provincia de Buenos Aires.\" width=\"767\" height=\"1046\" data-testid=\"loading-testid\" \/><\/picture><\/div><figcaption class=\"caption_image\" data-testid=\"figcaption-testid\">\n<div class=\"image_caption \">Fernando se lanza como candidato a diputado por la provincia de Buenos Aires.<\/div>\n<\/figcaption><\/figure>\n<p class=\"paragraph\">\u201c<b>Y mi respuesta fue \u2018precisamente por eso\u2019.<\/b>\u00a0Porque no puedo seguir contemplando una realidad que duele y que lastima, la realidad de una provincia enormemente rica por su extensi\u00f3n, por sus campos, por sus industrias y por su gente. Y al mismo tiempo, enormemente carenciada y pobre, acorralada por la inseguridad, la pobreza, el desempleo, el narcotr\u00e1fico, como lo est\u00e1 nuestro querido pa\u00eds\u201d, expres\u00f3, contundente.<\/p>\n<p class=\"font--primary font__display\"><strong>FERNANDO BURLANDO APUNT\u00d3 CONTRA JAVIER MILEI<\/strong><\/p>\n<p class=\"paragraph\">En su clip,\u00a0<b>Fernando Burlando<\/b>\u00a0apunt\u00f3 contra las promesas de\u00a0<b>Javier Milei<\/b>\u00a0antes de resultar presidente y se posicion\u00f3 a favor de la vicepresidenta,\u00a0<b>Victoria Villarruel<\/b>.<\/p>\n<p class=\"paragraph\">\u201c<b>Nos hablaron tanto de la casta y del ajuste que iban a pagar ellos, pero lo est\u00e1 pagando la gente, la clase media, los trabajadores, el comerciante, los jubilados y los m\u00e1s humildes.<\/b>\u00a0Nos dijeron que si ganaban las elecciones, no iba a haber m\u00e1s casta en el gobierno.\u00a0<b>Lamento decirles que, nuevamente, nos mintieron<\/b>. Seguimos esperando lo nuevo y lo puro de la propuesta libertaria\u201d, sentenci\u00f3 en su video, al que titul\u00f3\u00a0<b>\u201cpor una Argentina para todos\u201d<\/b>.<\/p>\n<p class=\"paragraph\">Sin embargo, su equipo estar\u00e1 encabezado por\u00a0<b>Julio Serna<\/b>, quien fuera armador nacional de la campa\u00f1a presidencial de Milei el a\u00f1o pasado, quien rompi\u00f3 con\u00a0<b>La Libertad Avanza<\/b>\u00a0el 8 de noviembre de 2023.<\/p>\n<figure class=\"\" data-testid=\"figure-testid\">\n<div class=\"aspect_ratio__container\"><picture class=\"responsive-image\"><source srcset=\"https:\/\/www.ciudad.com.ar\/resizer\/v2\/fernado-apunto-contra-milei-en-su-spot-de-campana-O7NQBHGTX5F3ZJKJNBNQMIGY3I.png?auth=3576cca032967771e2717206e57853e527c1fb5c2591c6e97cc6e4bf29fa1b23&amp;width=767\" type=\"image\/jpg\" media=\"(max-width: 728px)\" \/><source srcset=\"https:\/\/www.ciudad.com.ar\/resizer\/v2\/fernado-apunto-contra-milei-en-su-spot-de-campana-O7NQBHGTX5F3ZJKJNBNQMIGY3I.png?auth=3576cca032967771e2717206e57853e527c1fb5c2591c6e97cc6e4bf29fa1b23&amp;width=1023\" type=\"image\/jpg\" media=\"(max-width: 1023px)\" \/><source srcset=\"https:\/\/www.ciudad.com.ar\/resizer\/v2\/fernado-apunto-contra-milei-en-su-spot-de-campana-O7NQBHGTX5F3ZJKJNBNQMIGY3I.png?auth=3576cca032967771e2717206e57853e527c1fb5c2591c6e97cc6e4bf29fa1b23&amp;width=1440\" type=\"image\/jpg\" \/><img loading=\"lazy\" decoding=\"async\" class=\"image content-image image_placeholder\" src=\"https:\/\/www.ciudad.com.ar\/resizer\/v2\/fernado-apunto-contra-milei-en-su-spot-de-campana-O7NQBHGTX5F3ZJKJNBNQMIGY3I.png?auth=3576cca032967771e2717206e57853e527c1fb5c2591c6e97cc6e4bf29fa1b23&amp;width=767\" alt=\"Fernado apunt\u00f3 contra Milei en su spot de campa\u00f1a.\" width=\"767\" height=\"501\" data-testid=\"loading-testid\" \/><\/picture><\/div><figcaption class=\"caption_image\" data-testid=\"figcaption-testid\">\n<div class=\"image_caption \"><em><strong>Fernado apunt\u00f3 contra Milei en su spot de campa\u00f1a.<\/strong><\/em><\/div>\n<\/figcaption><\/figure>\n","protected":false},"excerpt":{"rendered":"<p>A un mes de que termine el a\u00f1o,\u00a0Fernando Burlando,\u00a0reconocido abogado, se lanza como\u00a0candidato a diputado por la provincia de Buenos Aires. Mediante su primer\u00a0spot de campa\u00f1a, un video que public\u00f3 en\u00a0Instagram, critic\u00f3 al presidente\u00a0Javier Milei\u00a0y defendi\u00f3 a la vicepresidenta,\u00a0Victoria Villarruel. \u201cQuiero decirle a los argentinos que he decidido ser candidato a diputado nacional por la &hellip;<\/p>\n","protected":false},"author":2,"featured_media":4913,"comment_status":"open","ping_status":"open","sticky":false,"template":"","format":"standard","meta":{"footnotes":""},"categories":[33,25],"tags":[1278,1277],"class_list":["post-4912","post","type-post","status-publish","format-standard","has-post-thumbnail","hentry","category-nacionales","category-politica","tag-candidato-a-dip-2025","tag-fernando-burlando"],"_links":{"self":[{"href":"https:\/\/cafeprensa.com.ar\/index.php\/wp-json\/wp\/v2\/posts\/4912","targetHints":{"allow":["GET"]}}],"collection":[{"href":"https:\/\/cafeprensa.com.ar\/index.php\/wp-json\/wp\/v2\/posts"}],"about":[{"href":"https:\/\/cafeprensa.com.ar\/index.php\/wp-json\/wp\/v2\/types\/post"}],"author":[{"embeddable":true,"href":"https:\/\/cafeprensa.com.ar\/index.php\/wp-json\/wp\/v2\/users\/2"}],"replies":[{"embeddable":true,"href":"https:\/\/cafeprensa.com.ar\/index.php\/wp-json\/wp\/v2\/comments?post=4912"}],"version-history":[{"count":1,"href":"https:\/\/cafeprensa.com.ar\/index.php\/wp-json\/wp\/v2\/posts\/4912\/revisions"}],"predecessor-version":[{"id":4914,"href":"https:\/\/cafeprensa.com.ar\/index.php\/wp-json\/wp\/v2\/posts\/4912\/revisions\/4914"}],"wp:featuredmedia":[{"embeddable":true,"href":"https:\/\/cafeprensa.com.ar\/index.php\/wp-json\/wp\/v2\/media\/4913"}],"wp:attachment":[{"href":"https:\/\/cafeprensa.com.ar\/index.php\/wp-json\/wp\/v2\/media?parent=4912"}],"wp:term":[{"taxonomy":"category","embeddable":true,"href":"https:\/\/cafeprensa.com.ar\/index.php\/wp-json\/wp\/v2\/categories?post=4912"},{"taxonomy":"post_tag","embeddable":true,"href":"https:\/\/cafeprensa.com.ar\/index.php\/wp-json\/wp\/v2\/tags?post=4912"}],"curies":[{"name":"wp","href":"https:\/\/api.w.org\/{rel}","templated":true}]}}