{"id":4925,"date":"2024-11-28T12:58:51","date_gmt":"2024-11-28T11:58:51","guid":{"rendered":"https:\/\/cafeprensa.com.ar\/?p=4925"},"modified":"2024-11-28T12:59:37","modified_gmt":"2024-11-28T11:59:37","slug":"el-concejal-alvaro-apud-podria-ser-destituido","status":"publish","type":"post","link":"https:\/\/cafeprensa.com.ar\/index.php\/2024\/11\/28\/el-concejal-alvaro-apud-podria-ser-destituido\/","title":{"rendered":"El concejal \u00c1lvaro Apud podr\u00eda ser destituido"},"content":{"rendered":"<div class=\"td-post-header td-pb-padding-side\">\n<header>\n<p class=\"td-post-sub-title\">Se aprob\u00f3 el proyecto de resoluci\u00f3n que investigar\u00e1 el comportamiento del concejal \u00c1lvaro Apud en torno a su par Gabriela Garolera.<\/p>\n<\/header>\n<\/div>\n<div class=\"td-post-content td-pb-padding-side\">\n<p>Luego de lo que fue la denuncia realizada por la\u00a0<strong>concejal peronista<\/strong>\u00a0<strong>Gabriela Garolera<\/strong>\u00a0contra su par\u00a0<strong>\u00c1lvaro Apud (PRO)<\/strong>\u00a0ante el\u00a0<strong>presidente del Concejo Deliberante de Yerba Buena, Javier Jantus<\/strong>, finalmente, se reuni\u00f3 la Comisi\u00f3n de Peticiones, Poderes y Legales para tratar la actuaci\u00f3n en cuesti\u00f3n y, luego de un riguroso y correcto an\u00e1lisis del expediente, se solicit\u00f3 la creaci\u00f3n de una comisi\u00f3n especial que tenga como \u00fanico objeto el tratamiento del expediente en comisi\u00f3n.<\/p>\n<p><img loading=\"lazy\" decoding=\"async\" class=\"alignnone wp-image-4926 size-full\" src=\"https:\/\/cafeprensa.com.ar\/wp-content\/uploads\/2024\/11\/64637_garolera_concejal_denuncia_apud.webp\" alt=\"\" width=\"1024\" height=\"576\" srcset=\"https:\/\/cafeprensa.com.ar\/wp-content\/uploads\/2024\/11\/64637_garolera_concejal_denuncia_apud.webp 1024w, https:\/\/cafeprensa.com.ar\/wp-content\/uploads\/2024\/11\/64637_garolera_concejal_denuncia_apud-300x169.webp 300w, https:\/\/cafeprensa.com.ar\/wp-content\/uploads\/2024\/11\/64637_garolera_concejal_denuncia_apud-768x432.webp 768w, https:\/\/cafeprensa.com.ar\/wp-content\/uploads\/2024\/11\/64637_garolera_concejal_denuncia_apud-390x220.webp 390w\" sizes=\"auto, (max-width: 1024px) 100vw, 1024px\" \/><\/p>\n<p>En ese sentido, se aprob\u00f3 el proyecto de resoluci\u00f3n con nueve votos a favor y una sola abstenci\u00f3n, justamente, la del <strong>denunciado \u00c1lvaro Apud<\/strong>. De esta manera, qued\u00f3 conformada una comisi\u00f3n especial, la cual tendr\u00e1 que evaluar lo sucedido para determinar si corresponde alg\u00fan tipo de sanci\u00f3n luego de que Jantus emitiera el viernes pasado la Actuaci\u00f3n 528\/24 en la que dispuso c\u00f3mo se avanzar\u00eda con la presentaci\u00f3n realizada por Garolera.<\/p>\n<p>Al respecto, cabe recordar que fue ella quien acus\u00f3 a su par de haber tenido acusaciones y expresiones agraviantes y vehementes hacia su persona. En cuanto a las sanciones, depender\u00e1 de lo que se investigue. Asimismo, es menester dar cuenta acerca de que, en lo que hace a las sanciones, las mismas pueden ir desde el archivo de las actuaciones hasta una eventual destituci\u00f3n, aseguraron.<\/p>\n<p>En cuanto a los considerandos, cabe se\u00f1alar que se acord\u00f3 <strong>\u201cque la naturaleza y especificidad del asunto ameritan un an\u00e1lisis riguroso, minucioso y localizado para garantizar un adecuado tratamiento. Que resulta indispensable contar con un \u00e1mbito espec\u00edfico y especializad o que permita un abordaje exclusivo del expediente, asegurando as\u00ed la transparencia y eficiencia en su resoluci\u00f3n\u201d.<\/strong><\/p>\n<p><img loading=\"lazy\" decoding=\"async\" class=\"alignnone wp-image-4928\" src=\"https:\/\/cafeprensa.com.ar\/wp-content\/uploads\/2024\/11\/KOKOKO.jpeg\" alt=\"\" width=\"225\" height=\"225\" srcset=\"https:\/\/cafeprensa.com.ar\/wp-content\/uploads\/2024\/11\/KOKOKO.jpeg 225w, https:\/\/cafeprensa.com.ar\/wp-content\/uploads\/2024\/11\/KOKOKO-150x150.jpeg 150w\" sizes=\"auto, (max-width: 225px) 100vw, 225px\" \/><\/p>\n<p><strong>\u201cQue el respeto al debido proceso constituye un principio fundamental para garantizar la imparcialidad, el derecho de defensa y el cumplimiento de las normativas vigentes; asegurando as\u00ed una investigaci\u00f3n necesaria debido a la gravedad de lo expresado. Que es necesario, por la naturaleza de lo manifestado, conformar una comisi\u00f3n especial bajo los lineamientos establecidos en el art. 50 del Reglamento del Concejo Deliberante donde se procure que est\u00e9n representados la mayor\u00eda de espacios pol\u00edticos\u201d.<\/strong><\/p>\n<p>Cabe recordar que, en la nota, Garolera hizo saber a Jantus que el mi\u00e9rcoles 6 de noviembre sufri\u00f3 una \u201csituaci\u00f3n grav\u00edsima\u201d que le afect\u00f3 como concejal y por su condici\u00f3n de mujer. Indic\u00f3 que aquel d\u00eda, posterior a la elecci\u00f3n de la mesa de autoridades, su colega Apud le solicit\u00f3 una audiencia, a la que accedi\u00f3. Afirm\u00f3 que el edil tuvo expresiones agraviantes hacia ella, con el fin de deshonrar su hombre y su profesionalismo como representantes del pueblo.<\/p>\n<p>Expres\u00f3 que tuvo miedo como mujer, y que la afect\u00f3 psicol\u00f3gica y f\u00edsicamente. La semana anterior, por su parte, Apud le dijo a la prensa que no estaba al tanto de que su colega haya iniciado un tr\u00e1mite en su contra. Reconoci\u00f3 entonces que mantuvo un encuentro con Garolera, pero neg\u00f3 que haya habido alg\u00fan tipo de inconveniente.<strong> \u201cTuvimos una reuni\u00f3n en excelentes t\u00e9rminos; no hubo agresiones de mi parte\u201d<\/strong>, dijo. Y agreg\u00f3: \u201cme sorprende ingratamente. A veces la pol\u00edtica se mete en el medio\u201d.<\/p>\n<\/div>\n","protected":false},"excerpt":{"rendered":"<p>Se aprob\u00f3 el proyecto de resoluci\u00f3n que investigar\u00e1 el comportamiento del concejal \u00c1lvaro Apud en torno a su par Gabriela Garolera. Luego de lo que fue la denuncia realizada por la\u00a0concejal peronista\u00a0Gabriela Garolera\u00a0contra su par\u00a0\u00c1lvaro Apud (PRO)\u00a0ante el\u00a0presidente del Concejo Deliberante de Yerba Buena, Javier Jantus, finalmente, se reuni\u00f3 la Comisi\u00f3n de Peticiones, Poderes y &hellip;<\/p>\n","protected":false},"author":2,"featured_media":4927,"comment_status":"open","ping_status":"open","sticky":false,"template":"","format":"standard","meta":{"footnotes":""},"categories":[34,25],"tags":[1199,1281],"class_list":["post-4925","post","type-post","status-publish","format-standard","has-post-thumbnail","hentry","category-locales","category-politica","tag-alvaro-apud","tag-gabriela-garolera"],"_links":{"self":[{"href":"https:\/\/cafeprensa.com.ar\/index.php\/wp-json\/wp\/v2\/posts\/4925","targetHints":{"allow":["GET"]}}],"collection":[{"href":"https:\/\/cafeprensa.com.ar\/index.php\/wp-json\/wp\/v2\/posts"}],"about":[{"href":"https:\/\/cafeprensa.com.ar\/index.php\/wp-json\/wp\/v2\/types\/post"}],"author":[{"embeddable":true,"href":"https:\/\/cafeprensa.com.ar\/index.php\/wp-json\/wp\/v2\/users\/2"}],"replies":[{"embeddable":true,"href":"https:\/\/cafeprensa.com.ar\/index.php\/wp-json\/wp\/v2\/comments?post=4925"}],"version-history":[{"count":1,"href":"https:\/\/cafeprensa.com.ar\/index.php\/wp-json\/wp\/v2\/posts\/4925\/revisions"}],"predecessor-version":[{"id":4929,"href":"https:\/\/cafeprensa.com.ar\/index.php\/wp-json\/wp\/v2\/posts\/4925\/revisions\/4929"}],"wp:featuredmedia":[{"embeddable":true,"href":"https:\/\/cafeprensa.com.ar\/index.php\/wp-json\/wp\/v2\/media\/4927"}],"wp:attachment":[{"href":"https:\/\/cafeprensa.com.ar\/index.php\/wp-json\/wp\/v2\/media?parent=4925"}],"wp:term":[{"taxonomy":"category","embeddable":true,"href":"https:\/\/cafeprensa.com.ar\/index.php\/wp-json\/wp\/v2\/categories?post=4925"},{"taxonomy":"post_tag","embeddable":true,"href":"https:\/\/cafeprensa.com.ar\/index.php\/wp-json\/wp\/v2\/tags?post=4925"}],"curies":[{"name":"wp","href":"https:\/\/api.w.org\/{rel}","templated":true}]}}