{"id":5006,"date":"2024-12-01T15:46:22","date_gmt":"2024-12-01T14:46:22","guid":{"rendered":"https:\/\/cafeprensa.com.ar\/?p=5006"},"modified":"2024-12-01T15:48:03","modified_gmt":"2024-12-01T14:48:03","slug":"5006","status":"publish","type":"post","link":"https:\/\/cafeprensa.com.ar\/index.php\/2024\/12\/01\/5006\/","title":{"rendered":"\u201cTuve que escaparme\u201d."},"content":{"rendered":"<div class=\"td-post-header td-pb-padding-side\">\n<header>\n<p class=\"entry-title\">La joven violada por el asesor de Betty Rojk\u00e9s revel\u00f3 el infierno que vivi\u00f3 durante m\u00e1s de 10 a\u00f1os<\/p>\n<\/header>\n<\/div>\n<div class=\"td-post-content td-pb-padding-side\">\n<p><strong>El abogado Manuel Garc\u00eda Fern\u00e1ndez se declar\u00f3 culpable y fue condenado a 16 a\u00f1os de c\u00e1rcel por abusar sexualmente de su hijastra y una amiga de ella.<\/strong> Fue durante a\u00f1os asesor de Beatriz Rojk\u00e9s, esposa de Jos\u00e9 Alperovich, hoy preso en el pabell\u00f3n de delincuentes sexuales de la c\u00e1rcel de Ezeiza.<\/p>\n<p><img loading=\"lazy\" decoding=\"async\" class=\"alignnone size-medium wp-image-5007\" src=\"https:\/\/cafeprensa.com.ar\/wp-content\/uploads\/2024\/12\/1563499172_446194-300x184.jpeg\" alt=\"\" width=\"300\" height=\"184\" srcset=\"https:\/\/cafeprensa.com.ar\/wp-content\/uploads\/2024\/12\/1563499172_446194-300x184.jpeg 300w, https:\/\/cafeprensa.com.ar\/wp-content\/uploads\/2024\/12\/1563499172_446194.jpeg 722w\" sizes=\"auto, (max-width: 300px) 100vw, 300px\" \/><\/p>\n<p>Semanas atr\u00e1s, la Justicia de Tucum\u00e1n conden\u00f3 a 16 a\u00f1os de c\u00e1rcel a\u00a0<strong>Manuel Garc\u00eda Fern\u00e1ndez<\/strong>, exasesor de\u00a0<strong>Beatriz Rojk\u00e9s de Alperovich<\/strong>\u00a0por los delitos abuso sexual gravemente ultrajante y con acceso carnal en concurso real con corrupci\u00f3n de menores m\u00e1s agravantes. Una de las v\u00edctimas,\u00a0<strong>Luj\u00e1n<\/strong>\u00a0(nombre ficticio que eligi\u00f3), cont\u00f3 el infierno que vivi\u00f3 durante m\u00e1s de 10 a\u00f1os y en los que el violador que\u00a0<strong>confes\u00f3 ser culpable culpable y est\u00e1 detenido en Villa Urquiza<\/strong>\u00a0se escudaba en \u201cfalsos mantras espirituales\u201d para cometer las vejaciones: \u201c<strong><em>Tuve que escaparme, no soportaba aguantar loa abusos<\/em><\/strong>\u201d, admiti\u00f3 la v\u00edctima.<\/p>\n<p>La joven v\u00edctima del asesor de Rojk\u00e9s rompi\u00f3 el silencio en C\u00e1mara del Crimen (Todo Noticias) donde\u00a0<strong>relat\u00f3 el calvario que vivi\u00f3 desde los 5 a los 20 a\u00f1os<\/strong>, per\u00edodo en el que fue golpeada, ultrajada y abusada por Garc\u00eda Fern\u00e1ndez, quien confes\u00f3 los delitos para evitar el juicio oral y no tener que afrontar un proceso como el que afront\u00f3\u00a0<strong>Jos\u00e9 Alperovich<\/strong>, hoy preso en el pabell\u00f3n de delincuentes sexuales de la c\u00e1rcel de Ezeiza.<\/p>\n<p><strong>Garc\u00eda Fern\u00e1ndez tiene hoy 50 a\u00f1os, es abogado y es descendiente de los propietarios del emblem\u00e1tico Ingenio Bella Vista, y es su linaje familiar el que da nombre a la localidad de Manuel Garc\u00eda Fern\u00e1ndez, en el este tucumano.<\/strong> TN indic\u00f3 que los abusos comenzaron cuando la hijastra del abogado ten\u00eda 11 a\u00f1os, y que \u201c<em>era manipulada psicol\u00f3gicamente desde muy temprana edad<\/em>\u201c. En 2023 pudo denunciarlo.<\/p>\n<p>\u201c<em>Tuve que escaparme de mi casa a los 20 a\u00f1os porque ya no soportaba vivir aguantando los abusos, tem\u00eda que me mate y se mate el tambi\u00e9n<\/em>\u201c, repas\u00f3 Luj\u00e1n en TN, y detall\u00f3:<strong> \u201c<em>\u00c9l entraba a mi habitaci\u00f3n y dec\u00eda que ten\u00eda atracci\u00f3n por las personas dormidas. Mi progenitora sab\u00eda que cuando se dec\u00eda \u201cvamos a meditar los dos solos\u201d refer\u00eda a una situaci\u00f3n de abuso. Ella sab\u00eda todo y no hizo nada\u201d<\/em>.<\/strong><\/p>\n<p>Por eso, apunt\u00f3 tambi\u00e9n contra su progenitora: \u201c<em>A pesar de que yo era abusada y luego de que saliera a la luz esta situaci\u00f3n, mi progenitora no se separ\u00f3 de Garc\u00eda Fern\u00e1ndez y actualmente est\u00e1 imputada por haber sido c\u00f3mplice necesaria de lo que me pas\u00f3. Mis hermanos tambi\u00e9n sufrieron graves consecuencias por toda esta situaci\u00f3n<\/em>\u201c.<\/p>\n<p>El citado medio subray\u00f3 que Garc\u00eda Fern\u00e1ndez utilizaba un esquema de manipulaci\u00f3n psicol\u00f3gica y falsos mantras espirituales, haci\u00e9ndoles creer que estaba pose\u00eddo por esp\u00edritus que le ped\u00edan mantener relaciones sexuales para <strong>\u201c<em>terminar con el hambre en el mundo y las guerras<\/em>\u201d.<\/strong><\/p>\n<p>Luj\u00e1n cont\u00f3 que una amiga la ayud\u00f3 a escapar y su entorno la ayud\u00f3 para que pudiera radicar la denuncia en diciembre del 2023 que termin\u00f3 con la condena del exasesor. Garc\u00eda Fern\u00e1ndez estuvo pr\u00f3fugo durante unos meses y a principios del <strong>2024 fue capturado por la INTERPOL.<\/strong><\/p>\n<p>En juicio abreviado,\u00a0<strong>Garc\u00eda Fern\u00e1ndez fue condenado a 16 a\u00f1os de prisi\u00f3n por abuso sexual gravemente ultrajante y con acceso carnal en concurso real con corrupci\u00f3n de menores. El acusado confes\u00f3 los delitos, evitando un juicio oral<\/strong>.<\/p>\n<div>\n<div class=\"centered-text-area\">\n<div class=\"centered-text\">\n<div class=\"sfcb0d33c1980c96ac0319fc52aee63dd-content\"><span class=\"ctaText\">Te puede interesar:<\/span>\u00a0\u00a0<span class=\"postTitle\">\u00abPrisi\u00f3n preventiva\u00bb: padre e hijo fueron imputados por la venta de mercader\u00eda de Desarrollo Social en Manantial Sur<\/span><\/div>\n<\/div>\n<\/div>\n<\/div>\n<figure class=\"block-editor-block-list__block wp-block wp-block-image\"><img decoding=\"async\" class=\"td-animation-stack-type0-2\" src=\"https:\/\/www.eltucumano.com\/fotos\/notas\/2024\/11\/30\/241130184149_25080.jpeg\" \/><\/figure>\n<p><strong>Los abusos, la denuncia y la confesi\u00f3n de Garc\u00eda Fern\u00e1ndez<\/strong><\/p>\n<p>De acuerdo a la denuncia que present\u00f3 la joven en 2023,\u00a0<strong>Garc\u00eda Fern\u00e1ndez se hac\u00eda pasar por \u201cgu\u00eda espiritual\u201d y dec\u00eda estar \u201cpose\u00eddo\u201d<\/strong>\u00a0por esp\u00edritus: uno llamado \u201c<em>Kum<\/em>\u201d y el otro \u201c<em>Laganor<\/em>\u201d. As\u00ed, perpetraba los abusos y se excusaba con que no era \u00e9l quien la violaba, sino los fen\u00f3menos sobrenaturales que estaban dentro suyo, seg\u00fan remarc\u00f3 TN tras la condena.<\/p>\n<p>La Fiscal\u00eda explic\u00f3 que mientras abusaba de ella, le dec\u00eda que se quedara tranquila, que deb\u00eda realizar actos sexuales para poder<strong> \u201c<em>complacer a estos maestros para que los protegieran y ayudaran a sus seres queridos<\/em>\u201d<\/strong>. A trav\u00e9s de fundamentos m\u00edsticos y espiritistas, \u201c<em>la atemoriz\u00f3 y entramp\u00f3 en un sinf\u00edn de imposiciones planteadas como certeras para la v\u00edctima, logrando dominarla en sus pensamientos y emociones<\/em>\u201d.<\/p>\n<p><strong><em>El acusado tambi\u00e9n le ment\u00eda dici\u00e9ndole que con pr\u00e1cticas como el \u201csexo t\u00e1ntrico\u201d pod\u00edan sanar enfermedades, o incluso ayudar a resolver problemas graves, como la contaminaci\u00f3n ambiental o la guerra, aprovech\u00e1ndose de sus preocupaciones y sus vulnerabilidades.<\/em><\/strong><\/p>\n<p>A su hijastra, incluso, le dijo que\u00a0<strong>pod\u00eda curar al padre de su amiga, que padec\u00eda c\u00e1ncer<\/strong>, o a su hermano con autismo para que pudiera hablar, entre otras cosas. Tambi\u00e9n le aseguraba a la chica que \u201c<em>todo lo que conoc\u00eda estaba mal<\/em>\u201d y que \u201c<em>lo que se le planteara en este plano era falso<\/em>\u201d, y que a trav\u00e9s del \u201cTantra\u201d ella lograr\u00eda \u201ciluminarse\u201d.<\/p>\n<p>De la denuncia se desprende que\u00a0<strong>Garc\u00eda Fern\u00e1ndez ejerc\u00eda un control psicol\u00f3gico profundo, lo que extendi\u00f3 los abusos por varios a\u00f1os<\/strong>. Estos episodios empezaron cuando la v\u00edctima ten\u00eda apenas ocho a\u00f1os, y, dado el v\u00ednculo de sometimiento que el hombre estableci\u00f3, no pudo denunciar hasta ser mayor de edad, cuando sac\u00f3 fuerzas para relatar ante la Justicia todo el calvario.<\/p>\n<p><strong>\u201c<em>Durante estos a\u00f1os en los que la nena era agredida sexualmente por su padre, sinti\u00f3 sufrimiento, desesperaci\u00f3n y ganas de morirse. La v\u00edctima ten\u00eda etapas en las que dejaba de comer, se deprim\u00eda profundamente y ten\u00eda un peso que no estaba acorde a su edad, ocasion\u00e1ndole un grave da\u00f1o a su salud<\/em>\u201d<\/strong>, expresa el fallo que lo conden\u00f3.<\/p>\n<p><strong>En 2019, Garc\u00eda Fern\u00e1ndez empez\u00f3 a invitar a sus meditaciones a la amiga de su hijastra, de entonces 17 a\u00f1os, dici\u00e9ndole que era m\u00e9dium y que pod\u00eda hablar con esp\u00edritus<\/strong>. Con esta maniobra, la viol\u00f3 al menos dos veces. Estos hechos se volvieron a repetir varios meses despu\u00e9s, cuando la chica cumpli\u00f3 los 18.<\/p>\n<p>En su denuncia, la joven cont\u00f3 que el acusado \u201c<em>personific\u00f3 a un maestro espiritual de nombre Aar\u00f3n<\/em>\u201d y le dijo que har\u00edan una meditaci\u00f3n para \u201c<em>cumplir sus deseos<\/em>\u201d. Le pidi\u00f3 que se acostara en la cama de su dormitorio y la abus\u00f3.<\/p>\n<p><strong>Despu\u00e9s de dos a\u00f1os de radicada la denuncia, la defensa present\u00f3 un pedido de acuerdo para declararse culpable y recibir una condena en un juicio abreviado, que fue respaldado por el Ministerio P\u00fablico Fiscal y aprobado con el consentimiento de las v\u00edctimas, aunque una de ellas expres\u00f3 su disconformidad con la pena, por considerarla insuficiente.<\/strong><\/p>\n<p><a href=\"https:\/\/www.eltucumano.com\/noticia\/actualidad\/305152\/tuve-que-escaparme-joven-violada-por-el-asesor-de-betty-rojkes-revelo-el-infierno-que-vivio?dnd=catas&amp;src=tit&amp;pos=2&amp;dis=movil\">Fuente: ELTUCUMANO<\/a><\/p>\n<\/div>\n","protected":false},"excerpt":{"rendered":"<p>La joven violada por el asesor de Betty Rojk\u00e9s revel\u00f3 el infierno que vivi\u00f3 durante m\u00e1s de 10 a\u00f1os El abogado Manuel Garc\u00eda Fern\u00e1ndez se declar\u00f3 culpable y fue condenado a 16 a\u00f1os de c\u00e1rcel por abusar sexualmente de su hijastra y una amiga de ella. Fue durante a\u00f1os asesor de Beatriz Rojk\u00e9s, esposa de &hellip;<\/p>\n","protected":false},"author":2,"featured_media":5008,"comment_status":"open","ping_status":"open","sticky":false,"template":"","format":"standard","meta":{"footnotes":""},"categories":[34,25],"tags":[],"class_list":["post-5006","post","type-post","status-publish","format-standard","has-post-thumbnail","hentry","category-locales","category-politica"],"_links":{"self":[{"href":"https:\/\/cafeprensa.com.ar\/index.php\/wp-json\/wp\/v2\/posts\/5006","targetHints":{"allow":["GET"]}}],"collection":[{"href":"https:\/\/cafeprensa.com.ar\/index.php\/wp-json\/wp\/v2\/posts"}],"about":[{"href":"https:\/\/cafeprensa.com.ar\/index.php\/wp-json\/wp\/v2\/types\/post"}],"author":[{"embeddable":true,"href":"https:\/\/cafeprensa.com.ar\/index.php\/wp-json\/wp\/v2\/users\/2"}],"replies":[{"embeddable":true,"href":"https:\/\/cafeprensa.com.ar\/index.php\/wp-json\/wp\/v2\/comments?post=5006"}],"version-history":[{"count":2,"href":"https:\/\/cafeprensa.com.ar\/index.php\/wp-json\/wp\/v2\/posts\/5006\/revisions"}],"predecessor-version":[{"id":5010,"href":"https:\/\/cafeprensa.com.ar\/index.php\/wp-json\/wp\/v2\/posts\/5006\/revisions\/5010"}],"wp:featuredmedia":[{"embeddable":true,"href":"https:\/\/cafeprensa.com.ar\/index.php\/wp-json\/wp\/v2\/media\/5008"}],"wp:attachment":[{"href":"https:\/\/cafeprensa.com.ar\/index.php\/wp-json\/wp\/v2\/media?parent=5006"}],"wp:term":[{"taxonomy":"category","embeddable":true,"href":"https:\/\/cafeprensa.com.ar\/index.php\/wp-json\/wp\/v2\/categories?post=5006"},{"taxonomy":"post_tag","embeddable":true,"href":"https:\/\/cafeprensa.com.ar\/index.php\/wp-json\/wp\/v2\/tags?post=5006"}],"curies":[{"name":"wp","href":"https:\/\/api.w.org\/{rel}","templated":true}]}}