{"id":5018,"date":"2024-12-02T11:57:08","date_gmt":"2024-12-02T10:57:08","guid":{"rendered":"https:\/\/cafeprensa.com.ar\/?p=5018"},"modified":"2024-12-02T11:57:08","modified_gmt":"2024-12-02T10:57:08","slug":"san-martin-seguira-en-la-b-nacional","status":"publish","type":"post","link":"https:\/\/cafeprensa.com.ar\/index.php\/2024\/12\/02\/san-martin-seguira-en-la-b-nacional\/","title":{"rendered":"San Mart\u00edn seguir\u00e1 en la B Nacional"},"content":{"rendered":"<div class=\"td-post-header td-pb-padding-side\"><\/div>\n<div class=\"td-post-content td-pb-padding-side\">\n<div class=\"td-post-featured-image\">\n<p><strong>San Mart\u00edn perdi\u00f3 1 a 0 contra Gimnasia de Mendoza en Ciudadela<\/strong>\u00a0y seguir\u00e1 en la B Nacional. El Santo qued\u00f3 eliminado del Reducido que daba el segundo ascenso a Primera. A los 24 minutos del primer tiempo, Luis Silba marc\u00f3 el tanto.<\/p>\n<\/div>\n<p><strong>A los 10 minutos lleg\u00f3 la m\u00e1s clara para el Santo del primer tiempo:<\/strong> centro de Abreg\u00fa, cabezazo de Gonzalo Rodr\u00edguez, y tap\u00f3 Tagliamonte. San Mart\u00edn sali\u00f3 bien parado a jugar la revencha de la semifinal contra Gimnasia y estuvo cerca de abrir el marcador.<\/p>\n<p><img loading=\"lazy\" decoding=\"async\" class=\"alignnone wp-image-5020 size-full\" src=\"https:\/\/cafeprensa.com.ar\/wp-content\/uploads\/2024\/12\/san-martin-t_862x485.webp\" alt=\"\" width=\"862\" height=\"485\" srcset=\"https:\/\/cafeprensa.com.ar\/wp-content\/uploads\/2024\/12\/san-martin-t_862x485.webp 862w, https:\/\/cafeprensa.com.ar\/wp-content\/uploads\/2024\/12\/san-martin-t_862x485-300x169.webp 300w, https:\/\/cafeprensa.com.ar\/wp-content\/uploads\/2024\/12\/san-martin-t_862x485-768x432.webp 768w, https:\/\/cafeprensa.com.ar\/wp-content\/uploads\/2024\/12\/san-martin-t_862x485-390x220.webp 390w\" sizes=\"auto, (max-width: 862px) 100vw, 862px\" \/><\/p>\n<p><strong>El Turbo Rodr\u00edguez es la bandera del Santo:<\/strong>\u00a0el delantero e \u00eddolo del club fue incluido sobre la hora como titularen lugar de Fedele y la multitud Ciruja se ilusiona con \u00e9l en ataque.<\/p>\n<p><strong>La primera mala noticia de la tarde es que a los 20 minutos del primer tiempo se lesion\u00f3 Lucas Diarte.\u00a0<\/strong>Fue reemplazado por Ferracutti. A los 24 minutos lleg\u00f3 el baldazo de agua fr\u00eda: los centrales volvieron a dormirse y el Tanque Silba puso el 1 a 0. Con este resultado se est\u00e1 quedando eliminado el Santo.<\/p>\n<p>Sobre el final del primer tiempo, otra desinteligencia en defensa casi le da el segundo a Silba.\u00a0<strong>Sobre el descuento, un derechazo de Gonzalo Rodr\u00edguez sali\u00f3 pegado al lado del palo.<\/strong><\/p>\n<p>Para el segundo tiempo, el Traductor Flores sac\u00f3 a Gonzalo Rodr\u00edguez y lo mand\u00f3 a<strong>\u00a0Lautaro Fedele.<\/strong> El Santo sali\u00f3 con la obligaci\u00f3n de llegar al empate para lograr el pase a la final del Reducido. A los 22 minutos del segundo tiempo lleg\u00f3 un cabezazo de Abreg\u00fa que pas\u00f3 al lado del palo de Tagliamonte.\u00a0<strong>Pablo Hern\u00e1ndez le dio un poco m\u00e1s de claridad al Santo en ataque. <\/strong><strong>A los 40 minutos del segundo tiempo, lleg\u00f3 la m\u00e1s clara: un desborde de Cuevas fue a la cabeza de Caco Garc\u00eda, quien cabece\u00f3 solo al lado del palo.<\/strong><\/p>\n<p><img loading=\"lazy\" decoding=\"async\" class=\"alignnone wp-image-5021 size-full\" src=\"https:\/\/cafeprensa.com.ar\/wp-content\/uploads\/2024\/12\/ntC5Onyk-_720x0__1.jpg\" alt=\"\" width=\"720\" height=\"424\" srcset=\"https:\/\/cafeprensa.com.ar\/wp-content\/uploads\/2024\/12\/ntC5Onyk-_720x0__1.jpg 720w, https:\/\/cafeprensa.com.ar\/wp-content\/uploads\/2024\/12\/ntC5Onyk-_720x0__1-300x177.jpg 300w\" sizes=\"auto, (max-width: 720px) 100vw, 720px\" \/><\/p>\n<p>El Santo llega a este con la ventaja de haber empatado en la ida de las semifinales en tierras mendocinas y hoy llega a este choque con la ventaja deportiva y que su rival no podr\u00e1 especular, ya que debe ganar o ganar de querer pasar al \u00faltimo partido del campeonato.<strong>\u00a0Con este resultado se qued\u00f3 afuera de todo y seguir\u00e1 un a\u00f1o m\u00e1s en la B Nacional.<\/strong><\/p>\n<\/div>\n","protected":false},"excerpt":{"rendered":"<p>San Mart\u00edn perdi\u00f3 1 a 0 contra Gimnasia de Mendoza en Ciudadela\u00a0y seguir\u00e1 en la B Nacional. El Santo qued\u00f3 eliminado del Reducido que daba el segundo ascenso a Primera. A los 24 minutos del primer tiempo, Luis Silba marc\u00f3 el tanto. A los 10 minutos lleg\u00f3 la m\u00e1s clara para el Santo del primer &hellip;<\/p>\n","protected":false},"author":2,"featured_media":5019,"comment_status":"open","ping_status":"open","sticky":false,"template":"","format":"standard","meta":{"footnotes":""},"categories":[29,294,34],"tags":[312],"class_list":["post-5018","post","type-post","status-publish","format-standard","has-post-thumbnail","hentry","category-deportes","category-futbol","category-locales","tag-club-san-martin"],"_links":{"self":[{"href":"https:\/\/cafeprensa.com.ar\/index.php\/wp-json\/wp\/v2\/posts\/5018","targetHints":{"allow":["GET"]}}],"collection":[{"href":"https:\/\/cafeprensa.com.ar\/index.php\/wp-json\/wp\/v2\/posts"}],"about":[{"href":"https:\/\/cafeprensa.com.ar\/index.php\/wp-json\/wp\/v2\/types\/post"}],"author":[{"embeddable":true,"href":"https:\/\/cafeprensa.com.ar\/index.php\/wp-json\/wp\/v2\/users\/2"}],"replies":[{"embeddable":true,"href":"https:\/\/cafeprensa.com.ar\/index.php\/wp-json\/wp\/v2\/comments?post=5018"}],"version-history":[{"count":1,"href":"https:\/\/cafeprensa.com.ar\/index.php\/wp-json\/wp\/v2\/posts\/5018\/revisions"}],"predecessor-version":[{"id":5022,"href":"https:\/\/cafeprensa.com.ar\/index.php\/wp-json\/wp\/v2\/posts\/5018\/revisions\/5022"}],"wp:featuredmedia":[{"embeddable":true,"href":"https:\/\/cafeprensa.com.ar\/index.php\/wp-json\/wp\/v2\/media\/5019"}],"wp:attachment":[{"href":"https:\/\/cafeprensa.com.ar\/index.php\/wp-json\/wp\/v2\/media?parent=5018"}],"wp:term":[{"taxonomy":"category","embeddable":true,"href":"https:\/\/cafeprensa.com.ar\/index.php\/wp-json\/wp\/v2\/categories?post=5018"},{"taxonomy":"post_tag","embeddable":true,"href":"https:\/\/cafeprensa.com.ar\/index.php\/wp-json\/wp\/v2\/tags?post=5018"}],"curies":[{"name":"wp","href":"https:\/\/api.w.org\/{rel}","templated":true}]}}