{"id":5023,"date":"2024-12-02T12:30:20","date_gmt":"2024-12-02T11:30:20","guid":{"rendered":"https:\/\/cafeprensa.com.ar\/?p=5023"},"modified":"2024-12-02T12:31:08","modified_gmt":"2024-12-02T11:31:08","slug":"la-corte-declaro-constitucional-la-ley-de-ficha-limpia-en-salta","status":"publish","type":"post","link":"https:\/\/cafeprensa.com.ar\/index.php\/2024\/12\/02\/la-corte-declaro-constitucional-la-ley-de-ficha-limpia-en-salta\/","title":{"rendered":"La Corte declar\u00f3 constitucional la ley de Ficha Limpia en Salta"},"content":{"rendered":"<div class=\"the-post-header s-head-modern s-head-modern-a has-share-meta-right\">\n<div class=\"post-meta post-meta-a post-meta-left post-meta-single has-below\"><\/div>\n<\/div>\n<div class=\"single-featured\"><em>Las personas condenadas y con sentencia firme en segunda instancia no podr\u00e1n ser candidatos a cargos provinciales o municipales confirm\u00f3 al rechazar un recurso de inconstitucionalidad. <\/em><em><strong>La acci\u00f3n de inconstitucionalidad contra la ley de Ficha Limpia<\/strong><\/em> hab\u00eda sido promovida, entre otros argumentos, se\u00f1alando que la ley violaba el principio de cosa juzgada y el principio de inocencia. Adem\u00e1s sosten\u00edan que se creaba una nueva sanci\u00f3n de inhabilitaci\u00f3n.<\/div>\n<div class=\"the-post s-post-modern\">\n<article id=\"post-70806\" class=\"post-70806 post type-post status-publish format-standard has-post-thumbnail category-salta\">\n<div class=\"post-content-wrap has-share-float\">\n<div class=\"post-content cf entry-content content-spacious\">\n<p>La ley cuestionada sostiene en su art\u00edculo 1 que: <em><strong>\u201cNo podr\u00e1n ser candidatos a cargos p\u00fablicos electivos provinciales y municipales los condenados por sentencia judicial en segunda instancia por el plazo que dure la condena y la mitad m\u00e1s del tiempo de su duraci\u00f3n, computado a partir del momento en que el tribunal de segunda instancia dicte la sentencia confirmatoria\u201d.<\/strong><\/em><\/p>\n<p><img loading=\"lazy\" decoding=\"async\" class=\"alignnone wp-image-5024 size-large\" src=\"https:\/\/cafeprensa.com.ar\/wp-content\/uploads\/2024\/12\/1710647123979-1024x585.jpg\" alt=\"\" width=\"1024\" height=\"585\" srcset=\"https:\/\/cafeprensa.com.ar\/wp-content\/uploads\/2024\/12\/1710647123979-1024x585.jpg 1024w, https:\/\/cafeprensa.com.ar\/wp-content\/uploads\/2024\/12\/1710647123979-300x171.jpg 300w, https:\/\/cafeprensa.com.ar\/wp-content\/uploads\/2024\/12\/1710647123979-768x438.jpg 768w, https:\/\/cafeprensa.com.ar\/wp-content\/uploads\/2024\/12\/1710647123979.jpg 1494w\" sizes=\"auto, (max-width: 1024px) 100vw, 1024px\" \/><\/p>\n<p>La finalidad constitucional de las restricciones impuestas por la norma -dijeron los jueces de la Corte de Justicia- es el principio de la protecci\u00f3n de las instituciones pol\u00edticas. Se trata de \u201casegurar la protecci\u00f3n \u00e9tica del proceso electoral, garantizando<br \/>\na la sociedad el derecho a votar por quien le ofrezca las condiciones \u00e9tico-jur\u00eddicas de ejercer el mandato que le venga conferido\u201d.Es que la idoneidad para el desempe\u00f1o de cargos p\u00fablicos comprende a la \u00e9tica y la moral, se\u00f1alaron adem\u00e1s.<\/p>\n<p><img loading=\"lazy\" decoding=\"async\" class=\"alignnone wp-image-5025 size-full\" src=\"https:\/\/cafeprensa.com.ar\/wp-content\/uploads\/2024\/12\/ficha-limpia.jpg\" alt=\"\" width=\"1000\" height=\"807\" srcset=\"https:\/\/cafeprensa.com.ar\/wp-content\/uploads\/2024\/12\/ficha-limpia.jpg 1000w, https:\/\/cafeprensa.com.ar\/wp-content\/uploads\/2024\/12\/ficha-limpia-300x242.jpg 300w, https:\/\/cafeprensa.com.ar\/wp-content\/uploads\/2024\/12\/ficha-limpia-768x620.jpg 768w\" sizes=\"auto, (max-width: 1000px) 100vw, 1000px\" \/><\/p>\n<p>Respecto de la presunci\u00f3n de inocencia (contenida en el art\u00edculo 18 de la Constituci\u00f3n Nacional y 20 de la Constituci\u00f3n de Salta), \u00a0es una garant\u00eda frente al juicio del juez. \u201cLa presunci\u00f3n de inocencia es el corolario inevitable de que solo los jueces, al t\u00e9rmino de un proceso, pueden discernir condenas.\u201d Este principio se mantiene hasta que la sentencia condenatoria est\u00e9 firme y en consecuencia la ley, no impone una pena anticipada.<\/p>\n<p><em><strong>Consideraron as\u00ed que la ley es una reglamentaci\u00f3n v\u00e1lida del derecho a ser elegido, amparada por la Constituci\u00f3n Nacional, la Constituci\u00f3n de Salta y los tratados internacionales sobre derechos humanos.<\/strong><\/em><\/p>\n<p>La Corte reconoci\u00f3 la tensi\u00f3n entre la presunci\u00f3n de inocencia y la necesidad de proteger la moralidad en la funci\u00f3n p\u00fablica, concluyendo que la limitaci\u00f3n al derecho a ser elegido impuesta por la ley se justifica por un inter\u00e9s p\u00fablico superior.<\/p>\n<p>El pronunciamiento resalt\u00f3 la importancia de la idoneidad, incluyendo la idoneidad moral, como requisito para acceder a la funci\u00f3n p\u00fablica. La ley busca asegurar que los candidatos a cargos p\u00fablicos tengan las condiciones \u00e9ticas necesarias para ejercer el mandato. Respecto del cuestionamiento sobre una eventual doble sanci\u00f3n contenida en la ley la Corte record\u00f3 que solo se define un requisito para acceder a las candidaturas.<\/p>\n<p><img loading=\"lazy\" decoding=\"async\" class=\"alignnone wp-image-5026 size-full\" src=\"https:\/\/cafeprensa.com.ar\/wp-content\/uploads\/2024\/12\/multimedia.normal.81a7751a8314047a.636975646164206a7564696369616c5f6e6f726d616c2e6a7067.jpg\" alt=\"\" width=\"620\" height=\"330\" srcset=\"https:\/\/cafeprensa.com.ar\/wp-content\/uploads\/2024\/12\/multimedia.normal.81a7751a8314047a.636975646164206a7564696369616c5f6e6f726d616c2e6a7067.jpg 620w, https:\/\/cafeprensa.com.ar\/wp-content\/uploads\/2024\/12\/multimedia.normal.81a7751a8314047a.636975646164206a7564696369616c5f6e6f726d616c2e6a7067-300x160.jpg 300w\" sizes=\"auto, (max-width: 620px) 100vw, 620px\" \/><\/p>\n<p>As\u00ed, la ley de ficha limpia ha obtenido el respaldo del Poder Judicial lo que fortalece su aplicaci\u00f3n.<\/p>\n<\/div>\n<\/div>\n<\/article>\n<\/div>\n","protected":false},"excerpt":{"rendered":"<p>Las personas condenadas y con sentencia firme en segunda instancia no podr\u00e1n ser candidatos a cargos provinciales o municipales confirm\u00f3 al rechazar un recurso de inconstitucionalidad. La acci\u00f3n de inconstitucionalidad contra la ley de Ficha Limpia hab\u00eda sido promovida, entre otros argumentos, se\u00f1alando que la ley violaba el principio de cosa juzgada y el principio &hellip;<\/p>\n","protected":false},"author":2,"featured_media":5026,"comment_status":"open","ping_status":"open","sticky":false,"template":"","format":"standard","meta":{"footnotes":""},"categories":[54,33],"tags":[1097,96],"class_list":["post-5023","post","type-post","status-publish","format-standard","has-post-thumbnail","hentry","category-interes-ganeral","category-nacionales","tag-ficha-limpia","tag-salta"],"_links":{"self":[{"href":"https:\/\/cafeprensa.com.ar\/index.php\/wp-json\/wp\/v2\/posts\/5023","targetHints":{"allow":["GET"]}}],"collection":[{"href":"https:\/\/cafeprensa.com.ar\/index.php\/wp-json\/wp\/v2\/posts"}],"about":[{"href":"https:\/\/cafeprensa.com.ar\/index.php\/wp-json\/wp\/v2\/types\/post"}],"author":[{"embeddable":true,"href":"https:\/\/cafeprensa.com.ar\/index.php\/wp-json\/wp\/v2\/users\/2"}],"replies":[{"embeddable":true,"href":"https:\/\/cafeprensa.com.ar\/index.php\/wp-json\/wp\/v2\/comments?post=5023"}],"version-history":[{"count":2,"href":"https:\/\/cafeprensa.com.ar\/index.php\/wp-json\/wp\/v2\/posts\/5023\/revisions"}],"predecessor-version":[{"id":5028,"href":"https:\/\/cafeprensa.com.ar\/index.php\/wp-json\/wp\/v2\/posts\/5023\/revisions\/5028"}],"wp:featuredmedia":[{"embeddable":true,"href":"https:\/\/cafeprensa.com.ar\/index.php\/wp-json\/wp\/v2\/media\/5026"}],"wp:attachment":[{"href":"https:\/\/cafeprensa.com.ar\/index.php\/wp-json\/wp\/v2\/media?parent=5023"}],"wp:term":[{"taxonomy":"category","embeddable":true,"href":"https:\/\/cafeprensa.com.ar\/index.php\/wp-json\/wp\/v2\/categories?post=5023"},{"taxonomy":"post_tag","embeddable":true,"href":"https:\/\/cafeprensa.com.ar\/index.php\/wp-json\/wp\/v2\/tags?post=5023"}],"curies":[{"name":"wp","href":"https:\/\/api.w.org\/{rel}","templated":true}]}}